{"id":164214,"date":"2025-12-22T05:13:09","date_gmt":"2025-12-22T05:13:09","guid":{"rendered":"https:\/\/www.europesays.com\/pl\/164214\/"},"modified":"2025-12-22T05:13:09","modified_gmt":"2025-12-22T05:13:09","slug":"nicola-zalewski-bohaterem-atalanty-i-to-w-jakim-momencie-przeglad-sportowy-onet","status":"publish","type":"post","link":"https:\/\/www.europesays.com\/pl\/164214\/","title":{"rendered":"Nicola Zalewski bohaterem Atalanty. I to w jakim momencie! &#8211; Przegl\u0105d Sportowy Onet"},"content":{"rendered":"<ol>\n<li><a href=\"https:\/\/news.google.com\/rss\/articles\/CBMiuAFBVV95cUxPSnhjUkxBYnE5bUZaOWhMSmdIS0lkYmtRVlNPRlpJeElsYmYxbHJPNXRXOHpNcGR6YVNab2Y2a0RQYWdpRWV2S1pCQVRMbU9rMEk3em9YbnVSb3M4MTRjY1h0bjk4blAzVy1TSXVMekdpbjJjQ2dJSExGVjNUd01wN0E0eHM0VFVCd2VvOV94cUZ2eHFxaFFhb3NSSWJmX1c2XzN3Ulg4WU9GWm9SSFJfX0tqMlRyMHJJ?oc=5\" target=\"_blank\" rel=\"nofollow noopener\">Nicola Zalewski bohaterem Atalanty. I to w jakim momencie!<\/a>&nbsp;&nbsp;Przegl\u0105d Sportowy Onet<\/li>\n<li><a href=\"https:\/\/news.google.com\/rss\/articles\/CBMivgFBVV95cUxOMnlMLXNHY1Nhdy1JckRFUEFqWVFHNXh4YmZZVzg2cWlneWswem1MUUx4TG1GMDh2VXVOc3JzZ3cycXA2QmIzelBrX3h5NnVZMXpSLUE1SUdVS05KcHhGbGJ6eGh1TzJTeGt0MlJpZmZJdWo5ZnBlYTJ3NXZZa0Z0R0VLRS1qQmp6SkxvSGlGSzFNQnVqT3lqczNlZ1FKMndlUFdRYnBpd0Z4ZVA5cUd0UTEyNUZDU0dEMFFsbmZR?oc=5\" target=\"_blank\" rel=\"nofollow noopener\">Nicola Zalewski wszed\u0142 i asystowa\u0142. Atalanta ostatkiem si\u0142 unikn\u0119\u0142a wpadki<\/a>&nbsp;&nbsp;SportoweFakty<\/li>\n<li><a href=\"https:\/\/news.google.com\/rss\/articles\/CBMiogFBVV95cUxNVEM2SXFYNmRfaFNweXMzQXRJRTY3WlZ5LU9ad0kybzJBNFRTd3BQdTcyX2U5aXNIcm0wRDlFMUUxN04xZ2RFTWpfVVlDMjVSY0FpekRkcHBDM3pvNUZsYk1oSm9LWWM0endWQWR0Vi1fdjBjWEVvRTVZYmlKcXRLaU9xbXBETUEyMzFzLWl1M09JWmFnS3FCZ3BXcF9RUmlGNkE?oc=5\" target=\"_blank\" rel=\"nofollow noopener\">To by\u0142a 94. minuta meczu. Zalewski bohaterem Atalanty!<\/a>&nbsp;&nbsp;Sport.pl<\/li>\n<li><a href=\"https:\/\/news.google.com\/rss\/articles\/CBMizgFBVV95cUxOREs4enhVaHRhT2ptMEhDTklydTRnem9wdlVHeHg5TjYwNG1rMVRXMGhNV2pPZWgwTFBjLTFVSWdvVDFWR0FXSzlaMjk4elhKdFBja1Jpb3BJSF9HUEVUS3drLTBSR2ppSXRxcGZ5Rl8xNlpCRWM1bWJhejlLUlR5Zy1GcWZPa0ptd1lZNEx1bDVfQUJ0Znhkc3UyVWN0NG9GS2NDZURwZWkxM3lSQUxPSFQzcDRFODlJd0hHSHBfSmJsdVllS2RoVzFJdjdEUQ?oc=5\" target=\"_blank\" rel=\"nofollow noopener\">Futbol Flash: Barcelona trzyma fotel, efektowne otwarcie Maroka, Zalewski ratuje Atalant\u0119<\/a>&nbsp;&nbsp;Wyniki na \u017cywo<\/li>\n<li><a href=\"https:\/\/news.google.com\/rss\/articles\/CBMi0gFBVV95cUxOWFJnWWktbmVBSjdGenRrb0lGYzRGMVo5aVhPMEpsQURqM29WbGd3Y2lqREN3QURydlpGZHdObkgyTktTVkNCdWNCdDJWczF4V2tqUW5ZZmJXZW5yMnFDbFFDR2NGZHFER0FpVHpOUUlJSUpRMU1OdkJ6SERvQTZMZkFTSVBLVi03VkkxQUJFUzBlZGtQZlVsRkZhaXlMTVNTY1dtZk1ST0VEOGZIY1E0MlY5dG0tZjZya25IOW1TZndjUzZtdEVWNVFiQlBtcWJuaUE?oc=5\" target=\"_blank\" rel=\"nofollow noopener\">Zalewski wys\u0142a\u0142 trenerowi sygna\u0142. Wielkie wej\u015bcie z \u0142awki. Polak bohaterem<\/a>&nbsp;&nbsp;Sport w INTERIA.PL<\/li>\n<\/ol>\n","protected":false},"excerpt":{"rendered":"Nicola Zalewski bohaterem Atalanty. I to w jakim momencie!&nbsp;&nbsp;Przegl\u0105d Sportowy Onet Nicola Zalewski wszed\u0142 i asystowa\u0142. Atalanta ostatkiem&hellip;\n","protected":false},"author":2,"featured_media":164215,"comment_status":"","ping_status":"","sticky":false,"template":"","format":"standard","meta":{"footnotes":""},"categories":[24],"tags":[909,67,746,4081,42,38,40,39,41,136,128,47,4079,127,135,126,130],"class_list":{"0":"post-164214","1":"post","2":"type-post","3":"status-publish","4":"format-standard","5":"has-post-thumbnail","7":"category-sport","8":"tag-atalanta","9":"tag-intextvideo_splayer","10":"tag-lysy","11":"tag-nicola_zalewski","12":"tag-pl","13":"tag-poland","14":"tag-polish","15":"tag-polska","16":"tag-polski","17":"tag-ps_detal_new","18":"tag-psv2","19":"tag-screening_general","20":"tag-serie_a","21":"tag-sport","22":"tag-sport_sport","23":"tag-sports","24":"tag-wiadomosci_sportowe"},"share_on_mastodon":{"url":"https:\/\/pubeurope.com\/@pl\/115761512628947800","error":""},"_links":{"self":[{"href":"https:\/\/www.europesays.com\/pl\/wp-json\/wp\/v2\/posts\/164214","targetHints":{"allow":["GET"]}}],"collection":[{"href":"https:\/\/www.europesays.com\/pl\/wp-json\/wp\/v2\/posts"}],"about":[{"href":"https:\/\/www.europesays.com\/pl\/wp-json\/wp\/v2\/types\/post"}],"author":[{"embeddable":true,"href":"https:\/\/www.europesays.com\/pl\/wp-json\/wp\/v2\/users\/2"}],"replies":[{"embeddable":true,"href":"https:\/\/www.europesays.com\/pl\/wp-json\/wp\/v2\/comments?post=164214"}],"version-history":[{"count":0,"href":"https:\/\/www.europesays.com\/pl\/wp-json\/wp\/v2\/posts\/164214\/revisions"}],"wp:featuredmedia":[{"embeddable":true,"href":"https:\/\/www.europesays.com\/pl\/wp-json\/wp\/v2\/media\/164215"}],"wp:attachment":[{"href":"https:\/\/www.europesays.com\/pl\/wp-json\/wp\/v2\/media?parent=164214"}],"wp:term":[{"taxonomy":"category","embeddable":true,"href":"https:\/\/www.europesays.com\/pl\/wp-json\/wp\/v2\/categories?post=164214"},{"taxonomy":"post_tag","embeddable":true,"href":"https:\/\/www.europesays.com\/pl\/wp-json\/wp\/v2\/tags?post=164214"}],"curies":[{"name":"wp","href":"https:\/\/api.w.org\/{rel}","templated":true}]}}