{"id":164255,"date":"2025-12-22T06:00:11","date_gmt":"2025-12-22T06:00:11","guid":{"rendered":"https:\/\/www.europesays.com\/pl\/164255\/"},"modified":"2025-12-22T06:00:11","modified_gmt":"2025-12-22T06:00:11","slug":"piecmorgi-auto-bez-kierowcy-spadlo-z-wiaduktu-na-tory-pozniej-uderzyl-w-nie-pociag","status":"publish","type":"post","link":"https:\/\/www.europesays.com\/pl\/164255\/","title":{"rendered":"Pi\u0119\u0107morgi: Auto bez kierowcy spad\u0142o z wiaduktu na tory. P\u00f3\u017aniej uderzy\u0142 w nie poci\u0105g"},"content":{"rendered":"<p>                    &#13;<br \/>\n                &#13;<br \/>\n                                &#13;<br \/>\n                 &#13;<br \/>\n                                &#13;<br \/>\n                 &#13;<br \/>\n                                &#13;<br \/>\n                 &#13;<\/p>\n<p>&#13;<br \/>\n                                                            Tajemniczy wypadek na torach. Poci\u0105g uderzy\u0142 w auto, kt\u00f3re spad\u0142o z wiaduktu&#13;\n                                                <\/p>\n<p>&#13;<br \/>\n                 &#13;<\/p>\n<ul>\n<li>\n<p>\n                        36 minut temu                         <br \/>Aktualizacja: 5 minut temu                                            <\/p>\n<p>                                  <img decoding=\"async\" itemprop=\"image\" style=\"display:none;\" src=\"https:\/\/www.europesays.com\/pl\/wp-content\/uploads\/2025\/12\/000M3XLQJPVE9654-C316.webp.webp\" alt=\"Auto osobowe spad\u0142o z wiaduktu na lini\u0119 kolejow\u0105 w miejscowo\u015bci Pi\u0119\u0107morgi w powiecie \u015bwieckim (woj. kujawsko-pomorskie). P\u00f3\u017aniej uderzy\u0142 w nie sk\u0142ad Intercity relacji Gdynia-Bydgoszcz. W osob\u00f3wce nie odnaleziono kierowcy. Informacj\u0119 o tym zdarzeniu dostali\u015bmy na Gor\u0105c\u0105 Lini\u0119 RMF FM. \" title=\"Tajemniczy wypadek na torach. Poci\u0105g uderzy\u0142 w auto, kt\u00f3re spad\u0142o z wiaduktu - Polska\"\/><\/p>\n<p class=\"article-lead\">Auto osobowe spad\u0142o z wiaduktu na lini\u0119 kolejow\u0105 w miejscowo\u015bci Pi\u0119\u0107morgi w powiecie \u015bwieckim (woj. kujawsko-pomorskie). P\u00f3\u017aniej uderzy\u0142 w nie sk\u0142ad Intercity relacji Gdynia-Bydgoszcz. W osob\u00f3wce nie odnaleziono kierowcy. Informacj\u0119 o tym zdarzeniu dostali\u015bmy na Gor\u0105c\u0105 Lini\u0119 RMF FM. <\/p>\n<p>                         &#13;<br \/>\n        &#13;<\/p>\n<p>                                        &#13;<br \/>\n                        &#13;<br \/>\n                            <img decoding=\"async\" src=\"https:\/\/www.europesays.com\/pl\/wp-content\/uploads\/2025\/12\/000M3XLQJPVE9654-C123-F4.jpg\" title=\"Tajemniczy wypadek na torach. Poci\u0105g uderzy\u0142 w auto, kt\u00f3re spad\u0142o z wiaduktu\" alt=\"Tajemniczy wypadek na torach. Poci\u0105g uderzy\u0142 w auto, kt\u00f3re spad\u0142o z wiaduktu\" class=\"img-responsive\"\/>&#13;<\/p>\n<p>                            &#13;<\/p>\n<p>      &#13;<br \/>\n                            Zdj. ilustracyjne&#13;<br \/>\n                                    \/fotoreporter_112 \/Shutterstock  &#13;\n                                    <\/p>\n<p>&#13;<\/p>\n<p>Jak dowiedzieli si\u0119 dziennikarze RMF FM, poci\u0105giem podr\u00f3\u017cowa\u0142y 72 osoby. Jedna z\u00a0nich ucierpia\u0142a, ale po przebadaniu przez zesp\u00f3\u0142 ratownictwa odm\u00f3wi\u0142a transportu do szpitala.\u00a0<\/p>\n<p>Do wypadku dosz\u0142o na linii kolejowej Laskowice Pomorskie &#8211; Warlubie. Jak poda\u0142a Komenda Wojew\u00f3dzka Pa\u0144stwowej Stra\u017cy Po\u017carnej w\u00a0Toruniu, na miejscu dzia\u0142a\u0142o 5 zast\u0119p\u00f3w stra\u017cy po\u017carnej.\u00a0<\/p>\n<p>Wypadek spowodowa\u0142 zmiany w\u00a0kursowaniu poci\u0105g\u00f3w. Jak dowiedzia\u0142 si\u0119 reporter RMF FM Kacper Wr\u00f3blewski, auto uszkodzi\u0142o trzy s\u0142upy sieci trakcyjnej. Nie wiadomo, jak d\u0142ugo potrwaj\u0105 prace naprawcze.<\/p>\n<p>                    <a href=\"https:\/\/www.rmf24.pl\/regiony\/warszawa\/news-ogien-pojawil-sie-na-poddaszu-nocny-pozar-domu-niedaleko-pia,nId,8052688\" rel=\"nofollow noopener\" target=\"_blank\">Ogie\u0144 pojawi\u0142 si\u0119 na poddaszu. Nocny po\u017car domu niedaleko Piaseczna<\/a><\/p>\n<\/li>\n<li>\n<\/li>\n<\/ul>\n<p>Dalsza cz\u0119\u015b\u0107 artyku\u0142u pod materia\u0142em video:<\/p>\n","protected":false},"excerpt":{"rendered":"&#13; &#13; &#13; &#13; &#13; &#13; &#13; &#13; &#13; Tajemniczy wypadek na torach. Poci\u0105g uderzy\u0142 w auto, kt\u00f3re&hellip;\n","protected":false},"author":2,"featured_media":164256,"comment_status":"","ping_status":"","sticky":false,"template":"","format":"standard","meta":{"footnotes":""},"categories":[12],"tags":[32,33,36,37,27,34,35,28,31,25,42,38,40,39,41,29,30,26],"class_list":{"0":"post-164255","1":"post","2":"type-post","3":"status-publish","4":"format-standard","5":"has-post-thumbnail","7":"category-polska","8":"tag-breaking-news","9":"tag-breakingnews","10":"tag-featured-news","11":"tag-featurednews","12":"tag-headlines","13":"tag-latest-news","14":"tag-latestnews","15":"tag-naglowki","16":"tag-najwazniejsze-artykuly","17":"tag-news","18":"tag-pl","19":"tag-poland","20":"tag-polish","21":"tag-polska","22":"tag-polski","23":"tag-top-stories","24":"tag-topstories","25":"tag-wiadomosci"},"share_on_mastodon":{"url":"https:\/\/pubeurope.com\/@pl\/115761697787394231","error":""},"_links":{"self":[{"href":"https:\/\/www.europesays.com\/pl\/wp-json\/wp\/v2\/posts\/164255","targetHints":{"allow":["GET"]}}],"collection":[{"href":"https:\/\/www.europesays.com\/pl\/wp-json\/wp\/v2\/posts"}],"about":[{"href":"https:\/\/www.europesays.com\/pl\/wp-json\/wp\/v2\/types\/post"}],"author":[{"embeddable":true,"href":"https:\/\/www.europesays.com\/pl\/wp-json\/wp\/v2\/users\/2"}],"replies":[{"embeddable":true,"href":"https:\/\/www.europesays.com\/pl\/wp-json\/wp\/v2\/comments?post=164255"}],"version-history":[{"count":0,"href":"https:\/\/www.europesays.com\/pl\/wp-json\/wp\/v2\/posts\/164255\/revisions"}],"wp:featuredmedia":[{"embeddable":true,"href":"https:\/\/www.europesays.com\/pl\/wp-json\/wp\/v2\/media\/164256"}],"wp:attachment":[{"href":"https:\/\/www.europesays.com\/pl\/wp-json\/wp\/v2\/media?parent=164255"}],"wp:term":[{"taxonomy":"category","embeddable":true,"href":"https:\/\/www.europesays.com\/pl\/wp-json\/wp\/v2\/categories?post=164255"},{"taxonomy":"post_tag","embeddable":true,"href":"https:\/\/www.europesays.com\/pl\/wp-json\/wp\/v2\/tags?post=164255"}],"curies":[{"name":"wp","href":"https:\/\/api.w.org\/{rel}","templated":true}]}}