{"id":164269,"date":"2025-12-22T06:09:08","date_gmt":"2025-12-22T06:09:08","guid":{"rendered":"https:\/\/www.europesays.com\/pl\/164269\/"},"modified":"2025-12-22T06:09:08","modified_gmt":"2025-12-22T06:09:08","slug":"robert-lewandowski-klamie-nam-w-zywe-oczy-klopoty-zaczynaja-sie-pietrzyc","status":"publish","type":"post","link":"https:\/\/www.europesays.com\/pl\/164269\/","title":{"rendered":"Robert Lewandowski k\u0142amie nam w \u017cywe oczy. K\u0142opoty zaczynaj\u0105 si\u0119 pi\u0119trzy\u0107"},"content":{"rendered":"<p class=\"Paragraph_desktopParagraph__Fd2e9\">Tak zreszt\u0105 wygl\u0105da\u0142 ca\u0142y grudzie\u0144 w jego wykonaniu. W\u0142a\u015bnie mija miesi\u0105c od ostatniego gola. Posucha wynosi \u0142\u0105cznie 344 minut, bo od ostatniego trafienia cz\u0119\u015bciej nie gra\u0142, ni\u017c gra\u0142 (43 proc. z 806 mo\u017cliwych minut).<\/p>\n<p class=\"Paragraph_desktopParagraph__Fd2e9\">Post Lewandowskiego po meczu z Villarrealem:<\/p>\n<p class=\"Paragraph_desktopParagraph__Fd2e9\">Kolejny mecz Barcelona rozegra 3 stycznia, wi\u0119c Lewandowski zako\u0144czy grudzie\u0144 bez ani jednego trafienia. Bior\u0105c pod uwag\u0119 miesi\u0105ce, w kt\u00f3rych rozegra\u0142 co najmniej 90 minut, taka sytuacja przytrafia mu si\u0119 dopiero drugi raz w ostatnich 10 latach. W pozosta\u0142ych, nawet gdy wyst\u0119powa\u0142 tylko w reprezentacji Polski (te mecze te\u017c uwzgl\u0119dniamy), wpisywa\u0142 si\u0119 na list\u0119 strzelc\u00f3w co najmniej raz.<\/p>\n<p class=\"Paragraph_desktopParagraph__Fd2e9\">Lewandowski zablokowany, po chwili Yamal ustala wynik spotkania na 2:0 dla Barcelony:<\/p>\n<p class=\"Paragraph_desktopParagraph__Fd2e9\">Pierwszym i do tej pory jedynym miesi\u0105cem, kt\u00f3ry zako\u0144czy\u0142 bez ani jednego trafienia, by\u0142 marzec 2023 r. Dwa pierwsze mecze opu\u015bci\u0142 z powodu kontuzji, a w czterech nast\u0119pnych gra\u0142 od deski do deski. Na niewiele si\u0119 to zda\u0142o, bo po jego uderzeniach nie skapitulowali bramkarze kolejno Athleticu Bilbao, Realu Madryt, reprezentacji Czech i Albanii. Lewandowski powetowa\u0142 sobie to pierwszego dnia kolejnego miesi\u0105ca, trafiaj\u0105c dwa razy przeciwko Elche.<\/p>\n<p class=\"Paragraph_desktopParagraph__Fd2e9\">To oczywi\u015bcie wci\u0105\u017c tylko ciekawostka, bo Lewandowski miewa\u0142 ju\u017c d\u0142u\u017csze passy bez gola w Barcelonie, kt\u00f3re zaczyna\u0142y si\u0119 w jednym, a ko\u0144czy\u0142y w drugim miesi\u0105cu. Jednak do strzeleckiej posuchy dok\u0142adaj\u0105c coraz cz\u0119stsze urazy, nie wygl\u0105da to wszystko optymistycznie w kontek\u015bcie przed\u0142u\u017cenia kontraktu.<\/p>\n<p>Robert Lewandowski tylko bezradnie patrzy\u0142<\/p>\n<p class=\"Paragraph_desktopParagraph__Fd2e9\">A przecie\u017c niedzielny mecz wydawa\u0142 si\u0119 wymarzony, by odwr\u00f3ci\u0107 z\u0142\u0105 kart\u0119. Przez ponad godzin\u0119 starcia z Villarrealem Lewandowski m\u00f3g\u0142 si\u0119 denerwowa\u0107, \u017ce nie ma go na boisku. Ferran Torres by\u0142 kompletnie niewidoczny, nadarza\u0142a si\u0119 wi\u0119c kapitalna okazja, by zab\u0142ysn\u0105\u0107 na jego tle.<\/p>\n<p class=\"Paragraph_desktopParagraph__Fd2e9\">I ju\u017c po niespe\u0142na minucie od wej\u015bcia na boisko stan\u0105\u0142 przed szans\u0105 prze\u0142amania z\u0142ej passy. Jego strza\u0142 po do\u015b\u0107 przypadkowym podaniu Frenkiego de Jonga zosta\u0142 jednak zablokowany, a przy dobitce no\u017cycami nie trafi\u0142 w pi\u0142k\u0119. Wi\u0119cej okazji do zatrudnienia bramkarza rywali ju\u017c nie mia\u0142.<\/p>\n<p class=\"Paragraph_desktopParagraph__Fd2e9\">Polak b\u0142ysn\u0105\u0142 jeszcze w 78. minucie, gdy przytomnie zagra\u0142 do de Jonga i zosta\u0142 sfaulowany. S\u0119dzia pu\u015bci\u0142 gr\u0119, Holender uruchomi\u0142 Marcusa Rashforda, a ten strzeli\u0142 zbyt lekko, \u017ceby podwy\u017cszy\u0107 na 3:0. I to by by\u0142o na tyle.<\/p>\n<p class=\"Paragraph_desktopParagraph__Fd2e9\">Mog\u0142o by\u0107 3:0. Rashford nie trafia po akcji z Raphinh\u0105 i Lewandowskim:<\/p>\n<p class=\"Paragraph_desktopParagraph__Fd2e9\">Na obron\u0119 Lewandowskiego przemawia fakt, \u017ce ka\u017cdemu trudno by\u0142oby co\u015b wsk\u00f3ra\u0107, gdyby przez 18 z 19 minut pobytu na boisku (plus czas doliczony) kolegom nie zale\u017ca\u0142o ju\u017c na forsowaniu tempa. Po strzeleniu gola na 2:0 Barcelona ewidentnie spu\u015bci\u0142a z tonu, chc\u0105c doko\u0144czy\u0107 to spotkanie jak najmniejszym nak\u0142adem si\u0142.<\/p>\n<p class=\"Paragraph_desktopParagraph__Fd2e9\">Nie ma si\u0119 co jednak czarowa\u0107, \u017ce takimi wyst\u0119pami Lewandowski przybli\u017cy si\u0119 do przed\u0142u\u017cenia kontraktu. Nawet je\u015bli rok ko\u0144czy z nosem spuszczonym na kwint\u0119 \u2014 cho\u0107 na podstawie jego konta na Instagramie mo\u017cna wysnu\u0107 inny wniosek \u2014 to ju\u017c niebawem b\u0119dzie mia\u0142 szans\u0119 si\u0119 odku\u0107. I to z nawi\u0105zk\u0105. W styczniu Barcelon\u0119 czeka od siedmiu a\u017c do dziewi\u0119ciu mecz\u00f3w, wi\u0119c b\u0119dzie a\u017c nadto okazji do wykazania si\u0119.<\/p>\n<p>Rywale Lewandowskiego nie odpuszczaj\u0105<\/p>\n<p class=\"Paragraph_desktopParagraph__Fd2e9\">Jakby tego by\u0142o ma\u0142o, nied\u0142ugo po zako\u0144czeniu meczu dotar\u0142y do niego niepomy\u015blne wie\u015bci z Niemiec. Harry Kane zdoby\u0142 ju\u017c 19. bramk\u0119 w 15. meczu Bundesligi. Je\u015bli b\u0119dzie strzela\u0142 z tak\u0105 regularno\u015bci\u0105, pobije rekord Lewandowskiego w liczbie goli w jednym sezonie tych rozgrywek (41).<\/p>\n<p class=\"Paragraph_desktopParagraph__Fd2e9\">A jeszcze w trakcie spotkania w miejscowo\u015bci Vila-real Polak musia\u0142 nerwowo zerka\u0107 na muraw\u0119, gdy do rzutu karnego sposobi\u0142 si\u0119 Raphinha. Od niewykorzystanej przez Lewandowskiego &#8222;jedenastki&#8221; z Atletico Madryt na pocz\u0105tku grudnia Barcelona dosta\u0142a dwa karne. Przeciwko Realowi Betis noga nie zadr\u017ca\u0142a Lamine&#8217;owi Yamalowi, podobnie jak w niedziel\u0119 Brazylijczykowi.<\/p>\n<p class=\"Paragraph_desktopParagraph__Fd2e9\">Post Lewandowskiego po meczu z Atletico:<\/p>\n<p class=\"Paragraph_desktopParagraph__Fd2e9\">W obu przypadkach Lewandowskiego nie by\u0142o na boisku, nie wiadomo wi\u0119c, czy po przestrzeleniu dw\u00f3ch &#8222;jedenastek&#8221; w tym sezonie to Polak nadal jest ich podstawowym egzekutorem. Gdyby okaza\u0142o si\u0119, \u017ce jednak nie, straci\u0142by kolejny argument za pozostaniem na Camp Nou.<\/p>\n","protected":false},"excerpt":{"rendered":"Tak zreszt\u0105 wygl\u0105da\u0142 ca\u0142y grudzie\u0144 w jego wykonaniu. W\u0142a\u015bnie mija miesi\u0105c od ostatniego gola. Posucha wynosi \u0142\u0105cznie 344&hellip;\n","protected":false},"author":2,"featured_media":164270,"comment_status":"","ping_status":"","sticky":false,"template":"","format":"standard","meta":{"footnotes":""},"categories":[24],"tags":[3106,303,67,2051,11744,42,38,40,39,41,136,128,300,47,127,135,126,130],"class_list":{"0":"post-164269","1":"post","2":"type-post","3":"status-publish","4":"format-standard","5":"has-post-thumbnail","7":"category-sport","8":"tag-dzis_pisza_dla_was","9":"tag-fc_barcelona","10":"tag-intextvideo_splayer","11":"tag-laliga","12":"tag-ogor","13":"tag-pl","14":"tag-poland","15":"tag-polish","16":"tag-polska","17":"tag-polski","18":"tag-ps_detal_new","19":"tag-psv2","20":"tag-robert_lewandowski","21":"tag-screening_general","22":"tag-sport","23":"tag-sport_sport","24":"tag-sports","25":"tag-wiadomosci_sportowe"},"share_on_mastodon":{"url":"https:\/\/pubeurope.com\/@pl\/115761732876230020","error":""},"_links":{"self":[{"href":"https:\/\/www.europesays.com\/pl\/wp-json\/wp\/v2\/posts\/164269","targetHints":{"allow":["GET"]}}],"collection":[{"href":"https:\/\/www.europesays.com\/pl\/wp-json\/wp\/v2\/posts"}],"about":[{"href":"https:\/\/www.europesays.com\/pl\/wp-json\/wp\/v2\/types\/post"}],"author":[{"embeddable":true,"href":"https:\/\/www.europesays.com\/pl\/wp-json\/wp\/v2\/users\/2"}],"replies":[{"embeddable":true,"href":"https:\/\/www.europesays.com\/pl\/wp-json\/wp\/v2\/comments?post=164269"}],"version-history":[{"count":0,"href":"https:\/\/www.europesays.com\/pl\/wp-json\/wp\/v2\/posts\/164269\/revisions"}],"wp:featuredmedia":[{"embeddable":true,"href":"https:\/\/www.europesays.com\/pl\/wp-json\/wp\/v2\/media\/164270"}],"wp:attachment":[{"href":"https:\/\/www.europesays.com\/pl\/wp-json\/wp\/v2\/media?parent=164269"}],"wp:term":[{"taxonomy":"category","embeddable":true,"href":"https:\/\/www.europesays.com\/pl\/wp-json\/wp\/v2\/categories?post=164269"},{"taxonomy":"post_tag","embeddable":true,"href":"https:\/\/www.europesays.com\/pl\/wp-json\/wp\/v2\/tags?post=164269"}],"curies":[{"name":"wp","href":"https:\/\/api.w.org\/{rel}","templated":true}]}}