{"id":164456,"date":"2025-12-22T08:23:12","date_gmt":"2025-12-22T08:23:12","guid":{"rendered":"https:\/\/www.europesays.com\/pl\/164456\/"},"modified":"2025-12-22T08:23:12","modified_gmt":"2025-12-22T08:23:12","slug":"sylwester-z-dwojka-2025-pod-spodkiem-sting-gwiazda-wieczoru-tvp-stawia-na-katowice","status":"publish","type":"post","link":"https:\/\/www.europesays.com\/pl\/164456\/","title":{"rendered":"Sylwester z Dw\u00f3jk\u0105 2025 pod Spodkiem. Sting gwiazd\u0105 wieczoru, TVP stawia na Katowice"},"content":{"rendered":"<p class=\"Paragraph_desktopParagraph__U31Gm\">Telewizja Polska po raz kolejny stawia na \u015al\u0105sk. Tegoroczny &#8222;<a href=\"https:\/\/plejada.pl\/temat\/sylwester-z-dwojka\/r6m4kj8\" id=\"1dec1004-b326-4421-bb80-425fbbbe3dc6\" rel=\"nofollow noopener\" target=\"_blank\">Sylwester z Dw\u00f3jk\u0105<\/a>&#8221; odb\u0119dzie si\u0119 31 grudnia w Katowicach, tu\u017c obok s\u0142ynnej hali Spodek. Najwi\u0119ksz\u0105 atrakcj\u0105 wieczoru b\u0119dzie wyst\u0119p <a href=\"https:\/\/plejada.pl\/temat\/sting-muzyk-gordon-matthew-thomas-sumner\/pjrfs0m\" id=\"2ee7425e-4757-48ef-ba97-02ad8577481c\" rel=\"nofollow noopener\" target=\"_blank\">Stinga<\/a>, ale na scenie pojawi\u0105 si\u0119 tak\u017ce m.in. Ich Troje, <a href=\"https:\/\/plejada.pl\/temat\/maryla-rodowicz-artystka\/wmdf87s\" id=\"8b351b8e-5ceb-4099-9c99-8a52f4440c88\" rel=\"nofollow noopener\" target=\"_blank\">Maryla Rodowicz<\/a>, Doda, Cleo, Feel, Viki Gabor, Malik Montana czy Blanka. Impreza rozpocznie si\u0119 o godz. 19.50 i potrwa do p\u00f3\u017anych godzin nocnych. Ca\u0142o\u015b\u0107 b\u0119dzie transmitowana na antenie TVP2 oraz w serwisie TVP VOD. Patronem wydarzenia s\u0105 serwisy Onet i Onet Plejada.<\/p>\n<ul class=\"OchatFollowUps_wrapper__1ry7X\">\n<li class=\"OchatFollowUps_item__Dhyly OchatFollowUps_itemDesktop__R6aBv\">Gdzie odb\u0119dzie si\u0119 Sylwester z Dw\u00f3jk\u0105 2025?<\/li>\n<li class=\"OchatFollowUps_item__Dhyly OchatFollowUps_itemDesktop__R6aBv\">Kto wyst\u0105pi na tegorocznym Sylwestrze?<\/li>\n<li class=\"OchatFollowUps_item__Dhyly OchatFollowUps_itemDesktop__R6aBv\">O kt\u00f3rej godzinie zaczyna si\u0119 impreza?<\/li>\n<li class=\"OchatFollowUps_item__Dhyly OchatFollowUps_itemDesktop__R6aBv\">Jakie b\u0119dzie wst\u0119p na Sylwestra z Dw\u00f3jk\u0105?<\/li>\n<\/ul>\n<p>Bez bilet\u00f3w, z gwiazdami \u2014 TVP2 zaprasza na sylwestra wszystkich <\/p>\n<p class=\"Paragraph_desktopParagraph__U31Gm\">Podobnie jak w ubieg\u0142ym roku, kiedy sylwestrowa scena stan\u0119\u0142a na Stadionie \u015al\u0105skim w Chorzowie, tak\u017ce i tym razem wst\u0119p na wydarzenie jest bezp\u0142atny. Katowicki Spodek i przyleg\u0142y plac S\u0142awika i Antalla zamieni\u0105 si\u0119 w centrum noworocznej zabawy, do kt\u00f3rej TVP2 zaprasza mieszka\u0144c\u00f3w ca\u0142ego regionu \u2014 i nie tylko.<\/p>\n<p>Kto wyst\u0105pi podczas &#8222;Sylwestra z Dw\u00f3jk\u0105&#8221; 2025? <\/p>\n<p class=\"Paragraph_desktopParagraph__U31Gm\">Organizatorzy zapowiadaj\u0105 jeden z najwi\u0119kszych koncert\u00f3w plenerowych tego roku. W\u015br\u00f3d og\u0142oszonych artyst\u00f3w znale\u017ali si\u0119 zar\u00f3wno przedstawiciele m\u0142odego pokolenia, jak i legendy polskiej piosenki. Na katowickiej scenie zobaczymy ponad 30 gwiazd, w\u015br\u00f3d nich: Kaeyr\u0119, Ich Troje, Maryl\u0119 Rodowicz, Dod\u0119, Justyn\u0119 Steczkowsk\u0105, Kayah, Piersi, Zesp\u00f3\u0142 \u015al\u0105sk, Piotra Kupich\u0119 i Feel, Oskara Cymsa, <a href=\"https:\/\/plejada.pl\/temat\/roksana-wegiel-piosenkarka\/8j82n4n\" id=\"dd3964ce-c340-487e-ac53-13ac1a4ec7e4\" rel=\"nofollow noopener\" target=\"_blank\">Roxie<\/a>, Viki Gabor, Cleo, <a href=\"https:\/\/plejada.pl\/temat\/kuba-badach\/vvhvkxs\" id=\"30a0885b-5255-4880-80e2-291ee006abd7\" rel=\"nofollow noopener\" target=\"_blank\">Kub\u0119 Badacha<\/a>, Margaret, Micha\u0142a Szpaka, Dawida Kwiatkowskiego, Grzegorza Hy\u017cego, Grubsona, Malika Montan\u0119, Blank\u0119, Carl\u0119 Fernandes, Wiktori\u0119 Kid\u0119, Mandaryn\u0119, Modelki, <a href=\"https:\/\/plejada.pl\/temat\/andrzej-piaseczny-wokalista-piasek\/yy6g1w6\" id=\"6087730b-f1e1-415b-a1dc-fb27475c5fe6\" rel=\"nofollow noopener\" target=\"_blank\">Andrzeja Piasecznego<\/a>, Long &amp; Junior, Kombii i Jacka Stachursky&#8217;ego.<\/p>\n<p class=\"Paragraph_desktopParagraph__U31Gm\">Nie zabraknie tak\u017ce zagranicznych gwiazd \u2014 opr\u00f3cz Stinga, na scenie pojawi\u0105 si\u0119 Francesco Napoli oraz Al Bano i Romina Power. Organizatorzy zapowiadaj\u0105 spektakularn\u0105 opraw\u0119 wizualn\u0105 i tradycyjne odliczanie do p\u00f3\u0142nocy, podkre\u015blaj\u0105c, \u017ce &#8222;tu bawi\u0107 si\u0119 b\u0119dzie ca\u0142a Polska&#8221;.<\/p>\n<p>Pi\u0119cioro gospodarzy &#8222;Sylwestra z Dw\u00f3jk\u0105&#8221;, w tym debiutanci <\/p>\n<p class=\"Paragraph_desktopParagraph__U31Gm\">Tegoroczny koncert poprowadzi a\u017c pi\u0119cioro gospodarzy. W roli konferansjer\u00f3w zobaczymy Mart\u0119 Surnik, znan\u0105 z &#8222;Pytania na \u015bniadanie&#8221;, a tak\u017ce <a href=\"https:\/\/plejada.pl\/temat\/michal-wisniewski-piosenkarz\/ze29w76\" id=\"aad90106-5783-4f05-92fa-779a4013003a\" rel=\"nofollow noopener\" target=\"_blank\">Micha\u0142a Wi\u015bniewskiego<\/a> i Piotra Kupich\u0119, kt\u00f3rzy pojawi\u0105 si\u0119 na scenie zar\u00f3wno jako prowadz\u0105cy, jak i arty\u015bci. Do tego grona do\u0142\u0105cz\u0105 dziennikarze radiowi: Ola Budka z Radia 357 oraz Mateusz Opyrcha\u0142 z RMF FM. Dla wi\u0119kszo\u015bci z nich b\u0119dzie to debiut w roli gospodarza sylwestrowej imprezy TVP2 \u2014 wyj\u0105tkiem jest Piotr Kupicha, kt\u00f3ry prowadzi\u0142 ju\u017c ubieg\u0142oroczn\u0105 edycj\u0119.<\/p>\n<p class=\"Paragraph_desktopParagraph__U31Gm\">Katowicki &#8222;Sylwester z Dw\u00f3jk\u0105&#8221; zainauguruje kilkuletni\u0105 wsp\u00f3\u0142prac\u0119 TVP z G\u00f3rno\u015bl\u0105sko-Zag\u0142\u0119biowsk\u0105 Metropoli\u0105. Zgodnie z planem, w kolejnych latach sylwestrowe imprezy maj\u0105 si\u0119 odbywa\u0107 w innych miastach regionu: Sosnowcu, Gliwicach, Bytomiu i Tychach.<\/p>\n<p class=\"Paragraph_desktopParagraph__U31Gm\">Transmisja rozpocznie si\u0119 31 grudnia o godz. 19.50 na antenie TVP2 i w serwisie TVP VOD. Organizatorzy zapewniaj\u0105: b\u0119dzie to widowisko, kt\u00f3re na d\u0142ugo pozostanie w pami\u0119ci uczestnik\u00f3w i widz\u00f3w przed telewizorami.<\/p>\n<p><img decoding=\"async\" class=\"Image_image__0tuHp Image_autoHeight__f2n87 \" height=\"587\" width=\"880\" src=\"https:\/\/www.europesays.com\/pl\/wp-content\/uploads\/2025\/12\/4q9k9kpTURBXy9kYmM3MDgwNDI3OWFlN2M3NDY2M2I5YzZlZTRlNGMwOC5qcGeSlQLNA6wAwsOVAgDNAkvCw94AA6EwAaExAaEzw.jpeg\" alt=\"Sylwester TVP z Dw\u00f3jk\u0105\" loading=\"lazy\" \/>AKPA<\/p>\n<p>Sylwester TVP z Dw\u00f3jk\u0105<\/p>\n<p class=\"Paragraph_desktopParagraph__U31Gm\">Dzi\u0119kujemy, \u017ce przeczyta\u0142a\u015b\/e\u015b nasz artyku\u0142 do ko\u0144ca. W serwisie Plejada.pl ka\u017cdego dnia piszemy o najwa\u017cniejszych wydarzeniach show-biznesowych. B\u0105d\u017a na bie\u017c\u0105co! <a rel=\"nofollow noopener\" href=\"https:\/\/profile.google.com\/cp\/Cg0vZy8xMWJ6X19wdHBx\" id=\"1ee64ac3-da20-403c-bca2-b52c9103b47a\" target=\"_blank\">Obserwuj<\/a> Plejad\u0119 w Google. Odwied\u017a nas tak\u017ce na <a rel=\"nofollow noopener\" href=\"https:\/\/www.facebook.com\/plejadapl\" id=\"d581c18c-b053-48a7-8ca9-2cb4b8877f50\" target=\"_blank\">Facebooku<\/a>, <a rel=\"nofollow noopener\" href=\"https:\/\/www.instagram.com\/plejadapl\/\" id=\"46cd7b2c-3b03-44e1-ac9f-3eb05616a590\" target=\"_blank\">Instagramie<\/a>, <a rel=\"nofollow noopener\" href=\"https:\/\/www.youtube.com\/c\/plejada\" id=\"a6074342-4ed8-4a5c-8733-3d47de0d9f1e\" target=\"_blank\">YouTubie<\/a> oraz <a rel=\"nofollow noopener\" href=\"https:\/\/www.tiktok.com\/@plejada_pl\" id=\"f1bd4d89-abca-4e9f-9db4-67627a6af8f8\" target=\"_blank\">TikToku<\/a>.<\/p>\n<p class=\"Paragraph_desktopParagraph__U31Gm\">Chcesz podzieli\u0107 si\u0119 ciekawym newsem lub zaproponowa\u0107 temat? Skontaktuj si\u0119 z nami, pisz\u0105c maila na adres: <a href=\"https:\/\/www.onet.pl\/styl-zycia\/plejada\/sylwester-z-dwojka-2025-pod-spodkiem-sting-gwiazda-wieczoru-tvp-stawia-na-katowice\/mailto:plejada@redakcjaonet.pl\" id=\"7021ab43-4e48-402e-8df0-8c57c0e1830e\" rel=\"nofollow noopener\" target=\"_blank\">plejada@redakcjaon<\/a><a rel=\"nofollow noopener\" href=\"http:\/\/et.pl\" id=\"5e808fdf-e586-4422-ab77-91cfee2dfe31\" target=\"_blank\">et.pl<\/a>.<\/p>\n<p><script async src=\"\/\/www.instagram.com\/embed.js\"><\/script><script async src=\"\/\/www.tiktok.com\/embed.js\"><\/script><\/p>\n","protected":false},"excerpt":{"rendered":"Telewizja Polska po raz kolejny stawia na \u015al\u0105sk. Tegoroczny &#8222;Sylwester z Dw\u00f3jk\u0105&#8221; odb\u0119dzie si\u0119 31 grudnia w Katowicach,&hellip;\n","protected":false},"author":2,"featured_media":164457,"comment_status":"","ping_status":"","sticky":false,"template":"","format":"standard","meta":{"footnotes":""},"categories":[22],"tags":[32537,7104,122,67,8195,261,22792,16381,53,52,68,51,55,42,38,40,39,41,123,47,32536,12357,22478,3567,65,50],"class_list":{"0":"post-164456","1":"post","2":"type-post","3":"status-publish","4":"format-standard","5":"has-post-thumbnail","7":"category-rozrywka","8":"tag-al_bano_piosenkarz_albano_carissi","9":"tag-doda_piosenkarka_dorota_rabczewska","10":"tag-entertainment","11":"tag-intextvideo_splayer","12":"tag-katowice_miasto","13":"tag-kultura","14":"tag-maryla_rodowicz_artystka","15":"tag-michal_wisniewski_piosenkarz","16":"tag-new_header","17":"tag-onet3","18":"tag-onet3d","19":"tag-onet3d_2i","20":"tag-phx","21":"tag-pl","22":"tag-poland","23":"tag-polish","24":"tag-polska","25":"tag-polski","26":"tag-rozrywka","27":"tag-screening_general","28":"tag-sting_muzyk_gordon_matthew_thomas_sumner","29":"tag-sylwester","30":"tag-sylwester_z_dwojka","31":"tag-tvp_telewizja_polska","32":"tag-update_me","33":"tag-v2021"},"share_on_mastodon":{"url":"","error":"Validation failed: Text character limit of 500 exceeded"},"_links":{"self":[{"href":"https:\/\/www.europesays.com\/pl\/wp-json\/wp\/v2\/posts\/164456","targetHints":{"allow":["GET"]}}],"collection":[{"href":"https:\/\/www.europesays.com\/pl\/wp-json\/wp\/v2\/posts"}],"about":[{"href":"https:\/\/www.europesays.com\/pl\/wp-json\/wp\/v2\/types\/post"}],"author":[{"embeddable":true,"href":"https:\/\/www.europesays.com\/pl\/wp-json\/wp\/v2\/users\/2"}],"replies":[{"embeddable":true,"href":"https:\/\/www.europesays.com\/pl\/wp-json\/wp\/v2\/comments?post=164456"}],"version-history":[{"count":0,"href":"https:\/\/www.europesays.com\/pl\/wp-json\/wp\/v2\/posts\/164456\/revisions"}],"wp:featuredmedia":[{"embeddable":true,"href":"https:\/\/www.europesays.com\/pl\/wp-json\/wp\/v2\/media\/164457"}],"wp:attachment":[{"href":"https:\/\/www.europesays.com\/pl\/wp-json\/wp\/v2\/media?parent=164456"}],"wp:term":[{"taxonomy":"category","embeddable":true,"href":"https:\/\/www.europesays.com\/pl\/wp-json\/wp\/v2\/categories?post=164456"},{"taxonomy":"post_tag","embeddable":true,"href":"https:\/\/www.europesays.com\/pl\/wp-json\/wp\/v2\/tags?post=164456"}],"curies":[{"name":"wp","href":"https:\/\/api.w.org\/{rel}","templated":true}]}}