{"id":164771,"date":"2025-12-22T11:33:12","date_gmt":"2025-12-22T11:33:12","guid":{"rendered":"https:\/\/www.europesays.com\/pl\/164771\/"},"modified":"2025-12-22T11:33:12","modified_gmt":"2025-12-22T11:33:12","slug":"milosc-w-filmowym-swiecie-tea-leoni-i-tim-daly-zakochal-sie-w-niej-po-4-minutach-na-slub-czekali-11-lat","status":"publish","type":"post","link":"https:\/\/www.europesays.com\/pl\/164771\/","title":{"rendered":"Mi\u0142o\u015b\u0107 w filmowym \u015bwiecie: T\u00e9a Leoni i Tim Daly. Zakocha\u0142 si\u0119 w niej po 4 minutach! Na \u015blub czekali 11 lat"},"content":{"rendered":"<p>David Duchovny, gwiazdor kultowego serialu &#8222;Z archiwum X&#8221;, przez lata by\u0142 m\u0119\u017cem Tei Leoni. Aktork\u0119 ogl\u0105dali\u015bmy m.in. w &#8222;Madame Secretary&#8221;, &#8222;Dniu zag\u0142ady&#8221; czy &#8222;Parku Jurajskim III&#8221;. Para doczeka\u0142a si\u0119 dw\u00f3jki pociech: Madeline i Kyda.\u00a0<\/p>\n<p>Ju\u017c w trakcie ma\u0142\u017ce\u0144stwa aktorzy mieli wiele problem\u00f3w. David zmaga\u0142 si\u0119 z uzale\u017cnieniami, a p\u00f3\u017aniej dopu\u015bci\u0142 si\u0119 zdrady, kt\u00f3rej T\u00e9a nie mog\u0142a wybaczy\u0107.\u00a0Ich ma\u0142\u017ce\u0144stwo dobieg\u0142o ko\u0144ca po 17 wsp\u00f3lnych latach w sierpniu 2014 roku. Ustalenia rozwodu ujawni\u0142 &#8222;New York Daily News&#8221;. David Duchovny zgodzi\u0142 si\u0119 p\u0142aci\u0107 40 tys. dol. aliment\u00f3w dla wsp\u00f3\u0142ma\u0142\u017conka oraz 8 333 dol. aliment\u00f3w na dzieci.<\/p>\n<p>Jeszcze w tym samym roku utalentowana aktorka oficjalnie zwi\u0105za\u0142a si\u0119 z nowym ukochanym i koleg\u0105 z planu &#8222;Madame Secretary&#8221; &#8211; Timem Daly. Mi\u0142o\u015b\u0107 mi\u0119dzy aktorami rozkwit\u0142a ju\u017c w trakcie nagra\u0144 do kultowego serialu.\u00a0T\u00e9a przez lata wciela\u0142a si\u0119 tam w Elizabeth\u00a0McCord, tytu\u0142ow\u0105 sekretarz stanu USA, a p\u00f3\u017aniej prezydenta, a Tim gra\u0142 Henry&#8217;ego McCorda, m\u0119\u017ca Elizabeth.<\/p>\n<p>Tim r\u00f3wnie\u017c by\u0142 rozwodnikiem. Wcze\u015bniej by\u0142 m\u0119\u017cem innej aktorki,\u00a0Amy Van Nostrand, z kt\u00f3r\u0105 ma\u00a0syna Sama i c\u00f3rk\u0119 Emelyn. Co ciekawe, jego dzieci te\u017c zagra\u0142y w serialu &#8222;Madame Secretary&#8221;.<\/p>\n<p>        &#13;<br \/>\n                    Zdj\u0119cie&#13;<\/p>\n<p>                                        &#13;<br \/>\n                            &#13;<br \/>\n                            &#13;<br \/>\n                            <img decoding=\"async\" loading=\"lazy\" src=\"https:\/\/www.europesays.com\/pl\/wp-content\/uploads\/2025\/12\/000M3XN6GGW8EABQ-C461-F4.jpg\" title=\"Zakocha\u0142 si\u0119 w niej po 4 minutach! Na \u015blub czekali 11 lat\" style=\"display:block;max-width:100%;height:auto;width:800px;aspect-ratio:2000\/1335;\" width=\"800\" height=\"534\" alt=\"T\u00e9a Leoni i Tim Daly w &quot;Madame Secretary&quot; \/CBS Photo Archive  \/Getty Images\" class=\"img-responsive\" itemprop=\"url\"\/>&#13;<\/p>\n<p>                                    &#13;<\/p>\n<p>&#13;<br \/>\n                                    T\u00e9a Leoni i Tim Daly w &#8222;Madame Secretary&#8221;&#13;<br \/>\n                                            \/CBS Photo Archive  \/Getty Images&#13;\n                                                <\/p>\n<p>&#13;<\/p>\n<p>Nowa para zadebiutowa\u0142a na czerwonym dywanie podczas kolacji korespondent\u00f3w akredytowanych przy Bia\u0142ego Domu\u00a0w kwietniu 2015 roku. W podobnym czasie mo\u017cna by\u0142o zauwa\u017cy\u0107 te\u017c aktork\u0119 w\u015br\u00f3d publiczno\u015bci spektaklu &#8222;Red&#8221;, w kt\u00f3rym gra\u0142 jej partner. Przez lata gwiazdorska para stara\u0142a si\u0119 zachowywa\u0107 dyskrecj\u0119 i w wi\u0119kszo\u015bci unika\u0142a wsp\u00f3lnych wyj\u015b\u0107.<\/p>\n<p>69-letni Tim w wywiadzie dla &#8222;Life Minute&#8221; wr\u00f3ci\u0142 wspomnieniami do momentu, w kt\u00f3rym wiedzia\u0142, \u017ce zakocha\u0142 si\u0119 w swojej partnerce. &#8222;Jakie\u015b cztery minuty po tym, jak spotka\u0142em j\u0105 na planie 'Madame Secretary'&#8221; &#8211; za\u015bmia\u0142 si\u0119 aktor.<\/p>\n<p>&#8222;To by\u0142o zabawne, bo w naszym pierwszym sezonie niby starali\u015bmy si\u0119 zachowa\u0107 tajemnic\u0119, by\u0107 dyskretni, ale kierowcy ci\u0105gle odbierali nas razem spod dom\u00f3w, a my patrzyli\u015bmy na siebie tym konkretnym spojrzeniem&#8230;&#8221; &#8211; doda\u0142.<\/p>\n<p>        &#13;<br \/>\n                    Zdj\u0119cie&#13;<\/p>\n<p>                                        &#13;<br \/>\n                            &#13;<br \/>\n                            &#13;<br \/>\n                            <img decoding=\"async\" loading=\"lazy\" src=\"https:\/\/www.europesays.com\/pl\/wp-content\/uploads\/2025\/12\/000M3XN9KHO3A88J-C461-F4.jpg\" title=\"Zakocha\u0142 si\u0119 w niej po 4 minutach! Na \u015blub czekali 11 lat\" style=\"display:block;max-width:100%;height:auto;width:800px;aspect-ratio:3000\/2876;\" width=\"800\" height=\"767\" alt=\"T\u00e9a Leoni i Tim Daly \/Laura Cavanaugh \/Getty Images\" class=\"img-responsive\" itemprop=\"url\"\/>&#13;<\/p>\n<p>                                    &#13;<\/p>\n<p>&#13;<br \/>\n                                    T\u00e9a Leoni i Tim Daly&#13;<br \/>\n                                            \/Laura Cavanaugh \/Getty Images&#13;\n                                                <\/p>\n<p>&#13;<\/p>\n<p>&#8222;Tak naprawd\u0119 poprosi\u0142em T\u00e9\u0119 o r\u0119k\u0119, chyba jakie\u015b dziewi\u0119\u0107 lat temu, a ona powiedzia\u0142a: 'Tak, poczekajmy chwil\u0119&#8217;. Dziewi\u0119\u0107 lat p\u00f3\u017aniej poprosi\u0142a mnie, a ja pomy\u015bla\u0142em: 'Tak, ju\u017c prosi\u0142em!&#8217;. W ka\u017cdym razie, uda\u0142o nam si\u0119. Lubi\u0119 by\u0107 m\u0119\u017cem T\u00e9i&#8221; &#8211; powiedzia\u0142 Daly.\u00a0<\/p>\n<p>12 lipca 2025 roku po 11 latach randkowania,\u00a0T\u00e9a Leoni i Tim Daly powiedzieli sobie sakramentalne &#8222;tak&#8221;\u00a0podczas kameralnej uroczysto\u015bci w Nowym Jorku. Rok wcze\u015bniej aktor w jednym z wywiad\u00f3w\u00a0okre\u015bli\u0142 \u017con\u0119 jako &#8222;sw\u00f3j cud&#8221;.<\/p>\n<p>Zobacz te\u017c:\u00a0<a href=\"https:\/\/film.interia.pl\/wiadomosci\/news-mistrzyni-komedii-i-laureat-oscara-lacza-sily-szykuje-sie-ko,nId,8052671\" rel=\"nofollow noopener\" target=\"_blank\">Mistrzyni komedii i laureat Oscara \u0142\u0105cz\u0105 si\u0142y. Szykuje si\u0119 kolejny hit?<\/a><\/p>\n<p>&#13;<br \/>\n    &#13;<br \/>\n            Wideo&#13;<\/p>\n<p>        &#13;<br \/>\n&#13;<br \/>\n    &#13;<br \/>\n        &#13;<br \/>\n                &#13;<\/p>\n<p>&#13;<br \/>\n                                        &#8222;Szybcy i sprytni&#8221; [trailer 2]&#13;<br \/>\n                                        materia\u0142y prasowe&#13;\n                    <\/p>\n<p>&#13;<\/p>\n","protected":false},"excerpt":{"rendered":"David Duchovny, gwiazdor kultowego serialu &#8222;Z archiwum X&#8221;, przez lata by\u0142 m\u0119\u017cem Tei Leoni. Aktork\u0119 ogl\u0105dali\u015bmy m.in. w&hellip;\n","protected":false},"author":2,"featured_media":164772,"comment_status":"","ping_status":"","sticky":false,"template":"","format":"standard","meta":{"footnotes":""},"categories":[22],"tags":[122,42,38,40,39,41,123],"class_list":{"0":"post-164771","1":"post","2":"type-post","3":"status-publish","4":"format-standard","5":"has-post-thumbnail","7":"category-rozrywka","8":"tag-entertainment","9":"tag-pl","10":"tag-poland","11":"tag-polish","12":"tag-polska","13":"tag-polski","14":"tag-rozrywka"},"share_on_mastodon":{"url":"https:\/\/pubeurope.com\/@pl\/115763007807315802","error":""},"_links":{"self":[{"href":"https:\/\/www.europesays.com\/pl\/wp-json\/wp\/v2\/posts\/164771","targetHints":{"allow":["GET"]}}],"collection":[{"href":"https:\/\/www.europesays.com\/pl\/wp-json\/wp\/v2\/posts"}],"about":[{"href":"https:\/\/www.europesays.com\/pl\/wp-json\/wp\/v2\/types\/post"}],"author":[{"embeddable":true,"href":"https:\/\/www.europesays.com\/pl\/wp-json\/wp\/v2\/users\/2"}],"replies":[{"embeddable":true,"href":"https:\/\/www.europesays.com\/pl\/wp-json\/wp\/v2\/comments?post=164771"}],"version-history":[{"count":0,"href":"https:\/\/www.europesays.com\/pl\/wp-json\/wp\/v2\/posts\/164771\/revisions"}],"wp:featuredmedia":[{"embeddable":true,"href":"https:\/\/www.europesays.com\/pl\/wp-json\/wp\/v2\/media\/164772"}],"wp:attachment":[{"href":"https:\/\/www.europesays.com\/pl\/wp-json\/wp\/v2\/media?parent=164771"}],"wp:term":[{"taxonomy":"category","embeddable":true,"href":"https:\/\/www.europesays.com\/pl\/wp-json\/wp\/v2\/categories?post=164771"},{"taxonomy":"post_tag","embeddable":true,"href":"https:\/\/www.europesays.com\/pl\/wp-json\/wp\/v2\/tags?post=164771"}],"curies":[{"name":"wp","href":"https:\/\/api.w.org\/{rel}","templated":true}]}}