{"id":164821,"date":"2025-12-22T12:01:18","date_gmt":"2025-12-22T12:01:18","guid":{"rendered":"https:\/\/www.europesays.com\/pl\/164821\/"},"modified":"2025-12-22T12:01:18","modified_gmt":"2025-12-22T12:01:18","slug":"iwona-wegrowska-apeluje-do-meza-agnieszki-maciag-nie-zeruj-na-tej-pieknej-istocie","status":"publish","type":"post","link":"https:\/\/www.europesays.com\/pl\/164821\/","title":{"rendered":"Iwona W\u0119growska apeluje do m\u0119\u017ca Agnieszki Maci\u0105g. &#8222;Nie \u017ceruj na tej pi\u0119knej istocie&#8221;"},"content":{"rendered":"<p class=\"ods-c-paragraph \">W ostatnich dniach w sieci pojawi\u0142y si\u0119 liczne komentarze oraz wpisy po\u015bwi\u0119cone pami\u0119ci <a href=\"https:\/\/plejada.pl\/temat\/agnieszka-maciag-b-modelka\/v4fxl1m\" id=\"d88fae3a-820f-4297-89e8-095199b82332\" rel=\"nofollow noopener\" target=\"_blank\">Agnieszki Maci\u0105g<\/a>. Jej m\u0105\u017c, Robert Wola\u0144ski, przej\u0105\u0142 prowadzenie profilu na Instagramie \u017cony, publikuj\u0105c wspomnienia i refleksje zwi\u0105zane z ich wsp\u00f3lnym \u017cyciem. W jednym z post\u00f3w opisa\u0142, jak co roku o tej porze w ich domu rozpoczyna\u0142y si\u0119 przygotowania do \u015bwi\u0105t, a rodzinne tradycje dawa\u0142y im poczucie spokoju i bezpiecze\u0144stwa. Wspomina\u0142, \u017ce wieczory sp\u0119dzali razem, a w salonie p\u0142on\u0105\u0142 kominek pachn\u0105cy suszon\u0105 lawend\u0105.<\/p>\n<p>Dalszy ci\u0105g artyku\u0142u pod materia\u0142em wideo<\/p>\n<p> Dlaczego Iwona W\u0119growska apeluje do m\u0119\u017ca Agnieszki Maci\u0105g? <\/p>\n<p> Co prowadzi Robert Wola\u0144ski na Instagramie? <\/p>\n<p> Jakie wspomnienia Robert Wola\u0144ski publikowa\u0142? <\/p>\n<p> Co Iwona W\u0119growska uwa\u017ca o publikacjach Wola\u0144skiego? <\/p>\n<p>  Szokuj\u0105cy wpis Iwony W\u0119growskiej o m\u0119\u017cu Agnieszki Maci\u0105g. &#8222;Pozw\u00f3l nam prze\u017cy\u0107 \u017ca\u0142ob\u0119&#8221;   <\/p>\n<p class=\"ods-c-paragraph \">Dzia\u0142alno\u015b\u0107 Roberta Wola\u0144skiego w mediach spo\u0142eczno\u015bciowych nie wszystkim si\u0119 podoba. <a href=\"https:\/\/plejada.pl\/temat\/iwona-wegrowska\/dfeegs9\" id=\"f851cf3e-aaa4-49ef-875e-83e500266736\" rel=\"nofollow noopener\" target=\"_blank\">Iwona W\u0119growska<\/a>, piosenkarka i znajoma zmar\u0142ej, opublikowa\u0142a apel skierowany do m\u0119\u017ca Agnieszki Maci\u0105g. Zarzuci\u0142a mu, \u017ce poprzez aktywno\u015b\u0107 na profilu \u017cony nie pozwala przyjacio\u0142om prze\u017cy\u0107 \u017ca\u0142oby w spokoju. Wed\u0142ug W\u0119growskiej, wspomnienia publikowane przez Wola\u0144skiego s\u0105 nie na miejscu i powinna zosta\u0107 zachowana przestrze\u0144 dla innych bliskich zmar\u0142ej.<\/p>\n<blockquote class=\"ods-o-quota\">\n<p class=\"ods-o-quota__paragraph\">Serio? My Ag\u0119 kochamy i wspominamy pi\u0119knie, najpi\u0119kniej jak si\u0119 da. Zawsze b\u0119dziemy o niej pami\u0119ta\u0107. Robert znajd\u017a sw\u00f3j spos\u00f3b, by o tobie pami\u0119tano. Prosz\u0119, nie \u017ceruj na tej pi\u0119knej istocie. Niech spoczywa w spokoju. Pozw\u00f3l nam prze\u017cy\u0107 \u017ca\u0142ob\u0119<\/p>\n<\/blockquote>\n<p class=\"ods-c-paragraph \">\u2014 napisa\u0142a na Instagramie.<\/p>\n<p><img decoding=\"async\" src=\"https:\/\/www.europesays.com\/pl\/wp-content\/uploads\/2025\/12\/Majk9lBaHR0cHM6Ly9vY2RuLmV1L3B1bHNjbXMvTURBXy8xNmEzODc4ODI4ZGFjZWMwZTI4MDNjNGY0YzU3YmE3Mi5qcGeRlQLNA.jpeg\" height=\"529\" width=\"940\" alt=\"Iwona W\u0119growska\" loading=\"lazy\" class=\"ods-c-image__img ods-c-image__img--vertical\"\/><\/p>\n<p>Iwona W\u0119growskainstagram.com\/iwona_wegrowska_iva_official\/<\/p>\n<p> <img decoding=\"async\" src=\"https:\/\/www.europesays.com\/pl\/wp-content\/uploads\/2025\/12\/YAik9lBaHR0cHM6Ly9vY2RuLmV1L3B1bHNjbXMvTURBXy9mMGM2MWVhNmE4ZGE2N2Y3OTNhOTJkMDZmZjhjNTFjMS5qcGeRlQLNA.jpeg\" height=\"529\" width=\"940\" alt=\"Iwona W\u0119growska\" loading=\"lazy\" class=\"ods-c-image__img ods-c-image__img--vertical\"\/><\/p>\n<p>Iwona W\u0119growskaMieszko Pi\u0119tka \/ AKPA<\/p>\n<p> <img decoding=\"async\" src=\"https:\/\/www.europesays.com\/pl\/wp-content\/uploads\/2025\/12\/3e_k9lBaHR0cHM6Ly9vY2RuLmV1L3B1bHNjbXMvTURBXy8xMjZkNTQzZWY3NTExYTI5ZmUyYmM3Y2JlYjY5ZDU5ZS5qcGeRlQLNA.jpeg\" height=\"529\" width=\"940\" alt=\"Agnieszka Maci\u0105g i Robert Wola\u0144ski w 2010 r.\" loading=\"lazy\" class=\"ods-c-image__img ods-c-image__img--vertical\"\/><\/p>\n<p>Agnieszka Maci\u0105g i Robert Wola\u0144ski w 2010 r.Andras Szilagyi \/ MW Media<\/p>\n<p class=\"ods-c-paragraph \">Dzi\u0119kujemy, \u017ce przeczyta\u0142a\u015b\/e\u015b nasz artyku\u0142 do ko\u0144ca. W serwisie Plejada.pl ka\u017cdego dnia piszemy o najwa\u017cniejszych wydarzeniach show-biznesowych. B\u0105d\u017a na bie\u017c\u0105co! <a rel=\"nofollow noopener\" href=\"https:\/\/profile.google.com\/cp\/Cg0vZy8xMWJ6X19wdHBx\" id=\"f25adcdc-3748-491c-8fb0-223e260dbf6e\" target=\"_blank\">Obserwuj<\/a> Plejad\u0119 w Wiadomo\u015bciach Google. Odwied\u017a nas tak\u017ce na <a rel=\"nofollow noopener\" href=\"https:\/\/www.facebook.com\/plejadapl\" id=\"4fad3181-0adb-4100-b30b-795bbe985be6\" target=\"_blank\">Facebooku<\/a>, <a rel=\"nofollow noopener\" href=\"https:\/\/www.instagram.com\/plejadapl\/\" id=\"2a300593-e04b-4235-b303-4fc5efcc1699\" target=\"_blank\">Instagramie<\/a>, <a rel=\"nofollow noopener\" href=\"https:\/\/www.youtube.com\/c\/plejada\" id=\"1825137b-ed48-40ff-a774-6523c4c03e85\" target=\"_blank\">YouTube<\/a> oraz <a rel=\"nofollow noopener\" href=\"https:\/\/www.tiktok.com\/@plejada_pl\" id=\"b53d3734-942c-4596-b86e-cdc788c7d460\" target=\"_blank\">TikToku<\/a>.<\/p>\n<p class=\"ods-c-paragraph \">Chcesz podzieli\u0107 si\u0119 ciekawym newsem lub zaproponowa\u0107 temat? Skontaktuj si\u0119 z nami, pisz\u0105c e-maila na adres: <a rel=\"nofollow noopener\" href=\"https:\/\/plejada.pl\/newsy\/iwona-wegrowska-apeluje-do-meza-agnieszki-maciag-nie-zeruj-na-tej-pieknej-istocie\/mailto:plejada@redakcjaonet.pl\" id=\"5a2e7cd7-1ff9-4325-b9a3-4b3e7500404d\" target=\"_blank\">plejada@redakcjaonet.pl<\/a>.<\/p>\n<p><script async src=\"\/\/www.instagram.com\/embed.js\"><\/script><script async src=\"\/\/www.tiktok.com\/embed.js\"><\/script><\/p>\n","protected":false},"excerpt":{"rendered":"W ostatnich dniach w sieci pojawi\u0142y si\u0119 liczne komentarze oraz wpisy po\u015bwi\u0119cone pami\u0119ci Agnieszki Maci\u0105g. Jej m\u0105\u017c, Robert&hellip;\n","protected":false},"author":2,"featured_media":164822,"comment_status":"","ping_status":"","sticky":false,"template":"","format":"standard","meta":{"footnotes":""},"categories":[22],"tags":[26145,122,31254,32607,48,125,46,42,38,40,39,41,123,47],"class_list":{"0":"post-164821","1":"post","2":"type-post","3":"status-publish","4":"format-standard","5":"has-post-thumbnail","7":"category-rozrywka","8":"tag-agnieszka_maciag","9":"tag-entertainment","10":"tag-iwona_wegrowska","11":"tag-iwona_wegrowska_iwona_wegrowska_","12":"tag-nat_styl","13":"tag-newsy","14":"tag-omp","15":"tag-pl","16":"tag-poland","17":"tag-polish","18":"tag-polska","19":"tag-polski","20":"tag-rozrywka","21":"tag-screening_general"},"share_on_mastodon":{"url":"https:\/\/pubeurope.com\/@pl\/115763117074914620","error":""},"_links":{"self":[{"href":"https:\/\/www.europesays.com\/pl\/wp-json\/wp\/v2\/posts\/164821","targetHints":{"allow":["GET"]}}],"collection":[{"href":"https:\/\/www.europesays.com\/pl\/wp-json\/wp\/v2\/posts"}],"about":[{"href":"https:\/\/www.europesays.com\/pl\/wp-json\/wp\/v2\/types\/post"}],"author":[{"embeddable":true,"href":"https:\/\/www.europesays.com\/pl\/wp-json\/wp\/v2\/users\/2"}],"replies":[{"embeddable":true,"href":"https:\/\/www.europesays.com\/pl\/wp-json\/wp\/v2\/comments?post=164821"}],"version-history":[{"count":0,"href":"https:\/\/www.europesays.com\/pl\/wp-json\/wp\/v2\/posts\/164821\/revisions"}],"wp:featuredmedia":[{"embeddable":true,"href":"https:\/\/www.europesays.com\/pl\/wp-json\/wp\/v2\/media\/164822"}],"wp:attachment":[{"href":"https:\/\/www.europesays.com\/pl\/wp-json\/wp\/v2\/media?parent=164821"}],"wp:term":[{"taxonomy":"category","embeddable":true,"href":"https:\/\/www.europesays.com\/pl\/wp-json\/wp\/v2\/categories?post=164821"},{"taxonomy":"post_tag","embeddable":true,"href":"https:\/\/www.europesays.com\/pl\/wp-json\/wp\/v2\/tags?post=164821"}],"curies":[{"name":"wp","href":"https:\/\/api.w.org\/{rel}","templated":true}]}}