{"id":164861,"date":"2025-12-22T12:27:15","date_gmt":"2025-12-22T12:27:15","guid":{"rendered":"https:\/\/www.europesays.com\/pl\/164861\/"},"modified":"2025-12-22T12:27:15","modified_gmt":"2025-12-22T12:27:15","slug":"czy-brexit-jeszcze-szkodzi-pkb-wielkiej-brytanii-wyprzedza-trzy-najwieksze-gospodarki-unii","status":"publish","type":"post","link":"https:\/\/www.europesays.com\/pl\/164861\/","title":{"rendered":"Czy brexit jeszcze szkodzi? PKB Wielkiej Brytanii wyprzedza trzy najwi\u0119ksze gospodarki Unii"},"content":{"rendered":"<p data-section=\"detail-body\">Cz\u0119sto pokazuje si\u0119 <a href=\"https:\/\/businessinsider.com.pl\/wiadomosci\/wielka-brytania-traci-na-brexicie-miliardy-podano-dane\/ynx3vhx\" id=\"769ea510-3889-470c-9451-28fb1ce54819\" rel=\"nofollow noopener\" target=\"_blank\">negatywne aspekty wyj\u015bcia Wielkiej Brytanii z Unii Europejskiej i ile ten kraj straci\u0142 na brexicie<\/a>. Rozstanie z Wsp\u00f3lnot\u0105 naruszy\u0142o wiele \u0142a\u0144cuch\u00f3w handlowych, utrudni\u0142y wzajemny handel, pojawi\u0142y si\u0119 przez jaki\u015b czas puste p\u00f3\u0142ki w sklepach, by\u0142y k\u0142opoty z dost\u0119pem przedsi\u0119biorstw do si\u0142y roboczej. Ale gdy si\u0119 zestawi brytyjskie wyniki gospodarcze, szczeg\u00f3lnie te ostatnie nie z ca\u0142\u0105 Uni\u0105, a tylko z trzema najwi\u0119kszymi gospodarkami wsp\u00f3lnoty, to wnioski mog\u0105 ju\u017c nie by\u0107 tak negatywne.<\/p>\n<p class=\"article_p\" data-section=\"detail-body\">Przypomnijmy wyniki najwi\u0119kszy gospodarek Unii Europejskiej z trzeciego kwarta\u0142u: Niemcy wzrost o 0,3 proc. rok do roku, Francja wzrost o 0,9 proc., W\u0142ochy wzrost o 0,6 proc.<\/p>\n<p class=\"article_p\" data-section=\"detail-body\">Dalszy ci\u0105g tekstu pod materia\u0142em wideo<\/p>\n<p class=\"article_p\" data-section=\"detail-body\">Na tym tle, a nie na tle ca\u0142ej Unii, kt\u00f3rej nap\u0119d daj\u0105 mniejsze gospodarki, wynik Brytyjczyk\u00f3w mog\u0105 ju\u017c robi\u0107 wra\u017cenie pozytywne. W trzecim kwartale zgodnie z drugim szacunkiem wzrost PKB wyni\u00f3s\u0142 tam 1,3 proc. \u2014 jak podaje brytyjski GUS, czyli ONS.<\/p>\n<p>            Czytaj tak\u017ce w BUSINESS INSIDER<\/p>\n<p class=\"article_p\" data-section=\"detail-body\">To wolniej ni\u017c w poprzednim kwartale (+1,4 proc. rdr), ale za to r\u00f3wno na poziomie drugiego kwarta\u0142u br. Taki wzrost mo\u017ce nie imponowa\u0107 krajom Azji, ani nawet <a href=\"https:\/\/businessinsider.com.pl\/gospodarka\/najwyzszy-wzrost-pkb-od-trzech-lat-gospodarka-przyspiesza\/1kvmh42\" id=\"4c547714-c53e-4922-9b1a-3c8418a2d12d\" rel=\"nofollow noopener\" target=\"_blank\">Polsce, kt\u00f3re ros\u0142a w trzecim kwartale o 3,8 proc. rdr<\/a>, ale ju\u017c najwi\u0119ksze gospodarki Unii patrz\u0105 z zazdro\u015bci\u0105.<\/p>\n<p>                    <img decoding=\"async\" loading=\"lazy\" class=\"article-image_container--img\" id=\"image_7d32d95d-6d8c-47f8-9c75-6b0173ac1500\" alt=\"PKB Wielkiej Brytanii\" src=\"https:\/\/www.europesays.com\/pl\/wp-content\/uploads\/2025\/12\/tdck9kpTURBXy84MDhjNDFiNzU5YWI1NzA3MWJmYWVhMzQ3YmI5MzdiOC5wbmeRkwLNA5gA3gACoTABoTEB.jpeg\"\/><\/p>\n<p>            PKB Wielkiej Brytanii<\/p>\n<p>                    |<br \/>\n                    Investing.com<\/p>\n<p class=\"article_p\" data-section=\"detail-body\">Od realnego opuszczenia Unii przez Wielk\u0105 Brytani\u0119 w 2020 r. jej PKB wzr\u00f3s\u0142 \u0142\u0105cznie o 2 proc. z uwzgl\u0119dnieniem trzeciego kwarta\u0142u br. W przypadku Niemiec by\u0142 to spadek o 0,1 proc. Szybciej ros\u0142a natomiast Francja (+5 proc.), a jeszcze szybciej W\u0142ochy (+6,3 proc.). \u015aciganie si\u0119 <a href=\"https:\/\/businessinsider.com.pl\/gospodarka\/francja-sprowadzi-finansowe-nieszczescie-na-europe-problemem-sa-politycy\/lytbd15\" id=\"9578591f-c8dd-4308-9b98-e9fd6dc6a8d0\" rel=\"nofollow noopener\" target=\"_blank\">Francj\u0105 z racji jej problem\u00f3w na poziomie politycznym i problem\u00f3w z bud\u017cetem pa\u0144stwa oraz z zad\u0142u\u017ceniem<\/a> jest obecnie jednak u\u0142atwione, wi\u0119c Wielka Brytania w tym tempie wzrostu mo\u017ce nie mie\u0107 problemu z zajmowaniem pozycji wicelidera.<\/p>\n<p class=\"article_p\" data-section=\"detail-body\">Dla por\u00f3wnania, Polska zyska\u0142a w tym czasie 18,3 proc., a w Europie wyprzedzi\u0142o nas jeszcze siedem kraj\u00f3w, na czele z: Irlandi\u0105 (+49,8 proc.), Turcj\u0105 (+36,1 proc.), Malt\u0105 (+35,5 proc.) oraz Cyprem (+30,1 proc.) \u2014 wynika z danych Eurostatu.<\/p>\n<p>        Co zdecydowa\u0142o o PKB Wielkiej Brytanii?<\/p>\n<p class=\"article_p\" data-section=\"detail-body\">Na roczny wzrost PKB najwi\u0119kszy wp\u0142yw mia\u0142y us\u0142ugi (+1,4 proc. rdr), szczeg\u00f3lnie dzia\u0142alno\u015b\u0107 pomocnicza w us\u0142ugach finansowych i ubezpieczeniowych (+2,3 proc. rdr). Produkcja przemys\u0142owa spad\u0142a rok do roku o 0,2 proc., prywatne wydatki konsumpcyjne wzros\u0142y o 0,7 proc. rdr, konsumpcja sektora rz\u0105dowego o 1,6 proc., a akumulacja kapita\u0142u o 2,9 proc., w tym inwestycje \u2014 o 2,7 proc. rdr.<\/p>\n<p class=\"article_p\" data-section=\"detail-body\">Czytaj te\u017c: <a href=\"https:\/\/businessinsider.com.pl\/gospodarka\/budzet-wielkiej-brytanii-po-zmianach-rachel-reeves-stawia-na-wzrost-podatkow\/nzyw1ez\" id=\"a4d9b49c-2cf3-4c8c-8d7b-9c5b29f23d28\" rel=\"nofollow noopener\" target=\"_blank\">Wielka Brytania i bud\u017cet na przysz\u0142y rok. Plany podniesienia podatk\u00f3w<\/a><\/p>\n<p class=\"article_p\" data-section=\"detail-body\">Realny produkt krajowy brutto (PKB) Wielkiej Brytanii wzr\u00f3s\u0142 o 0,1 proc. kwarta\u0142 do kwarta\u0142u bez korekty, w por\u00f3wnaniu ze wzrostem o 0,2 proc. w kwartale drugim. Je\u015bli chodzi o szczeg\u00f3\u0142y, wzrost w ostatnim kwartale by\u0142 nap\u0119dzany przez us\u0142ugi (wzrost o 0,2 proc. kdk) i budownictwo (+0,2 proc. kdk). &#8222;Sektor produkcyjny zanotowa\u0142 spadek o 0,3 proc.&#8221; \u2014 czytamy w informacji ONS.<\/p>\n<p class=\"article_p\" data-section=\"detail-body\">Szacuje si\u0119, \u017ce realny PKB na mieszka\u0144ca nie wzr\u00f3s\u0142 w ostatnim kwartale, a wzr\u00f3s\u0142 o 0,9 proc. w por\u00f3wnaniu z tym samym kwarta\u0142em rok wcze\u015bniej.<\/p>\n<p>        Spadek dochod\u00f3w rozporz\u0105dzalnych w Wielkiej Brytanii<\/p>\n<p class=\"article_p\" data-section=\"detail-body\">Realny doch\u00f3d rozporz\u0105dzalny gospodarstw domowych na osob\u0119 spad\u0142 o 0,8 proc. w ostatnim kwartale, po tym, jak w poprzednim kwartale nie zanotowano \u017cadnych zmian.<\/p>\n<p class=\"article_p\" data-section=\"detail-body\">Wska\u017anik oszcz\u0119dno\u015bci gospodarstw domowych zmniejszy\u0142 si\u0119 w tym kwartale o 0,7 punktu procentowego do 9,5 proc., co by\u0142o spowodowane spadkiem udzia\u0142u oszcz\u0119dno\u015bci niezwi\u0105zanych z emeryturami.<\/p>\n<p class=\"article_p\" data-section=\"detail-body\">Szacuje si\u0119, \u017ce nominalny PKB wzr\u00f3s\u0142 o 1,0 proc. w trzecim kwartale 2025 r. (w d\u00f3\u0142 z pierwotnego szacunku 1,2 proc. ) i jest obecnie o 4,8 proc. wy\u017cszy ni\u017c w analogicznym kwartale rok temu. Poziom nominalnego PKB w trzecim kwartale 2025 r. w por\u00f3wnaniu z czwartym kwarta\u0142em 2023 r. jest obecnie szacowany na 10,7 proc. wy\u017cszy, nieznacznie w g\u00f3r\u0119 z pierwotnego szacunku na poziomie 10,6 proc.<\/p>\n<p class=\"article_p\" data-section=\"detail-body\">W por\u00f3wnaniu z tym samym kwarta\u0142em rok wcze\u015bniej, implikowany deflator PKB wzr\u00f3s\u0142 o 3,5 proc. w trzecim kwartale 2025 roku, g\u0142\u00f3wnie z powodu wydatk\u00f3w gospodarstw domowych, wydatk\u00f3w sektora instytucji rz\u0105dowych i samorz\u0105dowych oraz na skutek eksportu.<\/p>\n","protected":false},"excerpt":{"rendered":"Cz\u0119sto pokazuje si\u0119 negatywne aspekty wyj\u015bcia Wielkiej Brytanii z Unii Europejskiej i ile ten kraj straci\u0142 na brexicie.&hellip;\n","protected":false},"author":2,"featured_media":164862,"comment_status":"","ping_status":"","sticky":false,"template":"","format":"standard","meta":{"footnotes":""},"categories":[5],"tags":[32,33,36,37,27,34,35,28,31,25,42,38,40,39,41,29,30,26],"class_list":{"0":"post-164861","1":"post","2":"type-post","3":"status-publish","4":"format-standard","5":"has-post-thumbnail","7":"category-naglowki","8":"tag-breaking-news","9":"tag-breakingnews","10":"tag-featured-news","11":"tag-featurednews","12":"tag-headlines","13":"tag-latest-news","14":"tag-latestnews","15":"tag-naglowki","16":"tag-najwazniejsze-artykuly","17":"tag-news","18":"tag-pl","19":"tag-poland","20":"tag-polish","21":"tag-polska","22":"tag-polski","23":"tag-top-stories","24":"tag-topstories","25":"tag-wiadomosci"},"share_on_mastodon":{"url":"https:\/\/pubeurope.com\/@pl\/115763219502581814","error":""},"_links":{"self":[{"href":"https:\/\/www.europesays.com\/pl\/wp-json\/wp\/v2\/posts\/164861","targetHints":{"allow":["GET"]}}],"collection":[{"href":"https:\/\/www.europesays.com\/pl\/wp-json\/wp\/v2\/posts"}],"about":[{"href":"https:\/\/www.europesays.com\/pl\/wp-json\/wp\/v2\/types\/post"}],"author":[{"embeddable":true,"href":"https:\/\/www.europesays.com\/pl\/wp-json\/wp\/v2\/users\/2"}],"replies":[{"embeddable":true,"href":"https:\/\/www.europesays.com\/pl\/wp-json\/wp\/v2\/comments?post=164861"}],"version-history":[{"count":0,"href":"https:\/\/www.europesays.com\/pl\/wp-json\/wp\/v2\/posts\/164861\/revisions"}],"wp:featuredmedia":[{"embeddable":true,"href":"https:\/\/www.europesays.com\/pl\/wp-json\/wp\/v2\/media\/164862"}],"wp:attachment":[{"href":"https:\/\/www.europesays.com\/pl\/wp-json\/wp\/v2\/media?parent=164861"}],"wp:term":[{"taxonomy":"category","embeddable":true,"href":"https:\/\/www.europesays.com\/pl\/wp-json\/wp\/v2\/categories?post=164861"},{"taxonomy":"post_tag","embeddable":true,"href":"https:\/\/www.europesays.com\/pl\/wp-json\/wp\/v2\/tags?post=164861"}],"curies":[{"name":"wp","href":"https:\/\/api.w.org\/{rel}","templated":true}]}}