{"id":165005,"date":"2025-12-22T13:55:08","date_gmt":"2025-12-22T13:55:08","guid":{"rendered":"https:\/\/www.europesays.com\/pl\/165005\/"},"modified":"2025-12-22T13:55:08","modified_gmt":"2025-12-22T13:55:08","slug":"donald-tusk-nawiazal-do-slynnej-obietnicy-zamiescil-zdjecie","status":"publish","type":"post","link":"https:\/\/www.europesays.com\/pl\/165005\/","title":{"rendered":"Donald Tusk nawi\u0105za\u0142 do s\u0142ynnej obietnicy. Zamie\u015bci\u0142 zdj\u0119cie"},"content":{"rendered":"<p class=\"ods-c-paragraph \">Przypomnijmy: na d\u0142ugo przed wyborami parlamentarnymi w 2023 r. <a href=\"https:\/\/wiadomosci.onet.pl\/kraj\/ceny-benzyny-spadaja-spelni-sie-obietnica-donalda-tuska\/jw5pp8f\" id=\"f3eb4ca8-b221-41b5-a239-93753ee592d0\" rel=\"nofollow noopener\" target=\"_blank\">Donald Tusk przekonywa\u0142, \u017ce &#8222;wystarczy jedna prosta decyzja, a benzyna by\u0142aby po 5 z\u0142&#8221;.<\/a> \u2014 Gdybym ja by\u0142 premierem, to benzyna by\u0142aby po 5,19 z\u0142 \u2014 m\u00f3wi\u0142 w\u00f3wczas obecny szef rz\u0105du.<\/p>\n<p>Dalszy ci\u0105g artyku\u0142u pod materia\u0142em wideo<\/p>\n<p> Jakie by\u0142y obietnice Donalda Tuska dotycz\u0105ce cen paliw? <\/p>\n<p> Jaka jest obecna \u015brednia cena paliwa Pb95? <\/p>\n<p> Co m\u00f3wi\u0105 eksperci o cenach paliw przed \u015bwi\u0119tami? <\/p>\n<p> Jakie promocje og\u0142osi\u0142y sieci stacji paliw? <\/p>\n<p class=\"ods-c-paragraph \">W poniedzia\u0142ek Tusk zamie\u015bci\u0142 wpis na platformie X, w kt\u00f3rym pokaza\u0142 zestawienie, jak wygl\u0105da\u0142y ceny paliw na jednej ze stacji w 2022 r., a jak wygl\u0105daj\u0105 obecnie. &#8222;Paliwo po 5,18. Mog\u0119 by\u0107 winny grosika?&#8221; \u2014 napisa\u0142, nawi\u0105zuj\u0105c w ten spos\u00f3b do swojej obietnicy z czerwca 2022 r.  Nale\u017cy jednak zaznaczy\u0107, \u017ce premier przedstawi\u0142 jednostkowy przyk\u0142ad stacji \u2014 obecnie \u015brednia cena paliwa Pb95 wynosi ok. 5,75 z\u0142 za litr.<\/p>\n<p>    Eksperci: przed \u015bwi\u0119tami paliwa na stacjach b\u0119d\u0105 ta\u0144sze<\/p>\n<p class=\"ods-c-paragraph \">Analitycy portalu e-Petrol zwracaj\u0105 uwag\u0119, \u017ce poza nieznacznie dro\u017cej\u0105cym autogazem na detalicznym rynku paliw zaobserwowa\u0107 mo\u017cna w ostatnich dniach zauwa\u017calny spadek koszt\u00f3w tankowania.<\/p>\n<p class=\"ods-c-paragraph \">\u2014 Przed \u015bwi\u0119tami na stacjach powinni\u015bmy zobaczy\u0107 kontynuacj\u0119 przeceny nap\u0119dzanej sytuacj\u0105 na rynku hurtowym. Do tego niekt\u00f3re sieci stacji paliw og\u0142osi\u0142y \u015bwi\u0105teczno-noworoczne promocje, kt\u00f3re pozwol\u0105 na dodatkowe oszcz\u0119dno\u015bci \u2014 prognozuj\u0105 analitycy.<\/p>\n","protected":false},"excerpt":{"rendered":"Przypomnijmy: na d\u0142ugo przed wyborami parlamentarnymi w 2023 r. Donald Tusk przekonywa\u0142, \u017ce &#8222;wystarczy jedna prosta decyzja, a&hellip;\n","protected":false},"author":2,"featured_media":165006,"comment_status":"","ping_status":"","sticky":false,"template":"","format":"standard","meta":{"footnotes":""},"categories":[16],"tags":[497,113,112,212,49,48,46,5021,42,38,40,39,41,47,495],"class_list":{"0":"post-165005","1":"post","2":"type-post","3":"status-publish","4":"format-standard","5":"has-post-thumbnail","7":"category-biznes","8":"tag-benzyna","9":"tag-biznes","10":"tag-business","11":"tag-donald_tusk","12":"tag-kraj","13":"tag-nat_styl","14":"tag-omp","15":"tag-paliwo","16":"tag-pl","17":"tag-poland","18":"tag-polish","19":"tag-polska","20":"tag-polski","21":"tag-screening_general","22":"tag-stacja_paliw"},"share_on_mastodon":{"url":"https:\/\/pubeurope.com\/@pl\/115763565269560023","error":""},"_links":{"self":[{"href":"https:\/\/www.europesays.com\/pl\/wp-json\/wp\/v2\/posts\/165005","targetHints":{"allow":["GET"]}}],"collection":[{"href":"https:\/\/www.europesays.com\/pl\/wp-json\/wp\/v2\/posts"}],"about":[{"href":"https:\/\/www.europesays.com\/pl\/wp-json\/wp\/v2\/types\/post"}],"author":[{"embeddable":true,"href":"https:\/\/www.europesays.com\/pl\/wp-json\/wp\/v2\/users\/2"}],"replies":[{"embeddable":true,"href":"https:\/\/www.europesays.com\/pl\/wp-json\/wp\/v2\/comments?post=165005"}],"version-history":[{"count":0,"href":"https:\/\/www.europesays.com\/pl\/wp-json\/wp\/v2\/posts\/165005\/revisions"}],"wp:featuredmedia":[{"embeddable":true,"href":"https:\/\/www.europesays.com\/pl\/wp-json\/wp\/v2\/media\/165006"}],"wp:attachment":[{"href":"https:\/\/www.europesays.com\/pl\/wp-json\/wp\/v2\/media?parent=165005"}],"wp:term":[{"taxonomy":"category","embeddable":true,"href":"https:\/\/www.europesays.com\/pl\/wp-json\/wp\/v2\/categories?post=165005"},{"taxonomy":"post_tag","embeddable":true,"href":"https:\/\/www.europesays.com\/pl\/wp-json\/wp\/v2\/tags?post=165005"}],"curies":[{"name":"wp","href":"https:\/\/api.w.org\/{rel}","templated":true}]}}