{"id":165021,"date":"2025-12-22T14:04:07","date_gmt":"2025-12-22T14:04:07","guid":{"rendered":"https:\/\/www.europesays.com\/pl\/165021\/"},"modified":"2025-12-22T14:04:07","modified_gmt":"2025-12-22T14:04:07","slug":"marcin-zarzecki-wchodzi-do-rpp-prezydent-podjal-decyzje","status":"publish","type":"post","link":"https:\/\/www.europesays.com\/pl\/165021\/","title":{"rendered":"Marcin Zarzecki wchodzi do RPP. Prezydent podj\u0105\u0142 decyzj\u0119"},"content":{"rendered":"<p class=\"ods-c-paragraph \">Jak czytamy w komunikacie Kancelarii Prezydenta, Karol Nawrocki <a href=\"https:\/\/wiadomosci.onet.pl\/kraj\/marcin-zarzecki-nowym-prezesem-polskiej-fundacji-narodowej\/1j84x68\" id=\"a715d371-5b4f-49a4-bafa-520b9f30e7ea\" rel=\"nofollow noopener\" target=\"_blank\">powo\u0142a\u0142 Marcina Zarzeckiego na stanowisko<\/a> postanowieniem z dnia 15 grudnia 2025 r. W poniedzia\u0142ek 22 grudnia w Pa\u0142acu Prezydenckim Zarzeckiemu zosta\u0142 wr\u0119czony akt powo\u0142ania.<\/p>\n<p class=\"ods-c-paragraph \">Marcin Zarzecki jest <a href=\"https:\/\/wiadomosci.onet.pl\/kraj\/jarek-z-broda-byl-z-karolem-nawrockim-przez-cala-kampanie-prezydencka\/d8tl6f8\" id=\"87c1a931-8b69-4e10-a4cf-88ffb8948aec\" rel=\"nofollow noopener\" target=\"_blank\">bliskim wsp\u00f3\u0142pracownikiem prezydenta Karola Nawrockiego<\/a>. Wsp\u00f3\u0142pracowali razem w Instytucie Pami\u0119ci Narodowej \u2014 obecny prezydent by\u0142 jego prezesem, a Zarzecki by\u0142 i jest wiceszefem Biura Przystank\u00f3w Historia.<\/p>\n<p>Dalszy ci\u0105g artyku\u0142u pod materia\u0142em wideo<\/p>\n<p> Kiedy Marcin Zarzecki zosta\u0142 powo\u0142any do Rady Polityki Pieni\u0119\u017cnej? <\/p>\n<p> Jakie stanowisko pe\u0142ni\u0142 Marcin Zarzecki w Instytucie Socjologii UKSW? <\/p>\n<p> Z kim wsp\u00f3\u0142pracowa\u0142 Marcin Zarzecki w Instytucie Pami\u0119ci Narodowej? <\/p>\n<p> Jakie by\u0142y wcze\u015bniejsze funkcje Marcina Zarzeckiego w Ministerstwie Kultury? <\/p>\n<p>  Kim jest Marcin Zarzecki?<\/p>\n<p class=\"ods-c-paragraph \">Kancelaria Prezydenta informuje, \u017ce Zarzecki to socjolog, statystyk, ekonometryk, metodolog nauk spo\u0142ecznych i ewaluator, nauczyciel akademicki. Pe\u0142ni\u0142 funkcj\u0119 zast\u0119pcy dyrektora Instytutu Socjologii Uniwersytetu Kardyna\u0142a Stefana Wyszy\u0144skiego w Warszawie, a w latach 2016\u20132019 by\u0142 prodziekanem Wydzia\u0142u Nauk Historycznych i Spo\u0142ecznych UKSW.<\/p>\n<p class=\"ods-c-paragraph \">W latach 2016\u20132018 by\u0142 prezesem Polskiego Towarzystwa Ewaluacyjnego, a w kadencji 2016\u20132023 cz\u0142onkiem Rady Instytutu Zachodniego im. Zygmunta Wojciechowskiego w Poznaniu. By\u0142 doradc\u0105 w Zespole konsultacyjnym do spraw bada\u0144 spo\u0142ecznych w Kancelarii Prezesa Rady Ministr\u00f3w. Pe\u0142ni\u0142 tak\u017ce funkcj\u0119 zast\u0119pcy dyrektora Departamentu W\u0142asno\u015bci Intelektualnej i Medi\u00f3w Ministerstwa Kultury i Dziedzictwa Narodowego.<\/p>\n","protected":false},"excerpt":{"rendered":"Jak czytamy w komunikacie Kancelarii Prezydenta, Karol Nawrocki powo\u0142a\u0142 Marcina Zarzeckiego na stanowisko postanowieniem z dnia 15 grudnia&hellip;\n","protected":false},"author":2,"featured_media":97591,"comment_status":"","ping_status":"","sticky":false,"template":"","format":"standard","meta":{"footnotes":""},"categories":[12],"tags":[32,33,36,37,27,43,49,34,35,32634,28,31,48,25,46,42,38,40,39,41,32633,47,29,30,26],"class_list":{"0":"post-165021","1":"post","2":"type-post","3":"status-publish","4":"format-standard","5":"has-post-thumbnail","7":"category-polska","8":"tag-breaking-news","9":"tag-breakingnews","10":"tag-featured-news","11":"tag-featurednews","12":"tag-headlines","13":"tag-karol_nawrocki","14":"tag-kraj","15":"tag-latest-news","16":"tag-latestnews","17":"tag-marcin_zarzecki","18":"tag-naglowki","19":"tag-najwazniejsze-artykuly","20":"tag-nat_styl","21":"tag-news","22":"tag-omp","23":"tag-pl","24":"tag-poland","25":"tag-polish","26":"tag-polska","27":"tag-polski","28":"tag-rada_polityki_pienieznej_rpp_","29":"tag-screening_general","30":"tag-top-stories","31":"tag-topstories","32":"tag-wiadomosci"},"share_on_mastodon":{"url":"https:\/\/pubeurope.com\/@pl\/115763600800229787","error":""},"_links":{"self":[{"href":"https:\/\/www.europesays.com\/pl\/wp-json\/wp\/v2\/posts\/165021","targetHints":{"allow":["GET"]}}],"collection":[{"href":"https:\/\/www.europesays.com\/pl\/wp-json\/wp\/v2\/posts"}],"about":[{"href":"https:\/\/www.europesays.com\/pl\/wp-json\/wp\/v2\/types\/post"}],"author":[{"embeddable":true,"href":"https:\/\/www.europesays.com\/pl\/wp-json\/wp\/v2\/users\/2"}],"replies":[{"embeddable":true,"href":"https:\/\/www.europesays.com\/pl\/wp-json\/wp\/v2\/comments?post=165021"}],"version-history":[{"count":0,"href":"https:\/\/www.europesays.com\/pl\/wp-json\/wp\/v2\/posts\/165021\/revisions"}],"wp:featuredmedia":[{"embeddable":true,"href":"https:\/\/www.europesays.com\/pl\/wp-json\/wp\/v2\/media\/97591"}],"wp:attachment":[{"href":"https:\/\/www.europesays.com\/pl\/wp-json\/wp\/v2\/media?parent=165021"}],"wp:term":[{"taxonomy":"category","embeddable":true,"href":"https:\/\/www.europesays.com\/pl\/wp-json\/wp\/v2\/categories?post=165021"},{"taxonomy":"post_tag","embeddable":true,"href":"https:\/\/www.europesays.com\/pl\/wp-json\/wp\/v2\/tags?post=165021"}],"curies":[{"name":"wp","href":"https:\/\/api.w.org\/{rel}","templated":true}]}}