{"id":165101,"date":"2025-12-22T14:47:12","date_gmt":"2025-12-22T14:47:12","guid":{"rendered":"https:\/\/www.europesays.com\/pl\/165101\/"},"modified":"2025-12-22T14:47:12","modified_gmt":"2025-12-22T14:47:12","slug":"general-zginal-w-zamachu-w-moskwie-kluczowa-postac-armii-wladimira-putina","status":"publish","type":"post","link":"https:\/\/www.europesays.com\/pl\/165101\/","title":{"rendered":"Genera\u0142 zgin\u0105\u0142 w zamachu w Moskwie. Kluczowa posta\u0107 armii W\u0142adimira Putina"},"content":{"rendered":"<ul class=\"UnorderedList_container__nmfSl\">\n<li class=\"UnorderedList_listElement__Py7xi\" data-id=\"ai-summary-link\">Du\u017co czytania, a ma\u0142o czasu? Sprawd\u017a\u00a0skr\u00f3t\u00a0artyku\u0142u<\/li>\n<\/ul>\n<p class=\"Paragraph_desktopParagraph__U31Gm\">Gen. por. Fani\u0142 Sarwarow by\u0142 bardzo znan\u0105 postaci\u0105 w rosyjskiej armii. Urodzony w Gremiaczinsku w obwodzie permskim wojskowy uko\u0144czy\u0142 Kaza\u0144sk\u0105 Wy\u017csz\u0105 Szko\u0142\u0119 Dow\u00f3dcz\u0105 Wojsk Pancernych. P\u00f3\u017aniej z powodzeniem uczy\u0142 si\u0119 na Wojskowej Akademii Wojsk Pancernych im. Marsza\u0142ka Zwi\u0105zku Radzieckiego R.J. Malinowskiego oraz Akademii Wojskowej Sztabu Generalnego Si\u0142 Zbrojnych Federacji Rosyjskiej.<\/p>\n<p class=\"VideoPlayerText_videoPlayerText__iDwyz\">Dalszy ci\u0105g materia\u0142u pod wideo<\/p>\n<p class=\"Paragraph_desktopParagraph__U31Gm\">Rosyjski portal RBC podaje, \u017ce na prze\u0142omie XX i XXI w. gen. por. Sarwarow uczestniczy\u0142 w dzia\u0142aniach wojennych podczas konfliktu osetyjsko-inguskiego i w wojnie czecze\u0144skiej. Z kolei w latach 2015-2016 bra\u0142 udzia\u0142 w operacji w Syrii.<\/p>\n<ul class=\"OchatFollowUps_wrapper__1ry7X\">\n<li class=\"OchatFollowUps_item__Dhyly OchatFollowUps_itemDesktop__R6aBv\">Kto zgin\u0105\u0142 w zamachu w Moskwie?<\/li>\n<li class=\"OchatFollowUps_item__Dhyly OchatFollowUps_itemDesktop__R6aBv\">Jakie by\u0142y rany gen. por. Sarwarowa?<\/li>\n<li class=\"OchatFollowUps_item__Dhyly OchatFollowUps_itemDesktop__R6aBv\">Czym zajmowa\u0142 si\u0119 gen. por. Sarwarow?<\/li>\n<li class=\"OchatFollowUps_item__Dhyly OchatFollowUps_itemDesktop__R6aBv\">Kiedy dosz\u0142o do zamachu na gen. por. Sarwarowa?<\/li>\n<\/ul>\n<p class=\"Paragraph_desktopParagraph__U31Gm\">P\u00f3\u017aniej mia\u0142 tak\u017ce sw\u00f3j udzia\u0142 w ataku wojsk rosyjskich na terytorium Ukrainy. Z informacji dost\u0119pnych na stronie Russian Torturers, kt\u00f3ra gromadzi dane na temat rosyjskich zbrodniarzy wojennych, wynika, \u017ce uczestniczy\u0142 w opracowywaniu scenariuszy \u0107wicze\u0144 i szkole\u0144, kt\u00f3re stanowi\u0142y podstaw\u0119 plan\u00f3w inwazji, a tak\u017ce koordynowa\u0142 dzia\u0142ania bojowe grup atakuj\u0105cych infrastruktur\u0119 cywiln\u0105 w najechanym kraju.<\/p>\n<p class=\"Paragraph_desktopParagraph__U31Gm\">Rosyjski wojskowy by\u0142 szefem departamentu szkolenia operacyjnego Ministerstwa Obrony Rosji. Przez lata s\u0142u\u017cby w armii zosta\u0142 uhonorowany licznymi odznaczeniami. By\u0142y to m.in.: Order &#8222;Za zas\u0142ugi dla Ojczyzny&#8221; I stopnia, czy Medal &#8222;Za Odwag\u0119&#8221;. Dosta\u0142 tak\u017ce honorowy tytu\u0142 &#8222;Zas\u0142u\u017cony Specjalista Wojskowy&#8221;. Z informacji dost\u0119pnych na rosyjskiej stronie Deklarator, kt\u00f3ra gromadzi dane na temat tamtejszych urz\u0119dnik\u00f3w pa\u0144stwowych, wynika, \u017ce 56-latek by\u0142 \u017conaty.<\/p>\n<p>Zamach w Moskwie. Nie \u017cyje gen. por. Fani\u0142 Sarwarow <\/p>\n<p class=\"Paragraph_desktopParagraph__U31Gm\">Do <a href=\"https:\/\/wiadomosci.onet.pl\/swiat\/eksplozja-samochodu-w-moskwie-zginal-gen-fanil-sarwarow\/fqve0vq\" id=\"c8182672-3d3e-4dd6-9cd0-111b15173599\" rel=\"nofollow noopener\" target=\"_blank\">zamachu na gen. por. Fani\u0142a Sarwarowa<\/a> dosz\u0142o w poniedzia\u0142ek ok. godz. 5 rano czasu polskiego w po\u0142udniowej cz\u0119\u015bci Moskwy. Samoch\u00f3d eksplodowa\u0142 kilka sekund po tym, jak wojskowy ruszy\u0142 spod domu.<\/p>\n<p class=\"Paragraph_desktopParagraph__U31Gm\">Z doniesie\u0144 rosyjskich medi\u00f3w wynika, \u017ce 56-latek mia\u0142 liczne rany od od\u0142amk\u00f3w, z\u0142amania, rany na nogach oraz po\u0142amane ko\u015bci twarzy. Rosyjski wojskowy nie prze\u017cy\u0142. Na razie nie wiadomo, kto dokona\u0142 zamachu.<\/p>\n","protected":false},"excerpt":{"rendered":"Du\u017co czytania, a ma\u0142o czasu? Sprawd\u017a\u00a0skr\u00f3t\u00a0artyku\u0142u Gen. por. Fani\u0142 Sarwarow by\u0142 bardzo znan\u0105 postaci\u0105 w rosyjskiej armii. Urodzony&hellip;\n","protected":false},"author":2,"featured_media":165102,"comment_status":"","ping_status":"","sticky":false,"template":"","format":"standard","meta":{"footnotes":""},"categories":[5],"tags":[32,33,36,37,27,67,64,34,35,4349,28,31,53,25,52,68,51,55,42,38,40,39,41,62,47,29,30,65,50,26],"class_list":{"0":"post-165101","1":"post","2":"type-post","3":"status-publish","4":"format-standard","5":"has-post-thumbnail","7":"category-naglowki","8":"tag-breaking-news","9":"tag-breakingnews","10":"tag-featured-news","11":"tag-featurednews","12":"tag-headlines","13":"tag-intextvideo_splayer","14":"tag-inwazja_rosji_na_ukraine_2014_","15":"tag-latest-news","16":"tag-latestnews","17":"tag-moskwa_miasto","18":"tag-naglowki","19":"tag-najwazniejsze-artykuly","20":"tag-new_header","21":"tag-news","22":"tag-onet3","23":"tag-onet3d","24":"tag-onet3d_2i","25":"tag-phx","26":"tag-pl","27":"tag-poland","28":"tag-polish","29":"tag-polska","30":"tag-polski","31":"tag-rosja_kraj_rosjanin_rosjanie_rosjanka_rosjanki","32":"tag-screening_general","33":"tag-top-stories","34":"tag-topstories","35":"tag-update_me","36":"tag-v2021","37":"tag-wiadomosci"},"share_on_mastodon":{"url":"https:\/\/pubeurope.com\/@pl\/115763770005091514","error":""},"_links":{"self":[{"href":"https:\/\/www.europesays.com\/pl\/wp-json\/wp\/v2\/posts\/165101","targetHints":{"allow":["GET"]}}],"collection":[{"href":"https:\/\/www.europesays.com\/pl\/wp-json\/wp\/v2\/posts"}],"about":[{"href":"https:\/\/www.europesays.com\/pl\/wp-json\/wp\/v2\/types\/post"}],"author":[{"embeddable":true,"href":"https:\/\/www.europesays.com\/pl\/wp-json\/wp\/v2\/users\/2"}],"replies":[{"embeddable":true,"href":"https:\/\/www.europesays.com\/pl\/wp-json\/wp\/v2\/comments?post=165101"}],"version-history":[{"count":0,"href":"https:\/\/www.europesays.com\/pl\/wp-json\/wp\/v2\/posts\/165101\/revisions"}],"wp:featuredmedia":[{"embeddable":true,"href":"https:\/\/www.europesays.com\/pl\/wp-json\/wp\/v2\/media\/165102"}],"wp:attachment":[{"href":"https:\/\/www.europesays.com\/pl\/wp-json\/wp\/v2\/media?parent=165101"}],"wp:term":[{"taxonomy":"category","embeddable":true,"href":"https:\/\/www.europesays.com\/pl\/wp-json\/wp\/v2\/categories?post=165101"},{"taxonomy":"post_tag","embeddable":true,"href":"https:\/\/www.europesays.com\/pl\/wp-json\/wp\/v2\/tags?post=165101"}],"curies":[{"name":"wp","href":"https:\/\/api.w.org\/{rel}","templated":true}]}}