{"id":165110,"date":"2025-12-22T14:52:11","date_gmt":"2025-12-22T14:52:11","guid":{"rendered":"https:\/\/www.europesays.com\/pl\/165110\/"},"modified":"2025-12-22T14:52:11","modified_gmt":"2025-12-22T14:52:11","slug":"zmiany-w-otoczeniu-wolodymyra-zelenskiego-chodzi-o-waznego-doradce-2","status":"publish","type":"post","link":"https:\/\/www.europesays.com\/pl\/165110\/","title":{"rendered":"Zmiany w otoczeniu Wo\u0142odymyra Ze\u0142enskiego. Chodzi o wa\u017cnego doradc\u0119"},"content":{"rendered":"<ul class=\"UnorderedList_container__nmfSl\">\n<li class=\"UnorderedList_listElement__Py7xi\" data-id=\"ai-summary-link\">Du\u017co czytania, a ma\u0142o czasu? Sprawd\u017a\u00a0skr\u00f3t\u00a0artyku\u0142u<\/li>\n<\/ul>\n<p class=\"Paragraph_desktopParagraph__U31Gm\">28 listopada Wo\u0142odymyr Ze\u0142enski przekaza\u0142, \u017ce szef jego kancelarii Andrij Jermak, kt\u00f3rego nazwisko figuruje w \u015bledztwie dotycz\u0105cym afery korupcyjnej, poda\u0142 si\u0119 do dymisji. Podkre\u015bli\u0142 w\u00f3wczas, \u017ce przyjmuje t\u0119 dymisj\u0119, poniewa\u017c &#8222;nie chce, aby kto\u015b mia\u0142 do Ukrainy jakiekolwiek pytania&#8221;.<\/p>\n<p class=\"VideoPlayerText_videoPlayerText__iDwyz\">Dalszy ci\u0105g materia\u0142u pod wideo<\/p>\n<p class=\"Paragraph_desktopParagraph__U31Gm\">W grudniu 2024 r. Jermak mia\u0142 dziewi\u0119ciu doradc\u00f3w i asystent\u00f3w. W\u015br\u00f3d nich znajdowa\u0142 si\u0119 Mychaj\u0142o Podolak, pe\u0142ni\u0105cy jednocze\u015bnie funkcj\u0119 doradcy ukrai\u0144skiego prezydenta. W rozmowie z portalem Detector Media Podolak podkre\u015bli\u0142 jednak, \u017ce nadal pracuje jako doradca w kancelarii Wo\u0142odymyra Ze\u0142enskiego.<\/p>\n<ul class=\"OchatFollowUps_wrapper__1ry7X\">\n<li class=\"OchatFollowUps_item__Dhyly OchatFollowUps_itemDesktop__R6aBv\">Kto zosta\u0142 zwolniony po dymisji Andrija Jermaka?<\/li>\n<li class=\"OchatFollowUps_item__Dhyly OchatFollowUps_itemDesktop__R6aBv\">Jakie kandydatury rozwa\u017ca Wo\u0142odymyr Ze\u0142enski na nowego szefa kancelarii?<\/li>\n<li class=\"OchatFollowUps_item__Dhyly OchatFollowUps_itemDesktop__R6aBv\">Czy Mychaj\u0142o Podolak nadal pracuje przy Ze\u0142enskim?<\/li>\n<li class=\"OchatFollowUps_item__Dhyly OchatFollowUps_itemDesktop__R6aBv\">Dlaczego Andrij Jermak poda\u0142 si\u0119 do dymisji?<\/li>\n<\/ul>\n<p class=\"Paragraph_desktopParagraph__U31Gm\">Oficjalna lista zwolnionych os\u00f3b nie zosta\u0142a upubliczniona. Wed\u0142ug stanu na grudzie\u0144 2024 r. Andrij Jermak mia\u0142 dziewi\u0119ciu doradc\u00f3w. Nale\u017celi do nich: Aleksandr Bewz, Lilia Paszynna, Wiktoria Romanowa i Tatiana Gajduczenko, Siergiej Leszczenko, Daria Zarowna, Mychaj\u0142o Podolak, Elina Jeljanowa i Aleksandr Rodnia\u0144ski.<\/p>\n<p>Kto nowym szefem kancelarii Wo\u0142odymyra Ze\u0142enskiego? <\/p>\n<p class=\"Paragraph_desktopParagraph__U31Gm\">Wo\u0142odymyr Ze\u0142enski 8 grudnia poinformowa\u0142, \u017ce rozwa\u017ca dwie kandydatury na urz\u0105d szefa Biura Prezydenta \u2014 ministra obrony Denysa Szmyhala lub pierwszego wicepremiera, ministra transformacji cyfrowej Mychaj\u0142y Fedorowa.<\/p>\n<p class=\"Paragraph_desktopParagraph__U31Gm\">\u2014 Mam warianty z ministrem Szmyhalem albo ministrem Fedorowem, ale tu pojawia si\u0119 wyzwanie, poniewa\u017c Rada Najwy\u017csza musi ich odwo\u0142a\u0107, zanim zostan\u0105 powo\u0142ani nowi [ministrowie]. I nie chcia\u0142bym, \u017ceby wysz\u0142o jak w grze Jenga: wyci\u0105gasz jeden klocek i wszystko si\u0119 rozsypuje \u2014 m\u00f3wi\u0142 Ze\u0142enski w rozmowie z dziennikarzami.<\/p>\n","protected":false},"excerpt":{"rendered":"Du\u017co czytania, a ma\u0142o czasu? Sprawd\u017a\u00a0skr\u00f3t\u00a0artyku\u0142u 28 listopada Wo\u0142odymyr Ze\u0142enski przekaza\u0142, \u017ce szef jego kancelarii Andrij Jermak, kt\u00f3rego&hellip;\n","protected":false},"author":2,"featured_media":164943,"comment_status":"","ping_status":"","sticky":false,"template":"","format":"standard","meta":{"footnotes":""},"categories":[14],"tags":[32,33,27,67,64,34,35,24960,28,31,53,25,52,68,51,55,40,41,47,80,29,30,65,50,26,309,82,83,84],"class_list":{"0":"post-165110","1":"post","2":"type-post","3":"status-publish","4":"format-standard","5":"has-post-thumbnail","7":"category-swiat","8":"tag-breaking-news","9":"tag-breakingnews","10":"tag-headlines","11":"tag-intextvideo_splayer","12":"tag-inwazja_rosji_na_ukraine_2014_","13":"tag-latest-news","14":"tag-latestnews","15":"tag-mychajlo_podolak","16":"tag-naglowki","17":"tag-najwazniejsze-artykuly","18":"tag-new_header","19":"tag-news","20":"tag-onet3","21":"tag-onet3d","22":"tag-onet3d_2i","23":"tag-phx","24":"tag-polish","25":"tag-polski","26":"tag-screening_general","27":"tag-swiat","28":"tag-top-stories","29":"tag-topstories","30":"tag-update_me","31":"tag-v2021","32":"tag-wiadomosci","33":"tag-wolodymyr_zelenski","34":"tag-world","35":"tag-world-news","36":"tag-worldnews"},"share_on_mastodon":{"url":"https:\/\/pubeurope.com\/@pl\/115763789451178125","error":""},"_links":{"self":[{"href":"https:\/\/www.europesays.com\/pl\/wp-json\/wp\/v2\/posts\/165110","targetHints":{"allow":["GET"]}}],"collection":[{"href":"https:\/\/www.europesays.com\/pl\/wp-json\/wp\/v2\/posts"}],"about":[{"href":"https:\/\/www.europesays.com\/pl\/wp-json\/wp\/v2\/types\/post"}],"author":[{"embeddable":true,"href":"https:\/\/www.europesays.com\/pl\/wp-json\/wp\/v2\/users\/2"}],"replies":[{"embeddable":true,"href":"https:\/\/www.europesays.com\/pl\/wp-json\/wp\/v2\/comments?post=165110"}],"version-history":[{"count":0,"href":"https:\/\/www.europesays.com\/pl\/wp-json\/wp\/v2\/posts\/165110\/revisions"}],"wp:featuredmedia":[{"embeddable":true,"href":"https:\/\/www.europesays.com\/pl\/wp-json\/wp\/v2\/media\/164943"}],"wp:attachment":[{"href":"https:\/\/www.europesays.com\/pl\/wp-json\/wp\/v2\/media?parent=165110"}],"wp:term":[{"taxonomy":"category","embeddable":true,"href":"https:\/\/www.europesays.com\/pl\/wp-json\/wp\/v2\/categories?post=165110"},{"taxonomy":"post_tag","embeddable":true,"href":"https:\/\/www.europesays.com\/pl\/wp-json\/wp\/v2\/tags?post=165110"}],"curies":[{"name":"wp","href":"https:\/\/api.w.org\/{rel}","templated":true}]}}