{"id":165114,"date":"2025-12-22T14:55:09","date_gmt":"2025-12-22T14:55:09","guid":{"rendered":"https:\/\/www.europesays.com\/pl\/165114\/"},"modified":"2025-12-22T14:55:09","modified_gmt":"2025-12-22T14:55:09","slug":"wazny-komunikat-skry-belchatow-chodzi-o-trenera","status":"publish","type":"post","link":"https:\/\/www.europesays.com\/pl\/165114\/","title":{"rendered":"Wa\u017cny komunikat Skry Be\u0142chat\u00f3w. Chodzi o trenera"},"content":{"rendered":"\n<p class=\"contentpart contentpart--default contentpart--text\" data-position=\"0\">Jeszcze jako zawodnik\u00a0<a href=\"https:\/\/sportowefakty.wp.pl\/siatkowka\/krzysztof-stelmach\" rel=\"nofollow noopener\" target=\"_blank\">Krzysztof Stelmach<\/a>\u00a0odnosi\u0142 z <a href=\"https:\/\/sportowefakty.wp.pl\/siatkowka\/skra-belchatow\" rel=\"nofollow noopener\" target=\"_blank\">PGE GiEK Skr\u0105 Be\u0142chat\u00f3w<\/a>\u00a0liczne sukcesy. W trakcie trzyletniego pobytu pom\u00f3g\u0142 dru\u017cynie zdoby\u0107 trzy tytu\u0142y mistrza Polski, dwa Puchary Polski oraz br\u0105zowy medal <a href=\"https:\/\/sportowefakty.wp.pl\/siatkowka\/liga-mistrzow\" rel=\"nofollow noopener\" target=\"_blank\">Ligi Mistrz\u00f3w<\/a>. Po zako\u0144czeniu kariery siatkarskiej, p\u0142ynnie przeszed\u0142 do roli szkoleniowca.<\/p>\n<p class=\"contentpart contentpart--default contentpart--text\" data-position=\"1\">W sezonie 2016\/2017 wr\u00f3ci\u0142 do Be\u0142chatowa, gdzie pe\u0142ni\u0142 funkcj\u0119 asystenta trenera. Na kolejny powr\u00f3t do Skry czeka\u0107 musia\u0142 a\u017c do 2025 roku, kiedy to obj\u0105\u0142 stery nad zespo\u0142em ju\u017c jako pierwszy trener.\u00a0Dru\u017cyna pod jego wodz\u0105 spisuje si\u0119 fenomenalnie. To nie przesz\u0142o niezauwa\u017cone przez w\u0142adze klubu, kt\u00f3re zdecydowa\u0142y si\u0119 na przed\u0142u\u017cenie umowy Stelmacha do ko\u0144ca sezonu 2026\/2027.<\/p>\n<p> <img role=\"presentation\" src=\"https:\/\/std.wpcdn.pl\/images\/adv\/placeholder_wp.svg\" loading=\"lazy\" alt=\"\" decoding=\"async\"\/>  <\/p>\n<p class=\"contentpart contentpart--default contentpart--text\" data-position=\"2\">ZOBACZ WIDEO: #dziejesiewsporcie: Co to by\u0142 za rzut! Skrad\u0142 show przed meczem<\/p>\n<p class=\"contentpart contentpart--default contentpart--text\" data-position=\"4\">&#8211; Trener potwierdzi\u0142 swoje kompetencje, zaanga\u017cowanie oraz pe\u0142ne zrozumienie to\u017csamo\u015bci i ambicji naszego klubu. Cieszy nas, \u017ce wizja dalszego rozwoju dru\u017cyny jest sp\u00f3jna i \u017ce wsp\u00f3lnie chcemy kontynuowa\u0107 proces odbudowy silnej PGE GiEK Skry Be\u0142chat\u00f3w. Mamy zaufanie do pracy trenera i wierzymy, \u017ce stabilizacja na tym stanowisku pozwoli nam konsekwentnie realizowa\u0107 sportowe cele &#8211; powiedzia\u0142 <a href=\"https:\/\/sportowefakty.wp.pl\/siatkowka\/michal-bakiewicz\" rel=\"nofollow noopener\" target=\"_blank\">Micha\u0142 B\u0105kiewicz<\/a>, prezes zarz\u0105du KPS Skra Be\u0142chat\u00f3w S.A., cytowany przez stron\u0119 klubow\u0105.<\/p>\n<p class=\"contentpart contentpart--default contentpart--text\" data-position=\"5\">Podopieczni Krzysztofa Stelmacha po 13. kolejkach <a href=\"https:\/\/sportowefakty.wp.pl\/siatkowka\/plusliga\" rel=\"nofollow noopener\" target=\"_blank\">PlusLigi<\/a>\u00a0zajmuj\u0105 czwarte miejsce w tabeli ligowej z dziewi\u0119cioma zwyci\u0119stwami na swoim koncie. Do lidera, <a href=\"https:\/\/sportowefakty.wp.pl\/siatkowka\/azs-politechnika-warszawska\" rel=\"nofollow noopener\" target=\"_blank\">PGE Projektu Warszawa<\/a>\u00a0trac\u0105 zaledwie punkt. Tym samym Skra wywalczy\u0142a prawo gry w \u0107wier\u0107finale Pucharu Polski.<\/p>\n<p class=\"contentpart contentpart--default contentpart--text\" data-position=\"6\">Dobra praca polskiego szkoleniowca ma r\u00f3wnie\u017c odzwierciedlenie w indywidualnej postawie siatkarzy. <a href=\"https:\/\/sportowefakty.wp.pl\/siatkowka\/bartlomiej-lemanski\" rel=\"nofollow noopener\" target=\"_blank\">Bart\u0142omiej Lema\u0144ski<\/a>\u00a0znajduje si\u0119 w czo\u0142\u00f3wce najlepiej blokuj\u0105cych ligi, natomiast <a href=\"https:\/\/sportowefakty.wp.pl\/siatkowka\/grzegorz-lomacz\" rel=\"nofollow noopener\" target=\"_blank\">Grzegorz \u0141omacz<\/a>\u00a0i <a href=\"https:\/\/sportowefakty.wp.pl\/siatkowka\/daniel-chitigoi\" rel=\"nofollow noopener\" target=\"_blank\">Daniel Chitigoi<\/a>\u00a0s\u0105 jednymi z najlepszych zawodnik\u00f3w na swoich pozycjach.<\/p>\n","protected":false},"excerpt":{"rendered":"Jeszcze jako zawodnik\u00a0Krzysztof Stelmach\u00a0odnosi\u0142 z PGE GiEK Skr\u0105 Be\u0142chat\u00f3w\u00a0liczne sukcesy. W trakcie trzyletniego pobytu pom\u00f3g\u0142 dru\u017cynie zdoby\u0107 trzy&hellip;\n","protected":false},"author":2,"featured_media":165115,"comment_status":"","ping_status":"","sticky":false,"template":"","format":"standard","meta":{"footnotes":""},"categories":[24],"tags":[693,32650,270,24687,42,38,40,39,41,131,127,126],"class_list":{"0":"post-165114","1":"post","2":"type-post","3":"status-publish","4":"format-standard","5":"has-post-thumbnail","7":"category-sport","8":"tag-europejskie-puchary","9":"tag-krzysztof-stelmach","10":"tag-liga-mistrzow","11":"tag-pge-giek-skra-belchatow","12":"tag-pl","13":"tag-poland","14":"tag-polish","15":"tag-polska","16":"tag-polski","17":"tag-siatkowka","18":"tag-sport","19":"tag-sports"},"share_on_mastodon":{"url":"https:\/\/pubeurope.com\/@pl\/115763801580455578","error":""},"_links":{"self":[{"href":"https:\/\/www.europesays.com\/pl\/wp-json\/wp\/v2\/posts\/165114","targetHints":{"allow":["GET"]}}],"collection":[{"href":"https:\/\/www.europesays.com\/pl\/wp-json\/wp\/v2\/posts"}],"about":[{"href":"https:\/\/www.europesays.com\/pl\/wp-json\/wp\/v2\/types\/post"}],"author":[{"embeddable":true,"href":"https:\/\/www.europesays.com\/pl\/wp-json\/wp\/v2\/users\/2"}],"replies":[{"embeddable":true,"href":"https:\/\/www.europesays.com\/pl\/wp-json\/wp\/v2\/comments?post=165114"}],"version-history":[{"count":0,"href":"https:\/\/www.europesays.com\/pl\/wp-json\/wp\/v2\/posts\/165114\/revisions"}],"wp:featuredmedia":[{"embeddable":true,"href":"https:\/\/www.europesays.com\/pl\/wp-json\/wp\/v2\/media\/165115"}],"wp:attachment":[{"href":"https:\/\/www.europesays.com\/pl\/wp-json\/wp\/v2\/media?parent=165114"}],"wp:term":[{"taxonomy":"category","embeddable":true,"href":"https:\/\/www.europesays.com\/pl\/wp-json\/wp\/v2\/categories?post=165114"},{"taxonomy":"post_tag","embeddable":true,"href":"https:\/\/www.europesays.com\/pl\/wp-json\/wp\/v2\/tags?post=165114"}],"curies":[{"name":"wp","href":"https:\/\/api.w.org\/{rel}","templated":true}]}}