{"id":165150,"date":"2025-12-22T15:13:11","date_gmt":"2025-12-22T15:13:11","guid":{"rendered":"https:\/\/www.europesays.com\/pl\/165150\/"},"modified":"2025-12-22T15:13:11","modified_gmt":"2025-12-22T15:13:11","slug":"szwedzi-przeszukali-rosyjski-statek-adler-zdecydowali-co-dalej","status":"publish","type":"post","link":"https:\/\/www.europesays.com\/pl\/165150\/","title":{"rendered":"Szwedzi przeszukali rosyjski statek Adler. Zdecydowali, co dalej"},"content":{"rendered":"<p data-section=\"detail-body\">Jak pisze serwis Euromaidan Press, przeprowadzona kontrola celna zako\u0144czy\u0142a si\u0119 w niedzielne popo\u0142udnie. Do wieczora prokuratura nie zdecydowa\u0142a o wszcz\u0119ciu dochodzenia w sprawie podejrzenia naruszenia mi\u0119dzynarodowych sankcji. W efekcie rosyjski statek w poniedzia\u0142ek rano otrzyma\u0142 zgod\u0119 na opuszczenie terytorialnych w\u00f3d Szwecji.<\/p>\n<p class=\"article_p\" data-section=\"detail-body\">&#8222;Statek kieruje si\u0119 na p\u00f3\u0142noc, ale nie zg\u0142osi\u0142 \u017cadnego portu docelowego&#8221; \u2014 poinformowa\u0142 Fredrik Stromback, rzecznik szwedzkiej administracji morskiej.<\/p>\n<ul class=\"article_ul\">\n<li class=\"article_ul_li\"><a href=\"https:\/\/wiadomosci.onet.pl\/swiat\/kanal-la-manche-pod-obserwacja-brytyjczycy-przechwycili-rosyjskie-okrety\/n9y2p20\" rel=\"nofollow noopener\" target=\"_blank\">Wielka Brytania przechwyci\u0142a dwa rosyjskie okr\u0119ty. Ambasada Rosji odpowiada<\/a><\/li>\n<\/ul>\n<p>        Szwedzi weszli na pok\u0142ad rosyjskiego statku Adler<\/p>\n<p class=\"article_p\" data-section=\"detail-body\"><a href=\"https:\/\/www.onet.pl\/informacje\/belsatpl\/abordaz-na-baltyku-szwedzkie-sluzby-wkroczyly-na-rosyjski-statek\/fg96e72,0666d3f1\" id=\"c61000ff-0b2c-488e-822b-f233eed033b3\" rel=\"nofollow noopener\" target=\"_blank\">W niedziel\u0119 Onet poinformowa\u0142, \u017ce szwedzkie s\u0142u\u017cby wesz\u0142y na pok\u0142ad rosyjskiego statku Adler<\/a>. Jednostka figuruje na li\u015bcie sankcyjnej jako podejrzana o przewo\u017cenie p\u00f3\u0142nocnokorea\u0144skiej broni.<\/p>\n<p class=\"article_p\" data-section=\"detail-body\">Statek zakotwiczy\u0142 u wybrze\u017cy Hoganas w Cie\u015bninie Sund w nocy z 20 na 21 grudnia, zg\u0142aszaj\u0105c awari\u0119 silnika. Operacj\u0119 wej\u015bcia na pok\u0142ad prowadzili szwedzcy celnicy przy wsparciu stra\u017cy przybrze\u017cnej, policji i prokuratury.<\/p>\n<p>            Czytaj tak\u017ce w BUSINESS INSIDER<\/p>\n<p class=\"article_p\" data-section=\"detail-body\">&#8222;Adler nie zamierza\u0142 wp\u0142ywa\u0107 na wody Szwecji, ale towary z pa\u0144stwa trzeciego znalaz\u0142y si\u0119 na wodach naszego kraju, wi\u0119c musimy sprawdzi\u0107 ich status&#8221; \u2014 t\u0142umaczy\u0142 w niedziel\u0119 Martin Sorell ze szwedzkiej s\u0142u\u017cby celnej.<\/p>\n<ul class=\"article_ul\">\n<li class=\"article_ul_li\"><a href=\"https:\/\/wiadomosci.onet.pl\/swiat\/turecki-tankowiec-zostal-zaatakowany-teraz-rezygnuje-ze-wspolpracy-z-rosja\/dhje2bh\" rel=\"nofollow noopener\" target=\"_blank\">Turecki tankowiec zosta\u0142 zaatakowany. Teraz rezygnuje ze wsp\u00f3\u0142pracy z Rosj\u0105<\/a><\/li>\n<\/ul>\n<p>        Co przewozi rosyjski statek Adler?<\/p>\n<p class=\"article_p\" data-section=\"detail-body\">Jak pisze Euromaidan Press, do tej pory jednostka odbywa\u0142a rejsy g\u0142\u00f3wnie mi\u0119dzy rosyjskimi portami w Kronsztadzie, Murma\u0144sku i Sankt Petersburgu a portami afryka\u0144skimi, w tym Pointe-Noire, Konakry, Algier i Oran. Odnotowano r\u00f3wnie\u017c transport broni do Chin, w tym dostaw\u0119 komponent\u00f3w systemu rakiet przeciwlotniczych S-400 w 2018 r.<\/p>\n","protected":false},"excerpt":{"rendered":"Jak pisze serwis Euromaidan Press, przeprowadzona kontrola celna zako\u0144czy\u0142a si\u0119 w niedzielne popo\u0142udnie. Do wieczora prokuratura nie zdecydowa\u0142a&hellip;\n","protected":false},"author":2,"featured_media":165151,"comment_status":"","ping_status":"","sticky":false,"template":"","format":"standard","meta":{"footnotes":""},"categories":[14],"tags":[32,33,27,34,35,28,31,25,40,41,80,29,30,26,82,83,84],"class_list":{"0":"post-165150","1":"post","2":"type-post","3":"status-publish","4":"format-standard","5":"has-post-thumbnail","7":"category-swiat","8":"tag-breaking-news","9":"tag-breakingnews","10":"tag-headlines","11":"tag-latest-news","12":"tag-latestnews","13":"tag-naglowki","14":"tag-najwazniejsze-artykuly","15":"tag-news","16":"tag-polish","17":"tag-polski","18":"tag-swiat","19":"tag-top-stories","20":"tag-topstories","21":"tag-wiadomosci","22":"tag-world","23":"tag-world-news","24":"tag-worldnews"},"share_on_mastodon":{"url":"https:\/\/pubeurope.com\/@pl\/115763872104376966","error":""},"_links":{"self":[{"href":"https:\/\/www.europesays.com\/pl\/wp-json\/wp\/v2\/posts\/165150","targetHints":{"allow":["GET"]}}],"collection":[{"href":"https:\/\/www.europesays.com\/pl\/wp-json\/wp\/v2\/posts"}],"about":[{"href":"https:\/\/www.europesays.com\/pl\/wp-json\/wp\/v2\/types\/post"}],"author":[{"embeddable":true,"href":"https:\/\/www.europesays.com\/pl\/wp-json\/wp\/v2\/users\/2"}],"replies":[{"embeddable":true,"href":"https:\/\/www.europesays.com\/pl\/wp-json\/wp\/v2\/comments?post=165150"}],"version-history":[{"count":0,"href":"https:\/\/www.europesays.com\/pl\/wp-json\/wp\/v2\/posts\/165150\/revisions"}],"wp:featuredmedia":[{"embeddable":true,"href":"https:\/\/www.europesays.com\/pl\/wp-json\/wp\/v2\/media\/165151"}],"wp:attachment":[{"href":"https:\/\/www.europesays.com\/pl\/wp-json\/wp\/v2\/media?parent=165150"}],"wp:term":[{"taxonomy":"category","embeddable":true,"href":"https:\/\/www.europesays.com\/pl\/wp-json\/wp\/v2\/categories?post=165150"},{"taxonomy":"post_tag","embeddable":true,"href":"https:\/\/www.europesays.com\/pl\/wp-json\/wp\/v2\/tags?post=165150"}],"curies":[{"name":"wp","href":"https:\/\/api.w.org\/{rel}","templated":true}]}}