{"id":165176,"date":"2025-12-22T15:26:10","date_gmt":"2025-12-22T15:26:10","guid":{"rendered":"https:\/\/www.europesays.com\/pl\/165176\/"},"modified":"2025-12-22T15:26:10","modified_gmt":"2025-12-22T15:26:10","slug":"akt-oskarzenia-przeciwko-danielowi-obajtkowi-chodzi-o-umowy-orlenu","status":"publish","type":"post","link":"https:\/\/www.europesays.com\/pl\/165176\/","title":{"rendered":"Akt oskar\u017cenia przeciwko Danielowi Obajtkowi. Chodzi o umowy Orlenu"},"content":{"rendered":"<p class=\"ods-c-paragraph \">Prokuratura Regionalna w Warszawie skierowa\u0142a do S\u0105du Rejonowego dla Warszawy \u2014 \u015ar\u00f3dmie\u015bcia w Warszawie akt oskar\u017cenia przeciwko Danielowi Obajtkowi \u2014 by\u0142emu Prezesowi Zarz\u0105du Orlen S.A. oraz Zbigniewowi L. \u2014 by\u0142emu Dyrektorowi Biura Kontroli i Bezpiecze\u0144stwa w Orlen S.A. i Wojciechowi K. \u2014 w\u0142a\u015bcicielowi firmy detektywistycznej.<\/p>\n<p> Kto jest oskar\u017cony w tej sprawie? <\/p>\n<p> Jakie umowy zawar\u0142 Daniel Obajtek? <\/p>\n<p> Jak\u0105 kwot\u0119 dotyczy\u0142y umowy Orlenu? <\/p>\n<p> Co by\u0142o celem dzia\u0142a\u0144 Daniela Obajtka? <\/p>\n<p class=\"ods-c-paragraph \">&#8222;Daniel Obajtek zosta\u0142 oskar\u017cony o to, \u017ce w okresie od lipca do grudnia 2021 r., b\u0119d\u0105c Prezesem Zarz\u0105du Orlen S.A. nadu\u017cy\u0142 uprawnie\u0144 w zakresie prawid\u0142owego zarz\u0105dzania mieniem sp\u00f3\u0142ki poprzez wykorzystanie zale\u017cno\u015bci s\u0142u\u017cbowej i polecenie Zbigniewowi L. \u2014 by\u0142emu Dyrektorowi Biura Kontroli i Bezpiecze\u0144stwa w Orlen S.A. \u2014 zawarcie, bez przeprowadzenia post\u0119powania przetargowego, dw\u00f3ch um\u00f3w z Wojciechem K., prowadz\u0105cym dzia\u0142alno\u015b\u0107 detektywistyczn\u0105&#8221; \u2014 informuje Prokuratura Regionalna.<\/p>\n<p>   Informacje na temat maj\u0105tku i \u017cycia prywatnego opozycji. Tego szukali detektywi<\/p>\n<p class=\"ods-c-paragraph \">Jak wynika z ustale\u0144 Prokuratury, umowy te, na \u0142\u0105czn\u0105 kwot\u0119 393 tys. 600 z\u0142, dotyczy\u0142y \u015bwiadczenia us\u0142ug polegaj\u0105cych na identyfikacji i udokumentowaniu dzia\u0142a\u0144 nieuczciwej konkurencji wobec sp\u00f3\u0142ki Orlen S.A., a w rzeczywisto\u015bci, jak ustali\u0142a prokuratura, umowy te s\u0142u\u017cy\u0142y realizacji prywatnych interes\u00f3w Daniela Obajtka i nie mia\u0142y znaczenia ekonomicznego ani zwi\u0105zku z bezpiecze\u0144stwem fizycznym czy gospodarczym sp\u00f3\u0142ki.<\/p>\n<p class=\"ods-c-paragraph \">Ich faktycznym celem by\u0142o gromadzenie informacji na temat stanu maj\u0105tkowego i \u017cycia prywatnego polityk\u00f3w opozycji parlamentarnej. Daniel Obajtek swoim dzia\u0142aniem wyrz\u0105dzi\u0142 sp\u00f3\u0142ce Orlen S.A. szkod\u0119 maj\u0105tkow\u0105 w \u0142\u0105cznej kwocie 393 tys. 600 z\u0142.<\/p>\n<p class=\"ods-c-paragraph \">7 pa\u017adziernika 2025 r. Parlament Europejski wyrazi\u0142 zgod\u0119 na poci\u0105gniecie Daniela Obajtka do odpowiedzialno\u015bci karnej.<\/p>\n","protected":false},"excerpt":{"rendered":"Prokuratura Regionalna w Warszawie skierowa\u0142a do S\u0105du Rejonowego dla Warszawy \u2014 \u015ar\u00f3dmie\u015bcia w Warszawie akt oskar\u017cenia przeciwko Danielowi&hellip;\n","protected":false},"author":2,"featured_media":165177,"comment_status":"","ping_status":"","sticky":false,"template":"","format":"standard","meta":{"footnotes":"","_share_on_mastodon":"0"},"categories":[16],"tags":[113,112,4477,49,48,46,774,42,38,40,39,41,47],"class_list":["post-165176","post","type-post","status-publish","format-standard","has-post-thumbnail","category-biznes","tag-biznes","tag-business","tag-daniel_obajtek","tag-kraj","tag-nat_styl","tag-omp","tag-orlen","tag-pl","tag-poland","tag-polish","tag-polska","tag-polski","tag-screening_general"],"share_on_mastodon":{"url":"https:\/\/pubeurope.com\/@pl\/115763923386582745","error":""},"_links":{"self":[{"href":"https:\/\/www.europesays.com\/pl\/wp-json\/wp\/v2\/posts\/165176","targetHints":{"allow":["GET"]}}],"collection":[{"href":"https:\/\/www.europesays.com\/pl\/wp-json\/wp\/v2\/posts"}],"about":[{"href":"https:\/\/www.europesays.com\/pl\/wp-json\/wp\/v2\/types\/post"}],"author":[{"embeddable":true,"href":"https:\/\/www.europesays.com\/pl\/wp-json\/wp\/v2\/users\/2"}],"replies":[{"embeddable":true,"href":"https:\/\/www.europesays.com\/pl\/wp-json\/wp\/v2\/comments?post=165176"}],"version-history":[{"count":0,"href":"https:\/\/www.europesays.com\/pl\/wp-json\/wp\/v2\/posts\/165176\/revisions"}],"wp:featuredmedia":[{"embeddable":true,"href":"https:\/\/www.europesays.com\/pl\/wp-json\/wp\/v2\/media\/165177"}],"wp:attachment":[{"href":"https:\/\/www.europesays.com\/pl\/wp-json\/wp\/v2\/media?parent=165176"}],"wp:term":[{"taxonomy":"category","embeddable":true,"href":"https:\/\/www.europesays.com\/pl\/wp-json\/wp\/v2\/categories?post=165176"},{"taxonomy":"post_tag","embeddable":true,"href":"https:\/\/www.europesays.com\/pl\/wp-json\/wp\/v2\/tags?post=165176"}],"curies":[{"name":"wp","href":"https:\/\/api.w.org\/{rel}","templated":true}]}}