{"id":165461,"date":"2025-12-22T18:06:10","date_gmt":"2025-12-22T18:06:10","guid":{"rendered":"https:\/\/www.europesays.com\/pl\/165461\/"},"modified":"2025-12-22T18:06:10","modified_gmt":"2025-12-22T18:06:10","slug":"najbardziej-wyczekiwane-filmy-2026-roku-wielkie-nazwiska-wracaja-do-kin","status":"publish","type":"post","link":"https:\/\/www.europesays.com\/pl\/165461\/","title":{"rendered":"Najbardziej wyczekiwane filmy 2026 roku. Wielkie nazwiska wracaj\u0105 do kin"},"content":{"rendered":"<p class=\"art_paragraph\">Pocz\u0105tek roku to dla polskich fan\u00f3w Oscar\u00f3w nadrabianie seans\u00f3w produkcji, kt\u00f3re b\u0119d\u0105 mia\u0142y du\u017ce szanse na nagrod\u0119. 23 stycznia do kin wejdzie &#8222;Hamnet&#8221;, a tydzie\u0144 p\u00f3\u017aniej &#8222;Wielki Marty&#8221; &#8211; by\u0107 mo\u017ce z oscarow\u0105 rol\u0105 Timotheego Chalameta. 20 lutego uka\u017ce si\u0119 &#8222;To by\u0142 zwyk\u0142y przypadek&#8221; oraz &#8222;Kopn\u0119\u0142abym ci\u0119, gdybym mog\u0142a&#8221; ze \u015bwietnymi recenzjami krytyk\u00f3w, siedem dni p\u00f3\u017aniej na wielki ekran trafi te\u017c doceniana\u00a0&#8222;Warto\u015b\u0107 sentymentalna&#8221;.<\/p>\n<p> Premiery filmowe 2026. Co trafi do kin?<\/p>\n<p class=\"art_paragraph\">W\u015br\u00f3d polskich premier na 2026 rok warto wyr\u00f3\u017cni\u0107 pierwszy rodzimy film stworzony na potrzeby formatu IMAX, czyli &#8222;Dziki&#8221;, kt\u00f3ry zadebiutuje w kinach 1 stycznia. 22 dni p\u00f3\u017aniej widzowie b\u0119d\u0105 mogli zobaczy\u0107 &#8222;Wielk\u0105 Warszawsk\u0105&#8221;. 6 marca zadebiutuje trzecia cz\u0119\u015b\u0107 &#8222;Za du\u017cego na bajki&#8221;, 13 lutego trzecia ju\u017c cz\u0119\u015b\u0107 &#8222;Piep*zy\u0107 Mickiewicza&#8221;, a 30 wrze\u015bnia pe\u0142nometra\u017cowa &#8222;Lalka&#8221;.<\/p>\n<p class=\"art_paragraph\">W przysz\u0142ym roku do kin powr\u00f3c\u0105 tak\u017ce wielkie nazwiska. Ridley Scott 27 marca uraczy widz\u00f3w filmem &#8222;Gwiazdozbi\u00f3r Psa&#8221; z gwiazdorsk\u0105 obsad\u0105. W produkcji zobaczymy Jacoba Elordiego, Josha Brolina, Guya Pearce&#8217;a i Margaret Qualley. Nowe dzie\u0142o zaprezentuje \u015bwiatu tak\u017ce Steven Spielberg. 12 czerwca do kin trafi &#8222;Dzie\u0144 objawienia&#8221;. Robert Pattinson podzieli ekran z Zenday\u0105 w <a href=\"https:\/\/kultura.gazeta.pl\/kultura\/0,114438.html#anchorLink\" rel=\"nofollow noopener\" target=\"_blank\">filmie<\/a> &#8222;Drama&#8221; (polska <a href=\"https:\/\/kultura.gazeta.pl\/premiery#anchorLink\" rel=\"nofollow noopener\" target=\"_blank\">premiera<\/a> 10 kwietnia), Meryl Streep i Anne Hathaway wr\u00f3c\u0105 do swoich r\u00f3l za spraw\u0105 premiery &#8222;Diabe\u0142 ubiera si\u0119 u Prady 2&#8221; (1 maja), a <a href=\"https:\/\/kultura.gazeta.pl\/kultura\/7,114438,32325599,dostal-wymarzona-role-ale-nigdy-jej-nie-zagral-z-obsady-wylecial.html#anchorLink\" rel=\"nofollow noopener\" target=\"_blank\">Ryan Gosling<\/a> pojawi si\u0119 w &#8222;Projekcie Hail Mary&#8221; (20 marca).<\/p>\n<p class=\"art_paragraph\">Fani horror\u00f3w t\u0142umnie udadz\u0105 si\u0119 zapewne na &#8222;28 lat p\u00f3\u017aniej: \u015awi\u0105tynia ko\u015bci&#8221; (16 stycznia), &#8222;Krzyk 7&#8221; (27 lutego), now\u0105 adaptacj\u0119 &#8222;Frankensteina&#8221; z Christianem Bale&#8217;em &#8222;Panna m\u0142oda!&#8221; (6 marca) i &#8222;Pomocy&#8221; (30 stycznia) Sama Raimiego, kt\u00f3ry intryguje zwiastunem. Opr\u00f3cz tego na premier\u0119 czeka &#8222;Powr\u00f3t do Silent Hill&#8221; (22 stycznia), &#8222;Szympans&#8221; (30 stycznia) i nowa &#8222;Mumia&#8221; (bez daty polskiej premiery).<\/p>\n<p class=\"art_paragraph\">Gwiazd\u0119 oscarowej &#8222;Anory&#8221; Mikey Madison u boku Jeremy&#8217;ego Stronga i Jeremy&#8217;ego Allena White&#8217;a zobaczymy w filmie &#8222;The Social Reckoning&#8221;, kt\u00f3ry trafi do kin 9 pa\u017adziernika. Jedna z najbardziej wyczekiwanych premier 2026 roku to niew\u0105tpliwie &#8222;Odyseja&#8221; Christophera Nolana (17 lipca). Ciekawie zapowiada si\u0119 tak\u017ce queerowy &#8222;Pillion&#8221; (20 lutego) oraz budz\u0105ce kontrowersje od pierwszego zwiastuna &#8222;Wichrowe wzg\u00f3rza&#8221; (14 lutego). Z kolei ju\u017c od 1 stycznia w kinach b\u0119dzie mo\u017cna ogl\u0105da\u0107 &#8222;Pomoc domow\u0105&#8221; z Sidney Sweeney.<\/p>\n<p class=\"art_paragraph\">Og\u0142aszany koniec kina superbohaterskiego to brednie malkontent\u00f3w. W 2025 roku wszystkie produkcje pe\u0142nometra\u017cowe nale\u017c\u0105ce do MCU trafi\u0142y do pierwszej pi\u0119tnastki najlepiej zarabiaj\u0105cych film\u00f3w na \u015bwiecie. Do tego grona do\u0142\u0105czy\u0142 tak\u017ce &#8222;Superman&#8221;. W 2026 roku uniwersum DCU rozszerzy si\u0119 o &#8222;Supergirl&#8221; (premiera 26 czerwca) z Milly Alcock w tytu\u0142owej roli. Fani Marvela ju\u017c rozpocz\u0119li odliczanie do 28 grudnia. W\u00f3wczas uka\u017ce si\u0119 najbardziej oczekiwana produkcja uniwersum od czas\u00f3w &#8222;Endgame&#8221;, czyli &#8222;Avengers: Doomsday&#8221;. Nieco wcze\u015bniej, bo 31 lipca do kin trafi r\u00f3wnie\u017c\u00a0&#8222;Spider-man: Ca\u0142kiem nowy dzie\u0144&#8221;.<\/p>\n<p> Najbardziej wyczekiwane premiery 2026 roku. Na co p\u00f3j\u015b\u0107 do kina?<\/p>\n<p class=\"art_paragraph\">W 2026 roku Disney nie pominie tak\u017ce fan\u00f3w Gwiezdnych wojen. 22 maja do kin trafi pe\u0142nometra\u017cowy film &#8222;Mandalorian i Grogu&#8221;. Najnowsza cz\u0119\u015b\u0107 Avengers\u00f3w o uwag\u0119 widowni w kinach powalczy z produkcj\u0105 &#8222;Diuna: Cz\u0119\u015b\u0107 Trzecia&#8221;, kt\u00f3ra r\u00f3wnie\u017c pojawi si\u0119 w kinach 18 grudnia (chocia\u017c ju\u017c pojawi\u0142y si\u0119 g\u0142osy o mo\u017cliwym przyspieszeniu premiery). Maj\u0105 na co czeka\u0107 tak\u017ce wielbiciele &#8222;Igrzysk \u015bmierci&#8221;. &#8222;Wsch\u00f3d s\u0142o\u0144ca w dniu do\u017cynek&#8221; ma zadebiutowa\u0107 na wielkim ekranie 20 listopada.<\/p>\n<p>\n    Zobacz wideo &#8222;Igrzyska \u015amierci: Wsch\u00f3d s\u0142o\u0144ca w dniu do\u017cynek&#8221; [ZWIASTUN]\n  <\/p>\n<p class=\"art_paragraph\">2026 to tak\u017ce wysyp animacji skierowanych do nieco m\u0142odszej widowni. Wyniki box office z ostatnich lat m\u00f3wi\u0105 same za siebie &#8211; takie produkcje przyci\u0105gaj\u0105 najwi\u0119ksze grono widz\u00f3w do kinowych sal. Zatem w 2026 roku mo\u017cemy spodziewa\u0107 si\u0119 premiery &#8222;Super Mario Bros. Film 2&#8221; (3 kwietnia), &#8222;Toy Story 5&#8221; (19 czerwca), &#8222;Wielkiej ma\u0142ej kozy&#8221; (13 lutego), &#8222;Hopni\u0119tych&#8221; (9 marca) i &#8222;Minionk\u00f3w 3&#8221; (1 lipca). W\u015br\u00f3d zapowiedzi premier na 2026 rok mo\u017cna natkn\u0105\u0107 si\u0119 tak\u017ce na now\u0105 adaptacj\u0119 &#8222;Opowie\u015bci z Narnii&#8221;. &#8222;The Chronicles of Narnia: The Magician&#8217;s Nephew&#8221; nie ma jeszcze polskiego tytu\u0142u i daty premiery, na \u015bwiecie produkcja powinna zadebiutowa\u0107 26 listopada. M\u0142odzi widzowie uciesz\u0105 si\u0119 te\u017c zapewne tak\u017ce z aktorskiej wersji &#8222;Vaiany&#8221;, kt\u00f3ra trafi do kin ju\u017c 10 lipca.<\/p>\n","protected":false},"excerpt":{"rendered":"Pocz\u0105tek roku to dla polskich fan\u00f3w Oscar\u00f3w nadrabianie seans\u00f3w produkcji, kt\u00f3re b\u0119d\u0105 mia\u0142y du\u017ce szanse na nagrod\u0119. 23&hellip;\n","protected":false},"author":2,"featured_media":165462,"comment_status":"","ping_status":"","sticky":false,"template":"","format":"standard","meta":{"footnotes":""},"categories":[22],"tags":[122,42,38,40,39,41,123],"class_list":{"0":"post-165461","1":"post","2":"type-post","3":"status-publish","4":"format-standard","5":"has-post-thumbnail","7":"category-rozrywka","8":"tag-entertainment","9":"tag-pl","10":"tag-poland","11":"tag-polish","12":"tag-polska","13":"tag-polski","14":"tag-rozrywka"},"share_on_mastodon":{"url":"https:\/\/pubeurope.com\/@pl\/115764552429250453","error":""},"_links":{"self":[{"href":"https:\/\/www.europesays.com\/pl\/wp-json\/wp\/v2\/posts\/165461","targetHints":{"allow":["GET"]}}],"collection":[{"href":"https:\/\/www.europesays.com\/pl\/wp-json\/wp\/v2\/posts"}],"about":[{"href":"https:\/\/www.europesays.com\/pl\/wp-json\/wp\/v2\/types\/post"}],"author":[{"embeddable":true,"href":"https:\/\/www.europesays.com\/pl\/wp-json\/wp\/v2\/users\/2"}],"replies":[{"embeddable":true,"href":"https:\/\/www.europesays.com\/pl\/wp-json\/wp\/v2\/comments?post=165461"}],"version-history":[{"count":0,"href":"https:\/\/www.europesays.com\/pl\/wp-json\/wp\/v2\/posts\/165461\/revisions"}],"wp:featuredmedia":[{"embeddable":true,"href":"https:\/\/www.europesays.com\/pl\/wp-json\/wp\/v2\/media\/165462"}],"wp:attachment":[{"href":"https:\/\/www.europesays.com\/pl\/wp-json\/wp\/v2\/media?parent=165461"}],"wp:term":[{"taxonomy":"category","embeddable":true,"href":"https:\/\/www.europesays.com\/pl\/wp-json\/wp\/v2\/categories?post=165461"},{"taxonomy":"post_tag","embeddable":true,"href":"https:\/\/www.europesays.com\/pl\/wp-json\/wp\/v2\/tags?post=165461"}],"curies":[{"name":"wp","href":"https:\/\/api.w.org\/{rel}","templated":true}]}}