{"id":165493,"date":"2025-12-22T18:24:13","date_gmt":"2025-12-22T18:24:13","guid":{"rendered":"https:\/\/www.europesays.com\/pl\/165493\/"},"modified":"2025-12-22T18:24:13","modified_gmt":"2025-12-22T18:24:13","slug":"sondaz-partyjny-koalicja-obywatelska-na-czele-dalej-pis-i-konfederacja","status":"publish","type":"post","link":"https:\/\/www.europesays.com\/pl\/165493\/","title":{"rendered":"Sonda\u017c partyjny. Koalicja Obywatelska na czele, dalej PiS i Konfederacja"},"content":{"rendered":"<p>W skr\u00f3cie<\/p>\n<ul class=\"typography ids-typeset-body ids-typeset-body--preset-large list ids-list ids-list--unordered ids-list--size-large \" datatype=\"disc\">\n<li class=\"ids-list-item\">\n<p>Koalicja Obywatelska uzyska\u0142a najwi\u0119ksze poparcie w najnowszym sonda\u017cu, osi\u0105gaj\u0105c wynik 32,8 proc. i umacniaj\u0105c si\u0119 na pierwszym miejscu.<\/p>\n<\/li>\n<li class=\"ids-list-item\">\n<p>Prawo i Sprawiedliwo\u015b\u0107 zaj\u0119\u0142o drug\u0105 pozycj\u0119, notuj\u0105c niewielki wzrost poparcia do 25,4 proc.<\/p>\n<\/li>\n<li class=\"ids-list-item\">\n<p>Konfederacja, mimo utrzymania miejsca na podium, zanotowa\u0142a wyra\u017any spadek poparcia do 10,7 proc.<\/p>\n<\/li>\n<li class=\"ids-list-item\"><\/li>\n<\/ul>\n<p class=\"typography ids-typeset-body ids-typeset-body--preset-large link paragraph ids-paragraph ids-paragraph--default\">W najnowszym sonda\u017cu przygotowanym przez pracowni\u0119 Opinia24 dla &#8222;Fakt\u00f3w&#8221; TVN i TVN24 prowadzi\u00a0<a href=\"https:\/\/wydarzenia.interia.pl\/tematy-koalicja-obywatelska,gsbi,45\" target=\"_blank\" rel=\"nofollow noopener\">Koalicja Obywatelska<\/a>. Ugrupowanie <a href=\"https:\/\/wydarzenia.interia.pl\/tematy-donald-tusk,gsbi,2\" target=\"_blank\" rel=\"nofollow noopener\">Donalda Tuska<\/a> mo\u017ce liczy\u0107 na g\u0142osy 32,8 proc. wyborc\u00f3w, co oznacza wzrost o 1,1 punktu procentowego.<\/p>\n<p class=\"typography ids-typeset-body ids-typeset-body--preset-large link paragraph ids-paragraph ids-paragraph--default\">Na trzeciej pozycji uplasowa\u0142a si\u0119 <a href=\"https:\/\/wydarzenia.interia.pl\/tematy-konfederacja,gsbi,44\" target=\"_blank\" rel=\"nofollow noopener\">Konfederacja<\/a>, kt\u00f3ra jako jedyna z czo\u0142\u00f3wki zaliczy\u0142a spadek. Wynik 10,7 proc. oznacza rezultat o 3,9 pkt. proc. ni\u017cszy ni\u017c w poprzednim badaniu.<\/p>\n<p>Najnowszy sonda\u017c. Koalicja Obywatelska umacnia si\u0119 na czele, Konfederacja traci<\/p>\n<p class=\"typography ids-typeset-body ids-typeset-body--preset-large link paragraph ids-paragraph ids-paragraph--default\">Kolejne miejsca w sonda\u017cu pracowni Opinia24 zajmuj\u0105: Konfederacja Korony Polskiej\u00a0(8,6 proc.), kt\u00f3ra poprawi\u0142a sw\u00f3j wynik o 2,4 pkt. proc. oraz oscyluj\u0105ca na granicy progu wyborczego Nowa\u00a0Lewica\u00a0(4,9 proc., spadek o 1,7 pkt. proc.).<\/p>\n<p class=\"typography ids-typeset-body ids-typeset-body--preset-large link paragraph ids-paragraph ids-paragraph--default\">Pozosta\u0142e partie uj\u0119te w sonda\u017cu nie mog\u0142yby liczy\u0107 na wej\u015bcie do Sejmu. S\u0105 to kolejno: Razem z wynikiem 3,5 proc. (spadek o 1,1 pkt. proc.), <a href=\"https:\/\/wydarzenia.interia.pl\/tematy-polskie-stronnictwo-ludowe,gsbi,42\" rel=\"nofollow noopener\" target=\"_blank\">Polskie Stronnictwo Ludowe<\/a>\u00a0z poparciem na poziomie 2,6 proc. (wzrost o 1,4 pkt. proc.) oraz <a href=\"https:\/\/wydarzenia.interia.pl\/tematy-polska-2050,gsbi,43\" target=\"_blank\" rel=\"nofollow noopener\">Polska 2050<\/a> z rezultatem 2,1 proc. (spadek o 0,7 pkt. proc.).<\/p>\n<p class=\"typography ids-typeset-body ids-typeset-body--preset-large link paragraph ids-paragraph ids-paragraph--default\">5,6 proc. ankietowanych nie by\u0142o w stanie wskaza\u0107, na kogo odda\u0142oby sw\u00f3j g\u0142os. 1,3 proc. wybra\u0142oby inn\u0105 parti\u0119, a 2,5 proc. respondent\u00f3w odm\u00f3wi\u0142o udzielenia odpowiedzi.<\/p>\n<p class=\"typography ids-typeset-body ids-typeset-body--preset-large link paragraph ids-paragraph ids-paragraph--default\">Badanie Opinia24 przeprowadzone zosta\u0142o na 1000-osobowej pr\u00f3bie og\u00f3lnopolskiej.<\/p>\n<p>&#8222;Go\u015b\u0107 Wydarze\u0144&#8221;: Prof. Andrzej Fal o rozszerzeniu prohibicjiPolsat News<\/p>\n<p><a class=\"ids-undecorated-link source ids-page-info--source__link\" href=\"https:\/\/www.interia.pl\" rel=\"nofollow noopener\" target=\"_blank\"><img decoding=\"async\" class=\"ids-image-holder__img\" loading=\"lazy\" alt=\"\" title=\"\" height=\"24px\" src=\"https:\/\/www.europesays.com\/pl\/wp-content\/uploads\/2025\/12\/1766316489_692_0009A60QQ5I2TYF7-C202-F4.webp.webp\"\/><\/a><\/p>\n<p>Masz sugestie, uwagi albo widzisz b\u0142\u0105d? Napisz do nas<\/p>\n","protected":false},"excerpt":{"rendered":"W skr\u00f3cie Koalicja Obywatelska uzyska\u0142a najwi\u0119ksze poparcie w najnowszym sonda\u017cu, osi\u0105gaj\u0105c wynik 32,8 proc. i umacniaj\u0105c si\u0119 na&hellip;\n","protected":false},"author":2,"featured_media":165494,"comment_status":"","ping_status":"","sticky":false,"template":"","format":"standard","meta":{"footnotes":""},"categories":[12],"tags":[32,33,36,37,27,34,35,28,31,25,42,38,40,39,41,29,30,26],"class_list":{"0":"post-165493","1":"post","2":"type-post","3":"status-publish","4":"format-standard","5":"has-post-thumbnail","7":"category-polska","8":"tag-breaking-news","9":"tag-breakingnews","10":"tag-featured-news","11":"tag-featurednews","12":"tag-headlines","13":"tag-latest-news","14":"tag-latestnews","15":"tag-naglowki","16":"tag-najwazniejsze-artykuly","17":"tag-news","18":"tag-pl","19":"tag-poland","20":"tag-polish","21":"tag-polska","22":"tag-polski","23":"tag-top-stories","24":"tag-topstories","25":"tag-wiadomosci"},"share_on_mastodon":{"url":"https:\/\/pubeurope.com\/@pl\/115764623395138085","error":""},"_links":{"self":[{"href":"https:\/\/www.europesays.com\/pl\/wp-json\/wp\/v2\/posts\/165493","targetHints":{"allow":["GET"]}}],"collection":[{"href":"https:\/\/www.europesays.com\/pl\/wp-json\/wp\/v2\/posts"}],"about":[{"href":"https:\/\/www.europesays.com\/pl\/wp-json\/wp\/v2\/types\/post"}],"author":[{"embeddable":true,"href":"https:\/\/www.europesays.com\/pl\/wp-json\/wp\/v2\/users\/2"}],"replies":[{"embeddable":true,"href":"https:\/\/www.europesays.com\/pl\/wp-json\/wp\/v2\/comments?post=165493"}],"version-history":[{"count":0,"href":"https:\/\/www.europesays.com\/pl\/wp-json\/wp\/v2\/posts\/165493\/revisions"}],"wp:featuredmedia":[{"embeddable":true,"href":"https:\/\/www.europesays.com\/pl\/wp-json\/wp\/v2\/media\/165494"}],"wp:attachment":[{"href":"https:\/\/www.europesays.com\/pl\/wp-json\/wp\/v2\/media?parent=165493"}],"wp:term":[{"taxonomy":"category","embeddable":true,"href":"https:\/\/www.europesays.com\/pl\/wp-json\/wp\/v2\/categories?post=165493"},{"taxonomy":"post_tag","embeddable":true,"href":"https:\/\/www.europesays.com\/pl\/wp-json\/wp\/v2\/tags?post=165493"}],"curies":[{"name":"wp","href":"https:\/\/api.w.org\/{rel}","templated":true}]}}