{"id":165509,"date":"2025-12-22T18:34:11","date_gmt":"2025-12-22T18:34:11","guid":{"rendered":"https:\/\/www.europesays.com\/pl\/165509\/"},"modified":"2025-12-22T18:34:11","modified_gmt":"2025-12-22T18:34:11","slug":"urszula-dudziak-przerwala-milczenie-po-smierci-michala-urbaniaka-wdzieczna-na-zawsze","status":"publish","type":"post","link":"https:\/\/www.europesays.com\/pl\/165509\/","title":{"rendered":"Urszula Dudziak przerwa\u0142a milczenie po \u015bmierci Micha\u0142a Urbaniaka. &#8222;Wdzi\u0119czna na zawsze&#8221;"},"content":{"rendered":"<p class=\"ods-c-paragraph \">W sobotnie popo\u0142udnie media obieg\u0142y przykre informacje na temat <a href=\"https:\/\/plejada.pl\/newsy\/michal-urbaniak-nie-zyje-mial-82-lata-zyl-i-czul-wielkimi-nutami\/1875mdh\" id=\"09b67e62-6685-4793-9b85-4de70891abb2\" rel=\"nofollow noopener\" target=\"_blank\">\u015bmierci Micha\u0142a Urbaniaka<\/a>. Smutne wie\u015bci przekaza\u0142a \u017cona artysty za pomoc\u0105 oficjalnych medi\u00f3w spo\u0142eczno\u015bciowych muzyka. &#8222;Micha\u0142 Urbaniak. \u017by\u0142 i czu\u0142 wielkimi nutami. Odszed\u0142 w wieku 82 lat. Z mi\u0142o\u015bci\u0105, Dorota Dosia Urbaniak&#8221; \u2014 poinformowa\u0142a.<\/p>\n<p>Dalszy ci\u0105g artyku\u0142u pod materia\u0142em wideo<\/p>\n<p> Jak d\u0142ugo Urszula Dudziak by\u0142a m\u0119\u017catk\u0105 z Micha\u0142em Urbaniakiem? <\/p>\n<p> Ile c\u00f3rek mieli Urszula Dudziak i Micha\u0142 Urbaniak? <\/p>\n<p> Kiedy Urszula Dudziak i Micha\u0142 Urbaniak wzi\u0119li \u015blub? <\/p>\n<p> Ile lat mia\u0142 Micha\u0142 Urbaniak w momencie \u015bmierci? <\/p>\n<p>  Urszula Dudziak po\u017cegna\u0142a Micha\u0142a Urbaniaka. Pad\u0142y poruszaj\u0105ce s\u0142owa<\/p>\n<p class=\"ods-c-paragraph \">Muzyk jazzowy przez blisko 20 lat by\u0142 w zwi\u0105zku ma\u0142\u017ce\u0144skim z Urszul\u0105 Dudziak. Para stan\u0119\u0142a na \u015blubnym kobiercu w 1967 r. Doczekali si\u0119 dw\u00f3ch c\u00f3rek: Katarzyny i Miki. Ich drogi jednak rozesz\u0142y si\u0119, gdy w 1985 r. artysta zostawi\u0142 Dudziak dla aktorki Liliany Komorowskiej.<\/p>\n<p class=\"ods-c-paragraph \">Dudziak jednak nie kry\u0142a urazy do swojego by\u0142ego m\u0119\u017ca. W najnowszym wpisie na Instagramie po\u017cegna\u0142a w poruszaj\u0105cych s\u0142owach zmar\u0142ego muzyka.<\/p>\n<p class=\"ods-c-paragraph \">&#8222;Sorrow is not forever&#8230; Love is [Smutek nie jest wieczno\u015bci\u0105&#8230; mi\u0142o\u015b\u0107 jest]. Odszed\u0142 Micha\u0142 m\u00f3j by\u0142y m\u0105\u017c, wielki przyjaciel, ojciec Kasi i Miki, obecny m\u0105\u017c Doroty&#8221; \u2014 napisa\u0142a na wst\u0119pie.<\/p>\n<blockquote class=\"ods-o-quota\">\n<p class=\"ods-o-quota__paragraph\">Micha\u0142 jest zakodowany w ka\u017cdej kom\u00f3rce mojego cia\u0142a, a &#8222;razem&#8221; by\u0142o s\u0142owem, kt\u00f3re nas \u0142\u0105czy\u0142o przez wiele, wiele lat. B\u0119d\u0119 mu wdzi\u0119czna na zawsze, \u017ce by\u0142 cz\u0119\u015bci\u0105 mojego \u017cycia i tak pi\u0119knie kreowa\u0142 nasz\u0105 wsp\u00f3ln\u0105 przysz\u0142o\u015b\u0107, a \u015bwiat obdarzy\u0142 muzyk\u0105, kt\u00f3ra zostanie z nami na zawsze<\/p>\n<\/blockquote>\n<p class=\"ods-c-paragraph \">\u2014 podsumowa\u0142a.<\/p>\n<p class=\"ods-c-paragraph \">Dzi\u0119kujemy, \u017ce przeczyta\u0142a\u015b\/e\u015b nasz artyku\u0142 do ko\u0144ca. W serwisie Plejada.pl ka\u017cdego dnia piszemy o najwa\u017cniejszych wydarzeniach show-biznesowych. B\u0105d\u017a na bie\u017c\u0105co! <a rel=\"nofollow noopener\" href=\"https:\/\/profile.google.com\/cp\/Cg0vZy8xMWJ6X19wdHBx\" id=\"4de67dd2-8a8d-457c-9c38-bea0a1d60403\" target=\"_blank\">Obserwuj<\/a> Plejad\u0119 w Google. Odwied\u017a nas tak\u017ce na <a rel=\"nofollow noopener\" href=\"https:\/\/www.facebook.com\/plejadapl\" id=\"b7ec6f73-7b20-4373-8069-6cc64a306bfc\" target=\"_blank\">Facebooku<\/a>, <a rel=\"nofollow noopener\" href=\"https:\/\/www.instagram.com\/plejadapl\/\" id=\"f6b444ff-840f-4878-9aca-bbef6d0031e1\" target=\"_blank\">Instagramie<\/a>, <a rel=\"nofollow noopener\" href=\"https:\/\/www.youtube.com\/c\/plejada\" id=\"4652cbd3-0cd3-4d98-ad97-1d0e66a4be47\" target=\"_blank\">YouTubie<\/a> oraz <a rel=\"nofollow noopener\" href=\"https:\/\/www.tiktok.com\/@plejada_pl\" id=\"82cee787-403f-4be0-927b-eb9b6b86e89e\" target=\"_blank\">TikToku<\/a>.<\/p>\n<p class=\"ods-c-paragraph \">Chcesz podzieli\u0107 si\u0119 ciekawym newsem lub zaproponowa\u0107 temat? Skontaktuj si\u0119 z nami, pisz\u0105c maila na adres: <a rel=\"nofollow noopener\" href=\"https:\/\/plejada.pl\/newsy\/urszula-dudziak-przerwala-milczenie-po-smierci-michala-urbaniaka-wdzieczna-na-zawsze\/mailto:plejada@redakcjaonet.pl\" id=\"dd9451f2-ee0c-4065-b411-f5aefecb59b4\" target=\"_blank\">plejada@redakcjaon<\/a><a href=\"https:\/\/et.pl\" id=\"deb11f69-2af6-47f9-8002-857223cbf92b\" rel=\"nofollow noopener\" target=\"_blank\">et.pl<\/a>.<\/p>\n<p><script async src=\"\/\/www.instagram.com\/embed.js\"><\/script><script async src=\"\/\/www.tiktok.com\/embed.js\"><\/script><\/p>\n","protected":false},"excerpt":{"rendered":"W sobotnie popo\u0142udnie media obieg\u0142y przykre informacje na temat \u015bmierci Micha\u0142a Urbaniaka. Smutne wie\u015bci przekaza\u0142a \u017cona artysty za&hellip;\n","protected":false},"author":2,"featured_media":165510,"comment_status":"","ping_status":"","sticky":false,"template":"","format":"standard","meta":{"footnotes":""},"categories":[22],"tags":[122,1900,32154,48,125,46,42,38,40,39,41,123,47,511,32185],"class_list":{"0":"post-165509","1":"post","2":"type-post","3":"status-publish","4":"format-standard","5":"has-post-thumbnail","7":"category-rozrywka","8":"tag-entertainment","9":"tag-instagram_aplikacja","10":"tag-michal_urbaniak","11":"tag-nat_styl","12":"tag-newsy","13":"tag-omp","14":"tag-pl","15":"tag-poland","16":"tag-polish","17":"tag-polska","18":"tag-polski","19":"tag-rozrywka","20":"tag-screening_general","21":"tag-smierc","22":"tag-urszula_dudziak"},"share_on_mastodon":{"url":"https:\/\/pubeurope.com\/@pl\/115764662467228779","error":""},"_links":{"self":[{"href":"https:\/\/www.europesays.com\/pl\/wp-json\/wp\/v2\/posts\/165509","targetHints":{"allow":["GET"]}}],"collection":[{"href":"https:\/\/www.europesays.com\/pl\/wp-json\/wp\/v2\/posts"}],"about":[{"href":"https:\/\/www.europesays.com\/pl\/wp-json\/wp\/v2\/types\/post"}],"author":[{"embeddable":true,"href":"https:\/\/www.europesays.com\/pl\/wp-json\/wp\/v2\/users\/2"}],"replies":[{"embeddable":true,"href":"https:\/\/www.europesays.com\/pl\/wp-json\/wp\/v2\/comments?post=165509"}],"version-history":[{"count":0,"href":"https:\/\/www.europesays.com\/pl\/wp-json\/wp\/v2\/posts\/165509\/revisions"}],"wp:featuredmedia":[{"embeddable":true,"href":"https:\/\/www.europesays.com\/pl\/wp-json\/wp\/v2\/media\/165510"}],"wp:attachment":[{"href":"https:\/\/www.europesays.com\/pl\/wp-json\/wp\/v2\/media?parent=165509"}],"wp:term":[{"taxonomy":"category","embeddable":true,"href":"https:\/\/www.europesays.com\/pl\/wp-json\/wp\/v2\/categories?post=165509"},{"taxonomy":"post_tag","embeddable":true,"href":"https:\/\/www.europesays.com\/pl\/wp-json\/wp\/v2\/tags?post=165509"}],"curies":[{"name":"wp","href":"https:\/\/api.w.org\/{rel}","templated":true}]}}