{"id":165549,"date":"2025-12-22T19:05:09","date_gmt":"2025-12-22T19:05:09","guid":{"rendered":"https:\/\/www.europesays.com\/pl\/165549\/"},"modified":"2025-12-22T19:05:09","modified_gmt":"2025-12-22T19:05:09","slug":"deklaracja-rosyjskiego-polityka-chodzi-o-ue-i-nato","status":"publish","type":"post","link":"https:\/\/www.europesays.com\/pl\/165549\/","title":{"rendered":"Deklaracja rosyjskiego polityka. Chodzi o UE i NATO"},"content":{"rendered":"<p class=\"ods-c-paragraph \">Wiceszef resortu dyplomacji zapewnia\u0142 w \u015blad za putinowsk\u0105 propagand\u0105, \u017ce Rosja &#8222;zachowuje maksymaln\u0105 pow\u015bci\u0105gliwo\u015b\u0107 w reakcji na prowokacyjne dzia\u0142ania NATO i wysy\u0142a sygna\u0142y ostrzegawcze swoim przeciwnikom&#8221;.<\/p>\n<p>Dalszy ci\u0105g artyku\u0142u pod materia\u0142em wideo<\/p>\n<p> Co powiedzia\u0142 Siergiej Riabkow na temat NATO? <\/p>\n<p> Jakie s\u0105 stanowiska Rosji wobec Unii Europejskiej i NATO? <\/p>\n<p> Jakie post\u0119py osi\u0105gni\u0119to w negocjacjach USA z Rosj\u0105 na temat Ukrainy? <\/p>\n<p> Co zak\u0142ada propozycja USA dla Ukrainy? <\/p>\n<p class=\"ods-c-paragraph \">W odniesieniu do rokowa\u0144 z USA na temat zako\u0144czenia wojny na Ukrainie Riabkow powiedzia\u0142, \u017ce dochodzi w nich do &#8222;powolnych post\u0119p\u00f3w&#8221;. Pot\u0119pi\u0142 zarazem &#8222;z\u0142o\u015bliwe pr\u00f3by wp\u0142ywowej grupy pa\u0144stw&#8221;, kt\u00f3rych celem ma by\u0107 &#8222;storpedowanie tych wysi\u0142k\u00f3w i zak\u0142\u00f3cenie procesu dyplomatycznego&#8221;.<\/p>\n<p class=\"ods-c-paragraph \">Porozumienie w sprawie Ukrainy &#8222;jest tym, czego tak bardzo obawiaj\u0105 si\u0119 nasi przeciwnicy w Brukseli i wielu europejskich stolicach&#8221; \u2014 stwierdzi\u0142 Riabkow i zapewnia\u0142, \u017ce rosyjscy negocjatorzy b\u0119d\u0105 &#8222;nadal pod\u0105\u017ca\u0107 w tym kierunku, nie ustaj\u0105c w wysi\u0142kach&#8221;.<\/p>\n<p class=\"ods-c-paragraph \">Wiceszef rosyjskiego MSZ doda\u0142, \u017ce Moskwa nie jest zainteresowana dyskusj\u0105 o tymczasowym zawieszeniu broni.<\/p>\n<p class=\"ods-c-paragraph \">&#8211; Nasze stanowisko jest jasne: jeste\u015bmy za trwa\u0142ym zaprzestaniem dzia\u0142a\u0144 wojennych w ramach porozumienia, kt\u00f3re rozwi\u0105\u017ce pierwotne przyczyny tego konfliktu i zagwarantuje ustr\u00f3j konstytucyjny Federacji Rosyjskiej przy uwzgl\u0119dnieniu decyzji podj\u0119tych na odpowiednich terytoriach przez ich ludno\u015b\u0107 \u2014 powiedzia\u0142 Riabkow.<\/p>\n<p>   Rozmowy na linii USA-Ukraina<\/p>\n<p class=\"ods-c-paragraph \">W weekend na Florydzie odby\u0142a si\u0119 kolejna runda rozm\u00f3w na temat wstrzymania walk w wojnie Rosji przeciwko Ukrainie. AFP podkre\u015bli\u0142a, \u017ce cho\u0107 nie przynios\u0142y znacz\u0105cego prze\u0142omu, Stany Zjednoczone i Ukraina okre\u015bli\u0142y je mianem &#8222;produktywnych i konstruktywnych&#8221;.<\/p>\n<p class=\"ods-c-paragraph \">Wed\u0142ug prezydenta Ukrainy Wo\u0142odymyra Ze\u0142enskiego propozycja USA zak\u0142ada ust\u0119pstwa terytorialne Ukrainy na rzecz Rosji w zamian za gwarancje bezpiecze\u0144stwa dla Kijowa ze strony pa\u0144stw Zachodu. Alternatywna propozycja pa\u0144stw Europy zak\u0142ada m.in. rozmieszczenie wielonarodowych si\u0142 zbrojnych na Ukrainie oraz gwarancje bezpiecze\u0144stwa dla Kijowa podobne do zawartych w art. 5 traktatu NATO.<\/p>\n","protected":false},"excerpt":{"rendered":"Wiceszef resortu dyplomacji zapewnia\u0142 w \u015blad za putinowsk\u0105 propagand\u0105, \u017ce Rosja &#8222;zachowuje maksymaln\u0105 pow\u015bci\u0105gliwo\u015b\u0107 w reakcji na prowokacyjne&hellip;\n","protected":false},"author":2,"featured_media":165550,"comment_status":"","ping_status":"","sticky":false,"template":"","format":"standard","meta":{"footnotes":""},"categories":[14],"tags":[32,33,27,76,34,35,28,31,48,160,25,46,40,41,47,30821,80,29,30,86,26,82,83,84],"class_list":{"0":"post-165549","1":"post","2":"type-post","3":"status-publish","4":"format-standard","5":"has-post-thumbnail","7":"category-swiat","8":"tag-breaking-news","9":"tag-breakingnews","10":"tag-headlines","11":"tag-inwazja_rosji_na_ukraine","12":"tag-latest-news","13":"tag-latestnews","14":"tag-naglowki","15":"tag-najwazniejsze-artykuly","16":"tag-nat_styl","17":"tag-nato","18":"tag-news","19":"tag-omp","20":"tag-polish","21":"tag-polski","22":"tag-screening_general","23":"tag-siergiej_riabkow","24":"tag-swiat","25":"tag-top-stories","26":"tag-topstories","27":"tag-unia_europejska","28":"tag-wiadomosci","29":"tag-world","30":"tag-world-news","31":"tag-worldnews"},"share_on_mastodon":{"url":"https:\/\/pubeurope.com\/@pl\/115764784247755084","error":""},"_links":{"self":[{"href":"https:\/\/www.europesays.com\/pl\/wp-json\/wp\/v2\/posts\/165549","targetHints":{"allow":["GET"]}}],"collection":[{"href":"https:\/\/www.europesays.com\/pl\/wp-json\/wp\/v2\/posts"}],"about":[{"href":"https:\/\/www.europesays.com\/pl\/wp-json\/wp\/v2\/types\/post"}],"author":[{"embeddable":true,"href":"https:\/\/www.europesays.com\/pl\/wp-json\/wp\/v2\/users\/2"}],"replies":[{"embeddable":true,"href":"https:\/\/www.europesays.com\/pl\/wp-json\/wp\/v2\/comments?post=165549"}],"version-history":[{"count":0,"href":"https:\/\/www.europesays.com\/pl\/wp-json\/wp\/v2\/posts\/165549\/revisions"}],"wp:featuredmedia":[{"embeddable":true,"href":"https:\/\/www.europesays.com\/pl\/wp-json\/wp\/v2\/media\/165550"}],"wp:attachment":[{"href":"https:\/\/www.europesays.com\/pl\/wp-json\/wp\/v2\/media?parent=165549"}],"wp:term":[{"taxonomy":"category","embeddable":true,"href":"https:\/\/www.europesays.com\/pl\/wp-json\/wp\/v2\/categories?post=165549"},{"taxonomy":"post_tag","embeddable":true,"href":"https:\/\/www.europesays.com\/pl\/wp-json\/wp\/v2\/tags?post=165549"}],"curies":[{"name":"wp","href":"https:\/\/api.w.org\/{rel}","templated":true}]}}