{"id":165554,"date":"2025-12-22T19:08:09","date_gmt":"2025-12-22T19:08:09","guid":{"rendered":"https:\/\/www.europesays.com\/pl\/165554\/"},"modified":"2025-12-22T19:08:09","modified_gmt":"2025-12-22T19:08:09","slug":"pracownicy-rakowa-bali-sie-papszuna-na-mnie-nie-bedzie-krzyczal","status":"publish","type":"post","link":"https:\/\/www.europesays.com\/pl\/165554\/","title":{"rendered":"Pracownicy Rakowa bali si\u0119 Papszuna. &#8222;Na mnie nie b\u0119dzie krzycza\u0142&#8221;"},"content":{"rendered":"<p class=\"Paragraph_desktopParagraph__Fd2e9\">\u0141ukasz Tomczyk zosta\u0142 nowym trenerem pi\u0142karzy Rakowa Cz\u0119stochowa. Kontrakt b\u0119dzie obowi\u0105zywa\u0107 do czerwca 2027 r z opcj\u0105 przed\u0142u\u017cenia o trzy lata. Jego poprzednik Marek Papszun obj\u0105\u0142 w pi\u0105tek funkcj\u0119 szkoleniowca Legii Warszawa. 37-letni Tomczyk pracowa\u0142 ostatnio z powodzeniem w Polonii Bytom, kt\u00f3r\u0105 wprowadzi\u0142 w 2025 roku do 1. ligi, a obecnie dru\u017cyna zajmuje w niej drugie miejsce. Co o nowym nabytku s\u0105dzi jeden z szef\u00f3w Rakowa Wojciech Cygan?<\/p>\n<p class=\"VideoPlayerText_videoPlayerText__zrtJk\">Dalszy ci\u0105g materia\u0142u pod wideo<\/p>\n<p>Cygan pe\u0142en nadziei po og\u0142oszeniu Tomczyka<\/p>\n<p class=\"Paragraph_desktopParagraph__Fd2e9\">\u2014 Zazwyczaj jest tak, \u017ce zmiana wywo\u0142uje dobre emocje, bo jest momentem czego\u015b nowego i czego\u015b niepewnego. Ja akurat zawsze podchodz\u0119 z takim optymistycznym, pozytywnym podej\u015bciem do tego tematu. Zobaczymy. Ja jestem pe\u0142en nadziei. \u0141ukasz Tomczyk jest osob\u0105, kt\u00f3ra zna Rak\u00f3w. Nie jest osob\u0105 now\u0105, kt\u00f3ra musi by\u0107 wprowadzana do klubu. Wie doskonale, jak ten klub funkcjonuje na co dzie\u0144, ale te\u017c wie, jak funkcjonuje dru\u017cyna. Ma swoje do\u015bwiadczenie, ma swoje osi\u0105gni\u0119cia i ciesz\u0119 si\u0119, \u017ce do\u0142\u0105cza do nas, bo on do nas pasuje \u2014 zaczyna Cygan w rozmowie z dziennikarzami po prezentacji Tomczyka.<\/p>\n<p><img decoding=\"async\" src=\"https:\/\/www.europesays.com\/pl\/wp-content\/uploads\/2025\/12\/nowy-trener-rakowa-lukasz-tomczyk-wlasciciel-klubu-michal-swierczewski.jpeg\" alt=\"Nowy trener Rakowa \u0141ukasz Tomczyk, w\u0142a\u015bciciel klubu Micha\u0142 \u015awierczewski \" width=\"944\" height=\"629\" loading=\"lazy\" class=\"\" \/>Nowy trener Rakowa \u0141ukasz Tomczyk, w\u0142a\u015bciciel klubu Micha\u0142 \u015awierczewski  (Foto: PAP\/Waldemar Deska)Tomczyk nie jest podstawiony pod \u015bcian\u0105<\/p>\n<p class=\"Paragraph_desktopParagraph__Fd2e9\">Cygan wyjawia, \u017ce nowy trener nie ma od pocz\u0105tku narzuconej du\u017cej presji. Szczeg\u00f3lnie pierwsze tygodnie maj\u0105 by\u0107 dla niego etapem zaznajamiania si\u0119 z dru\u017cyn\u0105.<\/p>\n<p class=\"Paragraph_desktopParagraph__Fd2e9\">\u2014 My\u015bl\u0119, \u017ce jeste\u015bmy w sytuacji wyj\u015bciowej, kt\u00f3ra jest dobra. My\u015bl\u0119, \u017ce nie tylko dla nas, ale i dla trenera Tomczyka. Nie jest tak, \u017ce powiedzieli\u015bmy, \u017ce jak nie b\u0119dzie mistrzostwa Polski, Pucharu Polski i co najmniej fina\u0142u Ligi Konferencji, to si\u0119 b\u0119dziemy rozstawia\u0107. Na razie chcemy przygotowa\u0107 sztab, chcemy przygotowa\u0107 dru\u017cyn\u0119 na zmian\u0119, kt\u00f3ra nast\u0105pi\u0142a. Przed nami ob\u00f3z przygotowawczy i zobaczymy, gdzie b\u0119dziemy po pierwszych meczach. Na razie \u017cadnych wielkich oczekiwa\u0144 i rozpisanych cel\u00f3w nie ma \u2014 dodaje Cygan.<\/p>\n<p>W Rakowie nie chc\u0105 komentowa\u0107 rozstania z Papszunem<\/p>\n<p class=\"Paragraph_desktopParagraph__Fd2e9\">Szef rady nadzorczej mistrz\u00f3w Polski z 2023 r. twierdzi, cho\u0107 w to troch\u0119 trudno uwierzy\u0107, \u017ce Tomczyk od pocz\u0105tku b\u0119dzie mie\u0107 tak\u0105 sam\u0105 pozycj\u0119 w klubie, jak\u0105 mia\u0142 Marek Papszun. Nie chce tak\u017ce komentowa\u0107 burzliwego rozstania z zas\u0142u\u017conym szkoleniowcem.<\/p>\n<p class=\"Paragraph_desktopParagraph__Fd2e9\">\u2014 My\u015bl\u0119, \u017ce pozycja nie b\u0119dzie si\u0119 du\u017co si\u0119 r\u00f3\u017cni\u0142a od tego, jak\u0105 mia\u0142 Marek Papszun. Natomiast pami\u0119tajmy, \u017ce ta pozycja Papszuna ros\u0142a wraz z sukcesami i wierz\u0119, \u017ce \u0141ukasz Tomczyk tak\u017ce wraz z sukcesami te pozycje b\u0119dzie wzmacnia\u0142 \u2014 m\u00f3wi.<\/p>\n<p class=\"Paragraph_desktopParagraph__Fd2e9\">\u2014 Zrzucam zas\u0142on\u0119 mi\u0142osierdzia i zapomnienia. \u017bycz\u0119 sukces\u00f3w w Legii, tak jak dzisiaj powiedzia\u0142 Micha\u0142, niech Legia wygrywa, niech Legia odnosi sukcesy. Wa\u017cne, \u017ceby by\u0142a za Rakowem. To jest dla nas w chwili obecnej cel i zadanie, kt\u00f3re powinni\u015bmy gdzie\u015b tam z ty\u0142u g\u0142owy mie\u0107 \u2014 dodaje.<\/p>\n<p><img decoding=\"async\" src=\"https:\/\/www.europesays.com\/pl\/wp-content\/uploads\/2025\/12\/wojciech-cygan.jpeg\" alt=\"Wojciech Cygan\" width=\"944\" height=\"629\" loading=\"lazy\" class=\"\" \/>Wojciech Cygan (Foto: Piotr Kucza \/ FOTOPYK)Pracownicy klubu bali si\u0119 Papszuna<\/p>\n<p class=\"Paragraph_desktopParagraph__Fd2e9\">Okazuje si\u0119, \u017ce Papszun tward\u0105 r\u0119k\u0105 trzyma\u0142 nie tylko pi\u0142karzy. Ba\u0107 si\u0119 go mieli tak\u017ce&#8230; pracownicy klubu.<\/p>\n<p class=\"Paragraph_desktopParagraph__Fd2e9\">\u2014 Pami\u0119tam pocz\u0105tek, jak przychodzi\u0142em do klubu i wszyscy pracownicy klubu bali si\u0119 wej\u015b\u0107 do pokoju trenera Marka. Nawet z tak\u0105 prozaiczn\u0105 rzecz\u0105, jak zaniesienie trenerowi kluczyk\u00f3w do samochodu s\u0142u\u017cbowego, przychodzili do mnie. Chcieli, \u017cebym ja to robi\u0142, bo na mnie nie b\u0119dzie krzycza\u0142 \u2014 stwierdzi\u0142 Cygan.<\/p>\n<p><img decoding=\"async\" src=\"https:\/\/www.europesays.com\/pl\/wp-content\/uploads\/2025\/12\/marek-papszun-nowym-trenerem-legii-warszawa.jpeg\" alt=\"Marek Papszun nowym trenerem Legii Warszawa\" width=\"944\" height=\"629\" loading=\"lazy\" class=\"\" \/>Marek Papszun nowym trenerem Legii Warszawa (Foto: Piotr Kucza \/ FOTOPYK)Kulisy odej\u015bcia Papszuna<\/p>\n<p class=\"Paragraph_desktopParagraph__Fd2e9\">\u2014 Pierwszy us\u0142ysza\u0142 o tym Micha\u0142 \u015awierczewski. Nie znam dok\u0142adnej daty i nie chc\u0119 wprowadza\u0107 w b\u0142\u0105d. Wiem, \u017ce by\u0142 telefon Marka do Micha\u0142a \u2014 wspomina Cygan, kt\u00f3ry jednak nie chce wchodzi\u0107 w szczeg\u00f3\u0142y burzliwego rozstania. W Cz\u0119stochowie jednak osoby b\u0119d\u0105ce blisko klubu twierdz\u0105, \u017ce Papszun informacj\u0119 o odej\u015bciu mia\u0142 przekaza\u0107 \u015awierczewskiemu podczas listopadowej przerwy na reprezentacje. <\/p>\n<p class=\"Paragraph_desktopParagraph__Fd2e9\">Na koniec zapytali\u015bmy Wojciecha Cygana, czy w klubie my\u015bleli o drugim podej\u015bciu do by\u0142ego asystenta Rakowa, Dawida Szwargi. Cygan jednak odbija pi\u0142keczk\u0119, wspominaj\u0105c jedynie o dobrych wynikach Szwargi w Arce.<\/p>\n<p class=\"Paragraph_desktopParagraph__Fd2e9\">\u2014 Dawid jest bardzo dobrym trenerem. Bardzo go lubi\u0119 i ceni\u0119. Cz\u0119sto z nim rozmawiam. I to, co powiedzia\u0142 Micha\u0142 \u2014 to jest bardzo dobry trener, je\u017celi chodzi o sukcesy w postaci wynik\u00f3w Arki, bo ja traktuj\u0119 te wyniki jako sukces \u2014 ko\u0144czy.<\/p>\n<p>Od drugiej ligi do mistrzostwa Polski<\/p>\n<p class=\"Paragraph_desktopParagraph__Fd2e9\">Papszun rozpocz\u0105\u0142 prac\u0119 w Rakowie w 2016 r., gdy cz\u0119stochowski klub wyst\u0119powa\u0142 na trzecim szczeblu ligowym. W ci\u0105gu trzech sezon\u00f3w wprowadzi\u0142 go do ekstraklasy, a w 2023 r. wywalczy\u0142 pierwszy w historii klubu tytu\u0142. Wcze\u015bniej \u2014 w 2021 i 2022 r. \u2014 zdoby\u0142 Puchar Polski i Superpuchar oraz wicemistrzostwo. Wr\u00f3ci\u0142 do klubu przed sezonem 2024\/25 i rok p\u00f3\u017aniej zn\u00f3w zaj\u0105\u0142 drugie miejsce w Ekstraklasie.<\/p>\n<p class=\"Paragraph_desktopParagraph__Fd2e9\">Obecnie w tabeli Ekstraklasy pi\u0142karze z Cz\u0119stochowy zajmuj\u0105 czwart\u0105 pozycj\u0119. Awansowali r\u00f3wnie\u017c do \u0107wier\u0107fina\u0142u Pucharu Polski i 1\/8 fina\u0142u Ligi Konferencji.<\/p>\n","protected":false},"excerpt":{"rendered":"\u0141ukasz Tomczyk zosta\u0142 nowym trenerem pi\u0142karzy Rakowa Cz\u0119stochowa. Kontrakt b\u0119dzie obowi\u0105zywa\u0107 do czerwca 2027 r z opcj\u0105 przed\u0142u\u017cenia&hellip;\n","protected":false},"author":2,"featured_media":165555,"comment_status":"","ping_status":"","sticky":false,"template":"","format":"standard","meta":{"footnotes":""},"categories":[24],"tags":[274,67,24362,2561,929,948,42,38,40,39,41,136,128,2562,47,127,135,126,130],"class_list":{"0":"post-165554","1":"post","2":"type-post","3":"status-publish","4":"format-standard","5":"has-post-thumbnail","7":"category-sport","8":"tag-ekstraklasa","9":"tag-intextvideo_splayer","10":"tag-lukasz_tomczyk","11":"tag-marek_papszun","12":"tag-pawb","13":"tag-pilka_nozna","14":"tag-pl","15":"tag-poland","16":"tag-polish","17":"tag-polska","18":"tag-polski","19":"tag-ps_detal_new","20":"tag-psv2","21":"tag-rakow_czestochowa","22":"tag-screening_general","23":"tag-sport","24":"tag-sport_sport","25":"tag-sports","26":"tag-wiadomosci_sportowe"},"share_on_mastodon":{"url":"https:\/\/pubeurope.com\/@pl\/115764796566331212","error":""},"_links":{"self":[{"href":"https:\/\/www.europesays.com\/pl\/wp-json\/wp\/v2\/posts\/165554","targetHints":{"allow":["GET"]}}],"collection":[{"href":"https:\/\/www.europesays.com\/pl\/wp-json\/wp\/v2\/posts"}],"about":[{"href":"https:\/\/www.europesays.com\/pl\/wp-json\/wp\/v2\/types\/post"}],"author":[{"embeddable":true,"href":"https:\/\/www.europesays.com\/pl\/wp-json\/wp\/v2\/users\/2"}],"replies":[{"embeddable":true,"href":"https:\/\/www.europesays.com\/pl\/wp-json\/wp\/v2\/comments?post=165554"}],"version-history":[{"count":0,"href":"https:\/\/www.europesays.com\/pl\/wp-json\/wp\/v2\/posts\/165554\/revisions"}],"wp:featuredmedia":[{"embeddable":true,"href":"https:\/\/www.europesays.com\/pl\/wp-json\/wp\/v2\/media\/165555"}],"wp:attachment":[{"href":"https:\/\/www.europesays.com\/pl\/wp-json\/wp\/v2\/media?parent=165554"}],"wp:term":[{"taxonomy":"category","embeddable":true,"href":"https:\/\/www.europesays.com\/pl\/wp-json\/wp\/v2\/categories?post=165554"},{"taxonomy":"post_tag","embeddable":true,"href":"https:\/\/www.europesays.com\/pl\/wp-json\/wp\/v2\/tags?post=165554"}],"curies":[{"name":"wp","href":"https:\/\/api.w.org\/{rel}","templated":true}]}}