{"id":165625,"date":"2025-12-22T19:47:16","date_gmt":"2025-12-22T19:47:16","guid":{"rendered":"https:\/\/www.europesays.com\/pl\/165625\/"},"modified":"2025-12-22T19:47:16","modified_gmt":"2025-12-22T19:47:16","slug":"wydluza-trase-dzieki-nowym-trolejbusom","status":"publish","type":"post","link":"https:\/\/www.europesays.com\/pl\/165625\/","title":{"rendered":"Wyd\u0142u\u017c\u0105 tras\u0119 dzi\u0119ki nowym trolejbusom"},"content":{"rendered":"<p class=\"lead\">Linia 25 zyska po feriach dwa nowe przystanki przy ul. Chylo\u0144skiej na odcinku <a data-tklik=\"961726\" href=\"https:\/\/mapa.trojmiasto.pl\/#\/location\/-360.72,-325.53\/map\/-363.44,-324.01,5,b\" onclick=\"openMap(this.href); return false;\" target=\"_blank\" title=\"zobacz na mapie Gdyni\" rel=\"nofollow noopener\">Owsiana &#8211; Morska<img decoding=\"async\" class=\"icon-map\" src=\"https:\/\/www.trojmiasto.pl\/_img\/svg\/ico-map-flat.svg\" alt=\"Mapka\"\/><\/a>. Jest to mo\u017cliwe dzi\u0119ki sze\u015bciu nowym trolejbusom marki <a href=\"https:\/\/www.trojmiasto.pl\/dom\/Solar-i1007.html\" class=\"parse-link\" title=\"Solar\" rel=\"nofollow noopener\" target=\"_blank\">Solaris<\/a>.<\/p>\n<p>Przypomnijmy, \u017ce post\u0119powanie na zakup pojazd\u00f3w by\u0142o og\u0142oszone latem 2024 r. Wygra\u0142a firma Solaris z\u00a0Bolechowa ko\u0142o Poznania. Do Gdyni trafi\u0142o sze\u015b\u0107 12-metrowych trolejbus\u00f3w, kt\u00f3re zosta\u0142y zakupione, by obs\u0142ugiwa\u0107 lini\u0119 25, kursuj\u0105c\u0105 z\u00a0przystanku przy hali na 3 Maja do Cisowej <a href=\"https:\/\/www.trojmiasto.pl\/skm\/\" class=\"parse-link\" title=\"Szybka Kolej Miejska - Rozk\u0142ad Jazdy\" rel=\"nofollow noopener\" target=\"_blank\">SKM<\/a>.<\/p>\n<p>B\u0119d\u0105 to trolejbusy marki Solaris Trollino 12M. Posiadaj\u0105 dodatkowy nap\u0119d bateryjny. W\u00a0\u015brodku jest 30 miejsc siedz\u0105cych, razem zmie\u015bci si\u0119 do ka\u017cdego pojazdu 80 os\u00f3b. Zasi\u0119g trolejbus\u00f3w na bateriach to 30 km.<\/p>\n<p>Dzi\u0119ki trolejbusom komunikacja na nowym odcinku<\/p>\n<p>Dzi\u0119ki nowym pojazdom komunikacja zbiorowa pierwszy raz zawita na odcinek Chylo\u0144skiej pomi\u0119dzy Owsian\u0105 a\u00a0Morsk\u0105. Powstan\u0105 tam nowe przystanki do obs\u0142ugi istniej\u0105cych, jak r\u00f3wnie\u017c planowanego osiedla.<\/p>\n<p>&#8211; Z\u00a0jednej strony pojazdy od\u015bwie\u017c\u0105 tabor, a\u00a0z drugiej wyd\u0142u\u017c\u0105 odcinek linii dotychczas nieobs\u0142ugiwany trolejbusami &#8211; m\u00f3wi Aleksandra Kosiorek, prezydent Gdyni.<br \/>Zmiany zaczn\u0105 si\u0119 2 lutego &#8211; po feriach. Zakup jest wsp\u00f3\u0142finansowany przez Uni\u0119 Europejsk\u0105. <\/p>\n<p>Pojazdy kosztowa\u0142y ok. 15 mln z\u0142. Ich zakup w\u00a0ponad po\u0142owie zosta\u0142 dofinansowany ze \u015brodk\u00f3w Narodowego Funduszu Ochrony \u015arodowiska i\u00a0Gospodarki Wodnej.<\/p>\n<p>Trolejbusy tylko na linii 25<\/p>\n<p>&#8211; Celem projektu by\u0142o, by wszystkie nowe trolejbusy je\u017adzi\u0142y na linii 25. S\u0105 zakupione przy wsparciu \u015brodk\u00f3w z\u00a0UE, a\u00a0obs\u0142uga odcinka ul. Chylo\u0144skiej by\u0142a warunkiem uzyskania zgody na realizacj\u0119 projektu &#8211; wskazuje Hubert Ko\u0142odziejski, dyrektor <a href=\"https:\/\/www.trojmiasto.pl\/zkmgdynia\/\" class=\"parse-link\" title=\"ZKM Gdynia - Rozk\u0142ad Jazdy\" rel=\"nofollow noopener\" target=\"_blank\">ZKM Gdynia<\/a>.<\/p>\n<p>Przypomnijmy, \u017ce w\u00a0maju podpisano umow\u0119 na kolejnych 9 nowych 12-metrowych trolejbus\u00f3w<br \/>Solaris Trollino 12 z\u00a0nap\u0119dem bateryjnym.<\/p>\n<p>&#8211; Pojazdy te zasil\u0105 g\u0142\u00f3wnie lini\u0119 28, kt\u00f3ra zostanie wyd\u0142u\u017cona &#8211; zapowiada Aleksandra Kosiorek.\n                <\/p>\n","protected":false},"excerpt":{"rendered":"Linia 25 zyska po feriach dwa nowe przystanki przy ul. Chylo\u0144skiej na odcinku Owsiana &#8211; Morska. Jest to&hellip;\n","protected":false},"author":2,"featured_media":165626,"comment_status":"","ping_status":"","sticky":false,"template":"","format":"standard","meta":{"footnotes":""},"categories":[16],"tags":[1088,113,112,32496,1048,1064,1096,1089,1091,1095,8701,1094,4037,1097,2431,42,26736,38,40,39,41,1093,3756,7169,1087,1090,1813,7170,4518,1092],"class_list":{"0":"post-165625","1":"post","2":"type-post","3":"status-publish","4":"format-standard","5":"has-post-thumbnail","7":"category-biznes","8":"tag-aktualne-wydarzenia","9":"tag-biznes","10":"tag-business","11":"tag-ferie","12":"tag-gdansk","13":"tag-gdynia","14":"tag-hotele","15":"tag-imprezy","16":"tag-kino","17":"tag-kwatery","18":"tag-linia","19":"tag-mapa","20":"tag-marka","21":"tag-noclegi","22":"tag-odcinek","23":"tag-pl","24":"tag-pojazd","25":"tag-poland","26":"tag-polish","27":"tag-polska","28":"tag-polski","29":"tag-przewodnik","30":"tag-przystanek","31":"tag-solaris","32":"tag-sopot-noclegi","33":"tag-spektakle-firmy","34":"tag-trasa","35":"tag-trolejbus","36":"tag-ulica","37":"tag-wydarzenia"},"share_on_mastodon":{"url":"https:\/\/pubeurope.com\/@pl\/115764949757815177","error":""},"_links":{"self":[{"href":"https:\/\/www.europesays.com\/pl\/wp-json\/wp\/v2\/posts\/165625","targetHints":{"allow":["GET"]}}],"collection":[{"href":"https:\/\/www.europesays.com\/pl\/wp-json\/wp\/v2\/posts"}],"about":[{"href":"https:\/\/www.europesays.com\/pl\/wp-json\/wp\/v2\/types\/post"}],"author":[{"embeddable":true,"href":"https:\/\/www.europesays.com\/pl\/wp-json\/wp\/v2\/users\/2"}],"replies":[{"embeddable":true,"href":"https:\/\/www.europesays.com\/pl\/wp-json\/wp\/v2\/comments?post=165625"}],"version-history":[{"count":0,"href":"https:\/\/www.europesays.com\/pl\/wp-json\/wp\/v2\/posts\/165625\/revisions"}],"wp:featuredmedia":[{"embeddable":true,"href":"https:\/\/www.europesays.com\/pl\/wp-json\/wp\/v2\/media\/165626"}],"wp:attachment":[{"href":"https:\/\/www.europesays.com\/pl\/wp-json\/wp\/v2\/media?parent=165625"}],"wp:term":[{"taxonomy":"category","embeddable":true,"href":"https:\/\/www.europesays.com\/pl\/wp-json\/wp\/v2\/categories?post=165625"},{"taxonomy":"post_tag","embeddable":true,"href":"https:\/\/www.europesays.com\/pl\/wp-json\/wp\/v2\/tags?post=165625"}],"curies":[{"name":"wp","href":"https:\/\/api.w.org\/{rel}","templated":true}]}}