{"id":165695,"date":"2025-12-22T20:25:17","date_gmt":"2025-12-22T20:25:17","guid":{"rendered":"https:\/\/www.europesays.com\/pl\/165695\/"},"modified":"2025-12-22T20:25:17","modified_gmt":"2025-12-22T20:25:17","slug":"mamy-kryzys-w-wymiarze-sprawiedliwosci","status":"publish","type":"post","link":"https:\/\/www.europesays.com\/pl\/165695\/","title":{"rendered":"mamy kryzys w wymiarze sprawiedliwo\u015bci"},"content":{"rendered":"\n<p>S\u0105d Rejonowy dla Warszawy-Mokotowa <a href=\"https:\/\/wiadomosci.wp.pl\/co-z-aresztem-dla-ziobry-decyzja-sadu-o-odroczeniu-posiedzenia-7235172045494784a\" rel=\"noopener noreferrer nofollow\" target=\"_blank\">odroczy\u0142 do 15 stycznia posiedzenie w\u00a0sprawie ewentualnego aresztu dla by\u0142ego ministra sprawiedliwo\u015bci Zbigniewa Ziobry.<\/a> Prokuratura Krajowa zarzuca pos\u0142owi PiS m.in. ustawianie konkurs\u00f3w na wielomilionowe dotacje z\u00a0Funduszu Sprawiedliwo\u015bci.<\/p>\n<p>&#8211; Dzisiaj s\u0105d odroczy\u0142 post\u0119powanie dotycz\u0105ce kwestii zastosowania tymczasowego aresztowania wobec Zbigniewa Ziobry. S\u0105d oczywi\u015bcie mia\u0142 do tego pe\u0142ne prawo, zw\u0142aszcza \u017ce pojawi\u0142y si\u0119 wnioski obro\u0144c\u00f3w by\u0142ego ministra Zbigniewa Ziobro, \u017ceby s\u0105d zapozna\u0142 si\u0119 tak\u017ce z\u00a0materia\u0142em, kt\u00f3ry jest niejawny &#8211;\u00a0powiedzia\u0142 \u017burek na konferencji prasowej.<\/p>\n<p>Dom dla samodzielnych mam. Mamy nagranie ze\u00a0\u015brodka <\/p>\n<p>&#8211; Ten materia\u0142 nie by\u0142 do\u0142\u0105czony do akt post\u0119powania, gdy\u017c wnioski o\u00a0tymczasowe aresztowanie nie opiera\u0142y si\u0119 na dowodach tam zgromadzonych. Z\u00a0regu\u0142y, je\u017celi prokuratura opiera swoje wnioski o\u00a0tymczasowe aresztowanie na takich materia\u0142ach, to wtedy zostaj\u0105 one odpowiednio zaklauzulowane, do\u0142\u0105czone do akt, s\u0105d zapoznaje si\u0119 z\u00a0nimi w\u00a0kancelarii tajnej. Natomiast w\u00a0tym przypadku tak nie by\u0142o &#8211;\u00a0doda\u0142.<\/p>\n<p> <img role=\"presentation\" class=\"absolute left-1\/2 top-1\/2 max-h-[80%] max-w-[100px] -translate-x-1\/2 -translate-y-1\/2\" src=\"https:\/\/v.wpimg.pl\/ZXJfd3AudTkrBBIAbg54LGhcRlAxHQUrPgJGH2MAeGJoSQ1eIBI_K2UHAEVuBTY5KQMMXC0RPyoVERQdMgM9ejc\" loading=\"lazy\" decoding=\"async\"\/> <\/p>\n<p>&#8211; Zdaniem zespo\u0142u \u015bledczego te dowody, kt\u00f3re zosta\u0142y przed\u0142o\u017cone s\u0105dowi, by\u0142y wystarczaj\u0105ce, ale s\u0105d ma takie prawo, s\u0105d odroczy\u0142 to post\u0119powanie, wnosz\u0105c, by prokuratura uzupe\u0142ni\u0142a ten materia\u0142 i\u00a0s\u0105d b\u0119dzie si\u0119 zapoznawa\u0142 z\u00a0tym materia\u0142em i\u00a0na po\u0142ow\u0119 stycznia jest odroczone do post\u0119powanie &#8211;\u00a0podkre\u015bli\u0142.<\/p>\n<p> <a href=\"https:\/\/wiadomosci.wp.pl\/ziobro-podal-warunki-powrotu-do-kraju-przylece-pierwszym-samolotem-7233952064027616a\" class=\"teaser-inline\" rel=\"nofollow noopener\" target=\"_blank\">  <img decoding=\"async\" src=\"https:\/\/www.europesays.com\/pl\/wp-content\/uploads\/2025\/12\/ZGIzMWFidSYoGDtkaRJ4M2tAbz4vS3ZlPFh3dWlYaH95AmIxLwU_NSwKInkhGy83KA09eTYFdSY5E2Ihd0Y-LjoKITY_Rj8qKx8p.jpeg\" width=\"0\" height=\"0\" loading=\"lazy\" class=\"wp-media-image cropped\" alt=\"Ziobro poda\u0142 warunki powrotu do kraju. &quot;Przylec\u0119 pierwszym samolotem&quot;\"\/><\/p>\n<p>Ziobro poda\u0142 warunki powrotu do kraju. &#8222;Przylec\u0119 pierwszym samolotem&#8221;<\/p>\n<p><\/a> <\/p>\n<p>Przekonywa\u0142, \u017ce z\u00a0jego punktu widzenia sytuacja jest &#8222;normalna&#8221;. &#8211;\u00a0To \u015bwiadczy o\u00a0tym, \u017ce procedujemy zgodnie z\u00a0liter\u0105 prawa i\u00a0wszystkimi uregulowaniami, kt\u00f3re s\u0105 dost\u0119pne &#8211;\u00a0m\u00f3wi\u0142.<\/p>\n<p> <img role=\"presentation\" class=\"absolute left-1\/2 top-1\/2 max-h-[80%] max-w-[100px] -translate-x-1\/2 -translate-y-1\/2\" src=\"https:\/\/v.wpimg.pl\/ZXJfd3AudTkrBBIAbg54LGhcRlAxHQUrPgJGH2MAeGJoSQ1eIBI_K2UHAEVuBTY5KQMMXC0RPyoVERQdMgM9ejc\" loading=\"lazy\" decoding=\"async\"\/><\/p>\n<p>\u017burek: termin przed Wigili\u0105 nie by\u0142 najszcz\u0119\u015bliwszym <\/p>\n<p>&#8211; Przyznam szczerze, \u017ce ten termin, kt\u00f3ry by\u0142 tu\u017c przed Wigili\u0105, dotycz\u0105cy zastosowania tymczasowego aresztowania, nie by\u0142 terminem najszcz\u0119\u015bliwszym tak\u017ce z\u00a0mojego punktu widzenia, bo my\u015bl\u0119, \u017ce mo\u017cemy to zrobi\u0107 zupe\u0142nie lepiej w\u00a0innym terminie. Ale ten termin zosta\u0142 wskazany przez s\u0105d &#8211;\u00a0powiedzia\u0142.<\/p>\n<p>&#8211; D\u0142ugo\u015b\u0107 oczekiwania na ten termin pokazuje te\u017c pa\u0144stwu, jaki mamy kryzys w\u00a0wymiarze sprawiedliwo\u015bci. I\u00a0mog\u0119 tu z\u00a0przykro\u015bci\u0105 jedynie stwierdzi\u0107, \u017ce te 8\u00a0lat sprawowania funkcji przez by\u0142ego ministra nie doprowadzi\u0142o do takiej sytuacji, jakiej by\u015bmy oczekiwali dla obywateli i\u00a0tak\u017ce dla os\u00f3b, kt\u00f3re s\u0105 w\u00a0wymiarze sprawiedliwo\u015bci: s\u0119dzi\u00f3w, adwokat\u00f3w, radc\u00f3w prawnych. Te terminy nie skr\u00f3ci\u0142y si\u0119, a\u00a0si\u0119 wyd\u0142u\u017cy\u0142y &#8211;\u00a0przekonywa\u0142 \u017burek.<\/p>\n<p> <a href=\"https:\/\/wiadomosci.wp.pl\/w-sadzie-powinni-byc-sedziowie-posel-pis-o-sprawie-ziobry-7235145112491073v\" class=\"teaser-inline\" rel=\"nofollow noopener\" target=\"_blank\">  <img decoding=\"async\" src=\"https:\/\/www.europesays.com\/pl\/wp-content\/uploads\/2025\/12\/NjY2MzcuYQs4UDtJTA5sHnsIbxMKV2JILBB3WExEfFJpSmINEwE4RyxCIRUCEWMLKVtjDRMWKgR3QiFVV0N2CDxWdB5OEHlYax95.jpeg\" width=\"0\" height=\"0\" loading=\"lazy\" class=\"wp-media-image cropped\" alt=\"&quot;W s\u0105dzie powinni by\u0107 s\u0119dziowie&quot;. Pose\u0142 PiS o sprawie Ziobry\"\/><\/p>\n<p>&#8222;W s\u0105dzie powinni by\u0107 s\u0119dziowie&#8221;. Pose\u0142 PiS o sprawie Ziobry<\/p>\n<p><\/a> <img role=\"presentation\" class=\"absolute left-1\/2 top-1\/2 max-h-[80%] max-w-[100px] -translate-x-1\/2 -translate-y-1\/2\" src=\"https:\/\/v.wpimg.pl\/ZXJfd3AudTkrBBIAbg54LGhcRlAxHQUrPgJGH2MAeGJoSQ1eIBI_K2UHAEVuBTY5KQMMXC0RPyoVERQdMgM9ejc\" loading=\"lazy\" decoding=\"async\"\/> <\/p>\n<p>&#8211; Ja bym bardzo chcia\u0142, \u017ceby\u015bmy mieli tak\u0105 sytuacj\u0119, \u017ce jak uprawniony organ wyst\u0119puje o\u00a0zastosowanie tymczasowego aresztowania, to \u017ceby to si\u0119 dzia\u0142o naprawd\u0119 z\u00a0dnia na dzie\u0144 bez szkody dla analizy materia\u0142u dowodowego przez s\u0105d. Jak pa\u0144stwo widzicie, te terminy s\u0105 wyd\u0142u\u017cone, ale my procedujemy tutaj zgodnie z\u00a0prawem, wi\u0119c prokuratura na pewno dostosuje si\u0119 do tych oczekiwa\u0144 s\u0105du &#8211;\u00a0m\u00f3wi\u0142 minister. <\/p>\n<p>\u017burek przekonywa\u0142 te\u017c, \u017ce w\u00a0sprawie Funduszu Sprawiedliwo\u015bci nie mo\u017cna m\u00f3wi\u0107 o\u00a0opiesza\u0142o\u015bci \u015bledczych. Opisa\u0142 te\u017c, jak wygl\u0105da\u0142y jego dzia\u0142ania od momentu, gdy stan\u0105\u0142 na czele resortu sprawiedliwo\u015bci i\u00a0prokuratury. <\/p>\n<p>Sprawa Funduszu Sprawiedliwo\u015bci <\/p>\n<p><a href=\"https:\/\/wiadomosci.wp.pl\/zurek-o-zatrzymaniu-ziobry-ani-o-milimetr-lagodniej-badz-surowiej-7216720051899040a?pvclid=01KBMZ7W0B8B04YJYM5CHPE04R\" rel=\"noopener noreferrer nofollow\" target=\"_blank\">Prokuratura zarzuca Ziobrze kierowanie zorganizowan\u0105 grup\u0105 przest\u0119pcz\u0105 i\u00a0nadu\u017cywanie stanowiska dla cel\u00f3w przest\u0119pczych<\/a>, m.in. ustawiania konkurs\u00f3w na wielomilionowe dotacje z\u00a0Funduszu Sprawiedliwo\u015bci.<\/p>\n<p> <img role=\"presentation\" class=\"absolute left-1\/2 top-1\/2 max-h-[80%] max-w-[100px] -translate-x-1\/2 -translate-y-1\/2\" src=\"https:\/\/v.wpimg.pl\/ZXJfd3AudTkrBBIAbg54LGhcRlAxHQUrPgJGH2MAeGJoSQ1eIBI_K2UHAEVuBTY5KQMMXC0RPyoVERQdMgM9ejc\" loading=\"lazy\" decoding=\"async\"\/> <\/p>\n<p>Zesp\u00f3\u0142 \u015bledczy nr 2\u00a0skierowa\u0142 do s\u0105du wniosek o\u00a0trzymiesi\u0119czny areszt dla Ziobry. Posiedzenie wyznaczono na 22 grudnia. <a href=\"https:\/\/wiadomosci.wp.pl\/immunitet-zbigniewa-ziobry-glosowanie-w-sejmie-7219331626855360a\" rel=\"noopener noreferrer nofollow\" target=\"_blank\">Sejm uchyli\u0142 politykowi immunitet<\/a> i\u00a0zgodzi\u0142 si\u0119 na poci\u0105gni\u0119cie go do odpowiedzialno\u015bci. \u015aledczy zamierzaj\u0105 postawi\u0107 \u0142\u0105cznie 26 zarzut\u00f3w.<\/p>\n<p>Ziobro najpierw wyjecha\u0142 na W\u0119gry, gdzie przebywa podejrzany w\u00a0sprawie Funduszu Sprawiedliwo\u015bci <a href=\"https:\/\/wiadomosci.wp.pl\/chcial-lzawego-spotu-tak-zamierzal-bronic-funduszu-sprawiedliwosci-7228371206601664a\" rel=\"noopener noreferrer nofollow\" target=\"_blank\">Marcin Romanowski<\/a>. <\/p>\n","protected":false},"excerpt":{"rendered":"S\u0105d Rejonowy dla Warszawy-Mokotowa odroczy\u0142 do 15 stycznia posiedzenie w\u00a0sprawie ewentualnego aresztu dla by\u0142ego ministra sprawiedliwo\u015bci Zbigniewa Ziobry.&hellip;\n","protected":false},"author":2,"featured_media":165696,"comment_status":"","ping_status":"","sticky":false,"template":"","format":"standard","meta":{"footnotes":""},"categories":[5],"tags":[32,33,36,37,27,34,35,28,31,25,42,38,40,39,41,29,30,26],"class_list":{"0":"post-165695","1":"post","2":"type-post","3":"status-publish","4":"format-standard","5":"has-post-thumbnail","7":"category-naglowki","8":"tag-breaking-news","9":"tag-breakingnews","10":"tag-featured-news","11":"tag-featurednews","12":"tag-headlines","13":"tag-latest-news","14":"tag-latestnews","15":"tag-naglowki","16":"tag-najwazniejsze-artykuly","17":"tag-news","18":"tag-pl","19":"tag-poland","20":"tag-polish","21":"tag-polska","22":"tag-polski","23":"tag-top-stories","24":"tag-topstories","25":"tag-wiadomosci"},"share_on_mastodon":{"url":"https:\/\/pubeurope.com\/@pl\/115765099405236848","error":""},"_links":{"self":[{"href":"https:\/\/www.europesays.com\/pl\/wp-json\/wp\/v2\/posts\/165695","targetHints":{"allow":["GET"]}}],"collection":[{"href":"https:\/\/www.europesays.com\/pl\/wp-json\/wp\/v2\/posts"}],"about":[{"href":"https:\/\/www.europesays.com\/pl\/wp-json\/wp\/v2\/types\/post"}],"author":[{"embeddable":true,"href":"https:\/\/www.europesays.com\/pl\/wp-json\/wp\/v2\/users\/2"}],"replies":[{"embeddable":true,"href":"https:\/\/www.europesays.com\/pl\/wp-json\/wp\/v2\/comments?post=165695"}],"version-history":[{"count":0,"href":"https:\/\/www.europesays.com\/pl\/wp-json\/wp\/v2\/posts\/165695\/revisions"}],"wp:featuredmedia":[{"embeddable":true,"href":"https:\/\/www.europesays.com\/pl\/wp-json\/wp\/v2\/media\/165696"}],"wp:attachment":[{"href":"https:\/\/www.europesays.com\/pl\/wp-json\/wp\/v2\/media?parent=165695"}],"wp:term":[{"taxonomy":"category","embeddable":true,"href":"https:\/\/www.europesays.com\/pl\/wp-json\/wp\/v2\/categories?post=165695"},{"taxonomy":"post_tag","embeddable":true,"href":"https:\/\/www.europesays.com\/pl\/wp-json\/wp\/v2\/tags?post=165695"}],"curies":[{"name":"wp","href":"https:\/\/api.w.org\/{rel}","templated":true}]}}