{"id":165710,"date":"2025-12-22T20:33:13","date_gmt":"2025-12-22T20:33:13","guid":{"rendered":"https:\/\/www.europesays.com\/pl\/165710\/"},"modified":"2025-12-22T20:33:13","modified_gmt":"2025-12-22T20:33:13","slug":"chcialo-mi-sie-plakac-mocne-wyznanie-julii-szeremety","status":"publish","type":"post","link":"https:\/\/www.europesays.com\/pl\/165710\/","title":{"rendered":"&#8222;Chcia\u0142o mi si\u0119 p\u0142aka\u0107&#8221;. Mocne wyznanie Julii Szeremety"},"content":{"rendered":"\n<p class=\"contentpart contentpart--default contentpart--text\" data-position=\"0\">Sportowa Polska g\u0142o\u015bno us\u0142ysza\u0142a o\u00a0<a href=\"https:\/\/sportowefakty.wp.pl\/boks\/julia-szeremeta\" rel=\"nofollow noopener\" target=\"_blank\">Julii Szeremecie<\/a>\u00a0w sierpniu 2024 roku. Pochodz\u0105ca z Che\u0142ma zawodniczka wywalczy\u0142a srebrny medal igrzysk olimpijskich w Pary\u017cu w kategorii do 57 kg. To sprawi\u0142o, \u017ce m\u0142oda pi\u0119\u015bciarka zyska\u0142a wielk\u0105 s\u0142aw\u0119 w naszym kraju.<\/p>\n<p class=\"contentpart contentpart--default contentpart--text\" data-position=\"1\">Szeremeta po sukcesie we francuskiej stolicy dost\u0105pi\u0142a licznych zaszczyt\u00f3w. Media szeroko zainteresowa\u0142y si\u0119 jej osob\u0105. Do tego doszli r\u00f3wnie\u017c sponsorzy oraz fani. Popularno\u015b\u0107 oznacza dla sportowca zar\u00f3wno blaski, jak i cienie.<\/p>\n<p> <img role=\"presentation\" src=\"https:\/\/std.wpcdn.pl\/images\/adv\/placeholder_wp.svg\" loading=\"lazy\" alt=\"\" decoding=\"async\"\/>  <\/p>\n<p class=\"contentpart contentpart--default contentpart--text\" data-position=\"2\">ZOBACZ WIDEO: Dyrektor KSW wprost o bolesnej pora\u017cce R\u00f3\u017calskiego. &#8222;Taki jest ten sport&#8221;<\/p>\n<p class=\"contentpart contentpart--default contentpart--text\" data-position=\"4\">I w\u0142a\u015bnie o to postanowi\u0142 zapyta\u0107 22-latk\u0119 &#8222;Fakt&#8221;. Czy po wydarzeniach z lata 2024 roku zdarzy\u0142o si\u0119 naszej wicemistrzyni olimpijskiej pomy\u015ble\u0107 o tym, by da\u0107 sobie spok\u00f3j z boksem?<\/p>\n<p class=\"contentpart contentpart--default contentpart--text\" data-position=\"5\">&#8211; Rzuci\u0107 boks? Nie ma takiej opcji! Co prawda grudzie\u0144 2024 roku by\u0142 dla mnie ci\u0119\u017ckim okresem, bo z\u0142o\u017cy\u0142o si\u0119 sporo rzeczy po igrzyskach. Ca\u0142y czas media, wywiady r\u00f3\u017cne spotkania. I tak, w grudniu mia\u0142am do\u015b\u0107. Jak kto\u015b podchodzi\u0142 do mnie, to ju\u017c mi si\u0119 chcia\u0142o p\u0142aka\u0107, bo by\u0142o tego za du\u017co &#8211; wyzna\u0142a szczerze.<\/p>\n<p class=\"contentpart contentpart--default contentpart--text\" data-position=\"6\">&#8211; Plus jeszcze przygotowania do walki na Suzuki Boxing na gali u mnie w Lublinie, wi\u0119c tak, wtedy mia\u0142am do\u015b\u0107 i czeka\u0142am, a\u017c przyjd\u0105 \u015bwi\u0119ta &#8211; doda\u0142a.<\/p>\n<p> <img role=\"presentation\" src=\"https:\/\/std.wpcdn.pl\/images\/adv\/placeholder_wp.svg\" loading=\"lazy\" alt=\"\" decoding=\"async\"\/>  <\/p>\n<p class=\"contentpart contentpart--default contentpart--text\" data-position=\"7\">2025 rok r\u00f3wnie\u017c przyni\u00f3s\u0142 ringowe sukcesy. Nasza pi\u0119\u015bciarka wywalczy\u0142a srebro podczas Pucharu \u015awiata w Foz do Iguacu. Potem zosta\u0142a jeszcze wicemistrzyni\u0105 \u015bwiata w ramach zawod\u00f3w, kt\u00f3re odby\u0142y si\u0119 w Liverpoolu.<\/p>\n<p class=\"contentpart contentpart--default contentpart--text\" data-position=\"8\">Szeremeta przyzna\u0142a, \u017ce ci\u0105gle ma wiele spotka\u0144 w ko\u0144c\u00f3wce 2025 roku. Nie mo\u017ce si\u0119 jednak doczeka\u0107 \u015bwi\u0105t. To b\u0119dzie dla niej okazja, aby odpocz\u0105\u0107 i mi\u0142o sp\u0119dzi\u0107 czas z rodzin\u0105.<\/p>\n","protected":false},"excerpt":{"rendered":"Sportowa Polska g\u0142o\u015bno us\u0142ysza\u0142a o\u00a0Julii Szeremecie\u00a0w sierpniu 2024 roku. Pochodz\u0105ca z Che\u0142ma zawodniczka wywalczy\u0142a srebrny medal igrzysk olimpijskich&hellip;\n","protected":false},"author":2,"featured_media":165711,"comment_status":"","ping_status":"","sticky":false,"template":"","format":"standard","meta":{"footnotes":""},"categories":[24],"tags":[2514,1840,1842,42,38,40,39,41,127,126,1256],"class_list":{"0":"post-165710","1":"post","2":"type-post","3":"status-publish","4":"format-standard","5":"has-post-thumbnail","7":"category-sport","8":"tag-boks","9":"tag-boks-olimpijski","10":"tag-julia-szeremeta","11":"tag-pl","12":"tag-poland","13":"tag-polish","14":"tag-polska","15":"tag-polski","16":"tag-sport","17":"tag-sports","18":"tag-sporty-walki"},"share_on_mastodon":{"url":"https:\/\/pubeurope.com\/@pl\/115765130882487465","error":""},"_links":{"self":[{"href":"https:\/\/www.europesays.com\/pl\/wp-json\/wp\/v2\/posts\/165710","targetHints":{"allow":["GET"]}}],"collection":[{"href":"https:\/\/www.europesays.com\/pl\/wp-json\/wp\/v2\/posts"}],"about":[{"href":"https:\/\/www.europesays.com\/pl\/wp-json\/wp\/v2\/types\/post"}],"author":[{"embeddable":true,"href":"https:\/\/www.europesays.com\/pl\/wp-json\/wp\/v2\/users\/2"}],"replies":[{"embeddable":true,"href":"https:\/\/www.europesays.com\/pl\/wp-json\/wp\/v2\/comments?post=165710"}],"version-history":[{"count":0,"href":"https:\/\/www.europesays.com\/pl\/wp-json\/wp\/v2\/posts\/165710\/revisions"}],"wp:featuredmedia":[{"embeddable":true,"href":"https:\/\/www.europesays.com\/pl\/wp-json\/wp\/v2\/media\/165711"}],"wp:attachment":[{"href":"https:\/\/www.europesays.com\/pl\/wp-json\/wp\/v2\/media?parent=165710"}],"wp:term":[{"taxonomy":"category","embeddable":true,"href":"https:\/\/www.europesays.com\/pl\/wp-json\/wp\/v2\/categories?post=165710"},{"taxonomy":"post_tag","embeddable":true,"href":"https:\/\/www.europesays.com\/pl\/wp-json\/wp\/v2\/tags?post=165710"}],"curies":[{"name":"wp","href":"https:\/\/api.w.org\/{rel}","templated":true}]}}