{"id":165718,"date":"2025-12-22T20:37:10","date_gmt":"2025-12-22T20:37:10","guid":{"rendered":"https:\/\/www.europesays.com\/pl\/165718\/"},"modified":"2025-12-22T20:37:10","modified_gmt":"2025-12-22T20:37:10","slug":"amerykanskie-rozmowy-z-rosja-rozbiezne-wizje-stevea-witkoffa-i-marco-rubio-2","status":"publish","type":"post","link":"https:\/\/www.europesays.com\/pl\/165718\/","title":{"rendered":"Ameryka\u0144skie rozmowy z Rosj\u0105. Rozbie\u017cne wizje Steve&#8217;a Witkoffa i Marco Rubio"},"content":{"rendered":"<ul class=\"UnorderedList_container__nmfSl\">\n<li class=\"UnorderedList_listElement__Py7xi\" data-id=\"ai-summary-link\">Du\u017co czytania, a ma\u0142o czasu? Sprawd\u017a\u00a0skr\u00f3t\u00a0artyku\u0142u<\/li>\n<\/ul>\n<p class=\"Paragraph_desktopParagraph__U31Gm\">Mi\u0119dzy Steve&#8217;em Witkoffem i Marco Rubio od dawna panuje rozd\u017awi\u0119k \u2014 wskazuje ameryka\u0144ska stacja NBC. \u2014 Wygl\u0105da na to, \u017ce graj\u0105 w r\u00f3\u017cnych tonacjach. Je\u015bli podczas negocjacji nie ma wsp\u00f3lnego zrozumienia problem\u00f3w i przeciwnika, nie mo\u017ce nic z tego wyj\u015b\u0107 dobrego \u2014 opisuje by\u0142y ambasador USA przy NATO i w Rosji Alexander Vershbow.<\/p>\n<p class=\"Paragraph_desktopParagraph__U31Gm\">Steve Witkoff, chc\u0105c na polecenie Donalda Trumpa szybko zawrze\u0107 uk\u0142ad z Rosj\u0105, forsuje propozycje, kt\u00f3re zobowi\u0105zuj\u0105 Ukrain\u0119 do ust\u0119pstw, oddania terytorium i zaakceptowania ryzyka dla jej przysz\u0142ego bezpiecze\u0144stwa \u2014 podaje NBC.<\/p>\n<p class=\"Paragraph_desktopParagraph__U31Gm\">Z kolei Marco Rubio i inni przedstawiciele administracji opowiadaj\u0105 si\u0119 za wi\u0119ksz\u0105 presj\u0105 gospodarcz\u0105 i militarn\u0105 na Rosj\u0119, by zmusi\u0107 W\u0142adimira Putina do ust\u0119pstw i zagwarantowa\u0107 bezpieczn\u0105 przysz\u0142o\u015b\u0107 Ukrainie.<\/p>\n<p class=\"VideoPlayerText_videoPlayerText__iDwyz\">Dalszy ci\u0105g materia\u0142u pod wideo<\/p>\n<ul class=\"OchatFollowUps_wrapper__1ry7X\">\n<li class=\"OchatFollowUps_item__Dhyly OchatFollowUps_itemDesktop__R6aBv\">Jakie s\u0105 r\u00f3\u017cnice w pogl\u0105dach Witkoffa i Rubio na temat zako\u0144czenia wojny?<\/li>\n<li class=\"OchatFollowUps_item__Dhyly OchatFollowUps_itemDesktop__R6aBv\">Jakie propozycje forsuje Steve Witkoff?<\/li>\n<li class=\"OchatFollowUps_item__Dhyly OchatFollowUps_itemDesktop__R6aBv\">Jakie dzia\u0142ania proponuje Marco Rubio?<\/li>\n<li class=\"OchatFollowUps_item__Dhyly OchatFollowUps_itemDesktop__R6aBv\">Czy Witkoff i Rubio maj\u0105 wsp\u00f3\u0142pracowa\u0107 ze sob\u0105?<\/li>\n<\/ul>\n<p>Rozbie\u017cne wizje Marco Rubio i Steve&#8217;a Witkoffa. Departament Stanu dementuje <\/p>\n<p class=\"Paragraph_desktopParagraph__U31Gm\">Opr\u00f3cz rozbie\u017cno\u015bci w kwestii procesu pokojowego, mi\u0119dzy Steve&#8217;em Witkoffem a urz\u0119dnikami Departamentu Stanu panuje te\u017c brak porozumienia w sprawie kwestii bezpiecze\u0144stwa, zw\u0142aszcza podczas <a href=\"https:\/\/wiadomosci.onet.pl\/kraj\/steve-witkoff-spotkal-sie-z-wladimirem-putinem-rosjanie-postawili-warunek\/n2wdqqj\" id=\"689f76e7-3353-4e79-b097-34914b69e4c6\" rel=\"nofollow noopener\" target=\"_blank\">podr\u00f3\u017cy wys\u0142annika Donalda Trumpa do Rosji<\/a>.<\/p>\n<p class=\"Paragraph_desktopParagraph__U31Gm\">Reprezentant prezydenta USA ma pob\u0142a\u017cliwie podchodzi\u0107 do kwestii bezpiecze\u0144stwa, co budzi obawy, \u017ce mo\u017ce korzysta\u0107 z niezabezpieczonych \u015brodk\u00f3w komunikacji, kt\u00f3re mog\u0142yby narazi\u0107 go na pods\u0142uchiwanie jego rozm\u00f3w.<\/p>\n<p class=\"Paragraph_desktopParagraph__U31Gm\">Rzecznik Departamentu Stanu Tommy Pigott zapewnia jednak, \u017ce mi\u0119dzy Marco Rubio i Steve&#8217;em Witkoffem nie ma \u017cadnych p\u0119kni\u0119\u0107. \u2014 Utrzymuj\u0105 bliskie robocze kontakty i s\u0105 przyjaci\u00f3\u0142mi \u2014 zaznacza.<\/p>\n<p class=\"Paragraph_desktopParagraph__U31Gm\">Sam Marco Rubio podczas pi\u0105tkowej konferencji prasowej r\u00f3wnie\u017c zapewnia\u0142, \u017ce &#8222;nikt nie dzia\u0142a niezale\u017cnie, a wszystko jest silnie skoordynowane&#8221;. Nazwa\u0142 przy tym Steve&#8217;a Witkoffa &#8222;bardzo m\u0105dr\u0105 i utalentowan\u0105 osob\u0105&#8221; i zaznaczy\u0142, \u017ce nie otrzymuje on wynagrodzenia za wykonywan\u0105 prac\u0119.<\/p>\n","protected":false},"excerpt":{"rendered":"Du\u017co czytania, a ma\u0142o czasu? Sprawd\u017a\u00a0skr\u00f3t\u00a0artyku\u0142u Mi\u0119dzy Steve&#8217;em Witkoffem i Marco Rubio od dawna panuje rozd\u017awi\u0119k \u2014 wskazuje&hellip;\n","protected":false},"author":2,"featured_media":165719,"comment_status":"","ping_status":"","sticky":false,"template":"","format":"standard","meta":{"footnotes":""},"categories":[14],"tags":[32,33,27,67,34,35,12940,28,31,19734,53,25,52,68,51,55,40,41,62,47,11050,80,29,30,390,65,50,26,82,83,84],"class_list":{"0":"post-165718","1":"post","2":"type-post","3":"status-publish","4":"format-standard","5":"has-post-thumbnail","7":"category-swiat","8":"tag-breaking-news","9":"tag-breakingnews","10":"tag-headlines","11":"tag-intextvideo_splayer","12":"tag-latest-news","13":"tag-latestnews","14":"tag-marco_rubio_amerykanski_polityk","15":"tag-naglowki","16":"tag-najwazniejsze-artykuly","17":"tag-nbc","18":"tag-new_header","19":"tag-news","20":"tag-onet3","21":"tag-onet3d","22":"tag-onet3d_2i","23":"tag-phx","24":"tag-polish","25":"tag-polski","26":"tag-rosja_kraj_rosjanin_rosjanie_rosjanka_rosjanki","27":"tag-screening_general","28":"tag-steve_witkoff","29":"tag-swiat","30":"tag-top-stories","31":"tag-topstories","32":"tag-ukraina_ukrainiec_ukrainka_ukraincy_ukrainki","33":"tag-update_me","34":"tag-v2021","35":"tag-wiadomosci","36":"tag-world","37":"tag-world-news","38":"tag-worldnews"},"share_on_mastodon":{"url":"","error":"Validation failed: Text character limit of 500 exceeded"},"_links":{"self":[{"href":"https:\/\/www.europesays.com\/pl\/wp-json\/wp\/v2\/posts\/165718","targetHints":{"allow":["GET"]}}],"collection":[{"href":"https:\/\/www.europesays.com\/pl\/wp-json\/wp\/v2\/posts"}],"about":[{"href":"https:\/\/www.europesays.com\/pl\/wp-json\/wp\/v2\/types\/post"}],"author":[{"embeddable":true,"href":"https:\/\/www.europesays.com\/pl\/wp-json\/wp\/v2\/users\/2"}],"replies":[{"embeddable":true,"href":"https:\/\/www.europesays.com\/pl\/wp-json\/wp\/v2\/comments?post=165718"}],"version-history":[{"count":0,"href":"https:\/\/www.europesays.com\/pl\/wp-json\/wp\/v2\/posts\/165718\/revisions"}],"wp:featuredmedia":[{"embeddable":true,"href":"https:\/\/www.europesays.com\/pl\/wp-json\/wp\/v2\/media\/165719"}],"wp:attachment":[{"href":"https:\/\/www.europesays.com\/pl\/wp-json\/wp\/v2\/media?parent=165718"}],"wp:term":[{"taxonomy":"category","embeddable":true,"href":"https:\/\/www.europesays.com\/pl\/wp-json\/wp\/v2\/categories?post=165718"},{"taxonomy":"post_tag","embeddable":true,"href":"https:\/\/www.europesays.com\/pl\/wp-json\/wp\/v2\/tags?post=165718"}],"curies":[{"name":"wp","href":"https:\/\/api.w.org\/{rel}","templated":true}]}}