{"id":165723,"date":"2025-12-22T20:40:18","date_gmt":"2025-12-22T20:40:18","guid":{"rendered":"https:\/\/www.europesays.com\/pl\/165723\/"},"modified":"2025-12-22T20:40:18","modified_gmt":"2025-12-22T20:40:18","slug":"rozgrywki-o-superpuchar-hiszpanii-na-wylacznosc-w-eleven-sports","status":"publish","type":"post","link":"https:\/\/www.europesays.com\/pl\/165723\/","title":{"rendered":"Rozgrywki o Superpuchar Hiszpanii na wy\u0142\u0105czno\u015b\u0107 w Eleven Sports"},"content":{"rendered":"<p class=\"typography ids-typeset-body ids-typeset-body--preset-large link paragraph ids-paragraph ids-paragraph--default\">Porozumienie zawarte z Kr\u00f3lewskim Hiszpa\u0144skim Zwi\u0105zkiem Pi\u0142ki No\u017cnej (RFEF) za po\u015brednictwem firmy Sportradar gwarantuje ELEVEN SPORTS mo\u017cliwo\u015b\u0107 transmitowania wszystkich spotka\u0144 odbywaj\u0105cych si\u0119 w ramach Supercopa de Espa\u00f1a. Obecnie rozgrywki maj\u0105 format turnieju z udzia\u0142em dw\u00f3ch najlepszych dru\u017cyn LALIGA poprzedniego sezonu oraz finalist\u00f3w ostatniego Copa del Rey.<\/p>\n<p class=\"typography ids-typeset-body ids-typeset-body--preset-large link paragraph ids-paragraph ids-paragraph--default\">Najbli\u017csz\u0105 edycj\u0119 Superpucharu Hiszpanii zaplanowano mi\u0119dzy 7 a 11 stycznia w D\u017cuddzie. Wezm\u0105 w niej udzia\u0142: FC Barcelona (obro\u0144ca trofeum), Real Madryt, Atl\u00e9tico Madryt i Athletic Club. To wyj\u0105tkowy turniej, poniewa\u017c s\u0105 to nie tylko cztery czo\u0142owe zespo\u0142y poprzedniego sezonu, ale r\u00f3wnie\u017c najbardziej utytu\u0142owane kluby w historii hiszpa\u0144skiego futbolu. Na antenach ELEVEN SPORTS b\u0119d\u0105 transmitowane oba p\u00f3\u0142fina\u0142y oraz wielki fina\u0142. Aren\u0105 zmaga\u0144 b\u0119dzie King Abdullah Sports City.<\/p>\n<p>Superpuchar Hiszpanii 2026 w ELEVEN SPORTS:<\/p>\n<p class=\"typography ids-typeset-body ids-typeset-body--preset-large link paragraph ids-paragraph ids-paragraph--default\">\u2022 p\u00f3\u0142fina\u0142: FC Barcelona (Robert Lewandowski, Wojciech Szcz\u0119sny) &#8211; Athletic Club, \u015broda, 7 stycznia, 20:00<\/p>\n<p class=\"typography ids-typeset-body ids-typeset-body--preset-large link paragraph ids-paragraph ids-paragraph--default\">\u2022 p\u00f3\u0142fina\u0142: Real Madryt &#8211; Atl\u00e9tico Madryt, czwartek, 8 stycznia, 20:00<\/p>\n<p class=\"typography ids-typeset-body ids-typeset-body--preset-large link paragraph ids-paragraph ids-paragraph--default\">\u2022 fina\u0142, niedziela, 11 stycznia, 20:00<\/p>\n<p>Athletic Bilbao &#8211; FC Barcelona 0-2. SKR\u00d3T. WIDEO (Eleven Sports)Eleven SportsEleven Sports<\/p>\n<p><img decoding=\"async\" class=\"ids-image-holder__img\" loading=\"lazy\" alt=\"Julian Alvarez\" title=\"Julian Alvarez\" width=\"3872\" height=\"2581\" src=\"https:\/\/www.europesays.com\/pl\/wp-content\/uploads\/2025\/12\/000KRTXVJMIQ8VP0-C323-F4.webp.webp\"\/><\/p>\n<p>Julian AlvarezAFP<\/p>\n<p><img decoding=\"async\" class=\"ids-image-holder__img\" loading=\"lazy\" alt=\"Raphinha\" title=\"Raphinha\" width=\"6327\" height=\"4191\" src=\"https:\/\/www.europesays.com\/pl\/wp-content\/uploads\/2025\/12\/000KZO35ANGEJJ68-C323-F4.webp.webp\"\/><\/p>\n<p>RaphinhaUrbanandsport \/ NurPhoto \/ NurPhoto via AFP   AFP<\/p>\n<p><img decoding=\"async\" class=\"ids-image-holder__img\" loading=\"lazy\" alt=\"Kylian Mbappe\" title=\"Kylian Mbappe\" width=\"4568\" height=\"3046\" src=\"https:\/\/www.europesays.com\/pl\/wp-content\/uploads\/2025\/12\/000KXN78WME4DKPX-C323-F4.webp.webp\"\/><\/p>\n<p>Kylian MbappeOSCAR DEL POZO \/ AFPAFP<\/p>\n<p><a class=\"ids-undecorated-link source ids-page-info--source__link\" href=\"https:\/\/www.interia.pl\" rel=\"nofollow noopener\" target=\"_blank\"><img decoding=\"async\" class=\"ids-image-holder__img\" loading=\"lazy\" alt=\"\" title=\"\" height=\"24px\" src=\"https:\/\/www.europesays.com\/pl\/wp-content\/uploads\/2025\/12\/1766316489_692_0009A60QQ5I2TYF7-C202-F4.webp.webp\"\/><\/a><\/p>\n<p>Masz sugestie, uwagi albo widzisz b\u0142\u0105d? Napisz do nas<\/p>\n","protected":false},"excerpt":{"rendered":"Porozumienie zawarte z Kr\u00f3lewskim Hiszpa\u0144skim Zwi\u0105zkiem Pi\u0142ki No\u017cnej (RFEF) za po\u015brednictwem firmy Sportradar gwarantuje ELEVEN SPORTS mo\u017cliwo\u015b\u0107 transmitowania&hellip;\n","protected":false},"author":2,"featured_media":165724,"comment_status":"","ping_status":"","sticky":false,"template":"","format":"standard","meta":{"footnotes":""},"categories":[24],"tags":[42,38,40,39,41,127,126],"class_list":{"0":"post-165723","1":"post","2":"type-post","3":"status-publish","4":"format-standard","5":"has-post-thumbnail","7":"category-sport","8":"tag-pl","9":"tag-poland","10":"tag-polish","11":"tag-polska","12":"tag-polski","13":"tag-sport","14":"tag-sports"},"share_on_mastodon":{"url":"https:\/\/pubeurope.com\/@pl\/115765158397931611","error":""},"_links":{"self":[{"href":"https:\/\/www.europesays.com\/pl\/wp-json\/wp\/v2\/posts\/165723","targetHints":{"allow":["GET"]}}],"collection":[{"href":"https:\/\/www.europesays.com\/pl\/wp-json\/wp\/v2\/posts"}],"about":[{"href":"https:\/\/www.europesays.com\/pl\/wp-json\/wp\/v2\/types\/post"}],"author":[{"embeddable":true,"href":"https:\/\/www.europesays.com\/pl\/wp-json\/wp\/v2\/users\/2"}],"replies":[{"embeddable":true,"href":"https:\/\/www.europesays.com\/pl\/wp-json\/wp\/v2\/comments?post=165723"}],"version-history":[{"count":0,"href":"https:\/\/www.europesays.com\/pl\/wp-json\/wp\/v2\/posts\/165723\/revisions"}],"wp:featuredmedia":[{"embeddable":true,"href":"https:\/\/www.europesays.com\/pl\/wp-json\/wp\/v2\/media\/165724"}],"wp:attachment":[{"href":"https:\/\/www.europesays.com\/pl\/wp-json\/wp\/v2\/media?parent=165723"}],"wp:term":[{"taxonomy":"category","embeddable":true,"href":"https:\/\/www.europesays.com\/pl\/wp-json\/wp\/v2\/categories?post=165723"},{"taxonomy":"post_tag","embeddable":true,"href":"https:\/\/www.europesays.com\/pl\/wp-json\/wp\/v2\/tags?post=165723"}],"curies":[{"name":"wp","href":"https:\/\/api.w.org\/{rel}","templated":true}]}}