{"id":165821,"date":"2025-12-22T21:33:11","date_gmt":"2025-12-22T21:33:11","guid":{"rendered":"https:\/\/www.europesays.com\/pl\/165821\/"},"modified":"2025-12-22T21:33:11","modified_gmt":"2025-12-22T21:33:11","slug":"jesli-ktos-naprawde-kocha-europe-musi-krytykowac-obecna-unie-europejska","status":"publish","type":"post","link":"https:\/\/www.europesays.com\/pl\/165821\/","title":{"rendered":"Je\u015bli kto\u015b naprawd\u0119 kocha Europ\u0119, musi krytykowa\u0107 obecn\u0105 Uni\u0119 Europejsk\u0105"},"content":{"rendered":"<p>Nie ma jedno\u015bci bez dobrobytu. To Traktaty Rzymskie z 1957 r. da\u0142y pocz\u0105tek europejskiemu \u0142adowi pokojowemu, z kt\u00f3rego najpierw wyros\u0142a EWG, p\u00f3\u017aniej UE, a w ko\u0144cu instytucje takie jak Parlament Europejski. Zaledwie 12 lat po zako\u0144czeniu wyniszczaj\u0105cej wojny, za kt\u00f3r\u0105 Niemcy odpowiadaj\u0105 tak samo, jak za cywilizacyjne barbarzy\u0144stwo Holokaustu, narodzi\u0142a si\u0119 idea pokoju poprzez dobrobyt.<\/p>\n<p>W toku tego (sukcesu) historii Unii stopniowo zatracano zasad\u0119 &#8222;gospodarka, g\u0142upcze&#8221; \u2014 a kierowana przez coraz bardziej zbiurokratyzowane kadry UE sta\u0142a si\u0119 machin\u0105 do t\u0142umienia wzrostu, kt\u00f3ra przez swoj\u0105 regulacyjn\u0105 gor\u0105czk\u0119 i beztroskie rozdawnictwo dotacji podkopa\u0142a zaufanie do mechanizm\u00f3w wolnorynkowych.<\/p>\n<p class=\"ods-c-paragraph \">UE w 2025 r. dzia\u0142a raczej na niekorzy\u015b\u0107 wzrostu ni\u017c go wspiera. Liderzy Unii s\u0105 zamkni\u0119ci w swojej ba\u0144ce informacyjnej niemal tak samo, jak niemieckie elity. W czasach globalnych kryzys\u00f3w i wszechstronnych wyzwa\u0144 powsta\u0142y samoreferencyjne, funkcjonuj\u0105ce niemal autystycznie, kt\u00f3re coraz bardziej skupiaj\u0105 si\u0119 tylko na sobie. Liczba urz\u0119dnik\u00f3w ro\u015bnie, podczas gdy prywatny sektor ledwo trzyma si\u0119 na powierzchni. Szczeg\u00f3lnie dotyczy to Niemiec.<\/p>\n<p>   Jak nowobogaccy uzale\u017cnieni od konsumpcji<\/p>\n<p class=\"ods-c-paragraph \">Przez lata Niemcy korzystali z rynku wewn\u0119trznego i korzystnego, jak na \u00f3wczesn\u0105 pot\u0119g\u0119 gospodarcz\u0105, kursu euro. Zamiast jednak w tym czasie zreformowa\u0107 kraj i Uni\u0119, pieni\u0105dze wydawano na prawo i lewo, niczym rozrzutni nuworysze. W \u015bwiecie obsesyjnie nastawionym na konkurencj\u0119 takie podej\u015bcie prowadzi na dno.<\/p>\n<p>Dalszy ci\u0105g artyku\u0142u pod materia\u0142em wideo<\/p>\n<p class=\"ods-c-paragraph \">W ostatnich 15 latach gospodarka USA ros\u0142a znacznie szybciej ni\u017c europejska. UE &#8222;wyp\u0142oszy\u0142a firmy, inwestycje, innowacje&#8221; \u2014 stwierdzi\u0142 Jamie Dimon, szef JPMorgan Chase. Je\u015bli UE nie przejdzie gruntownych zmian, europejska gospodarka b\u0119dzie coraz bardziej odstawa\u0107 w globalnej rywalizacji z USA i Chinami.<\/p>\n<p class=\"ods-c-paragraph \">Fakt, \u017ce po TTIP \u2014 planowanej umowie o wolnym handlu mi\u0119dzy UE a Stanami Zjednoczonymi \u2014 w ostatni pi\u0105tek upad\u0142o tak\u017ce <a href=\"https:\/\/wiadomosci.onet.pl\/politico\/unijni-dyplomaci-umowa-z-mercosur-dopiero-w-styczniu\/7ddcfjw\" id=\"aef58d28-5292-4db9-b29c-b1f880d06513\" rel=\"nofollow noopener\" target=\"_blank\">porozumienie z po\u0142udniowoameryka\u0144skim Mercosur<\/a>, pokazuje, jak oderwane od rzeczywisto\u015bci i aroganckie s\u0105 decyzje decydent\u00f3w.<\/p>\n<p class=\"ods-c-paragraph \">Tradycyjnie blokuj\u0105 je Francuzi, niech\u0119tni reformom i zapatrzeni w siebie, kt\u00f3rzy dla Niemiec \u2014 eksportowej pot\u0119gi \u2014 stwarzaj\u0105 powa\u017cne problemy. Niestety, tak\u017ce Giorgia Meloni, kt\u00f3rej jednak zale\u017cy g\u0142\u00f3wnie na uzyskaniu zaliczki z kolejnego bud\u017cetu unijnych dotacji. Unii brakuje zar\u00f3wno kompetencji ekonomicznych, jak i <a href=\"https:\/\/wiadomosci.onet.pl\/swiat\/niemieckie-ambicje-bez-pokrycia-friedrich-merz-chcial-byc-przywodca-europy-ale-jest\/y7r69wd\" id=\"f679b0cb-43cd-4f10-80ab-87de52b9f667\" rel=\"nofollow noopener\" target=\"_blank\">prawdziwego przyw\u00f3dztwa<\/a>. Na razie nic nie zapowiada zmiany na lepsze.<\/p>\n<p class=\"ods-c-paragraph \">Wobec fatalnej kondycji gospodarki, rozbuchanej biurokracji i bezradno\u015bci w polityce zagranicznej, tym bardziej zdumiewaj\u0105 autorytarne zap\u0119dy Komisji Europejskiej. Planowana przez ni\u0105 kontrola prywatnych rozm\u00f3w ma ju\u017c <a href=\"https:\/\/www.onet.pl\/informacje\/okopress\/komisja-europejska-chce-intensywniej-walczyc-z-dezinformacja-ktora-zagraza-panstwom\/9b7mh3m,30bc1058\" id=\"60d01b92-127d-4294-9a84-30832cfc02b8\" rel=\"nofollow noopener\" target=\"_blank\">wymiar dystopijny<\/a>. Po wprowadzeniu takie \u015brodki mog\u0142yby &#8222;w autokracji by\u0107 systematycznie u\u017cywane przeciwko osobom o innych pogl\u0105dach politycznych i mniejszo\u015bciom spo\u0142ecznym&#8221; \u2014 jak napisa\u0142a lewicowa gazeta &#8222;Die Tageszeitung&#8221;.<\/p>\n<p class=\"ods-c-paragraph \">Mimo coraz wi\u0119kszych niedoci\u0105gni\u0119\u0107, or\u0119downicy obecnego stanu rzeczy twierdz\u0105, \u017ce ostra krytyka UE to domena prawicowego populizmu. Wed\u0142ug tej logiki powinno to dotyczy\u0107 tak\u017ce lewicowej &#8222;Die Tageszeitung&#8221;, kt\u00f3ra s\u0142usznie pisa\u0142a, \u017ce nasza wolno\u015b\u0107 opiera si\u0119 &#8222;na tajemnicy korespondencji oraz wolno\u015bci s\u0142owa i prasy&#8221;.<\/p>\n<p class=\"ods-c-paragraph \">Znaczna cz\u0119\u015b\u0107 Europejczyk\u00f3w straci\u0142a ju\u017c cierpliwo\u015b\u0107 do brukselskiej i strasburskiej biurokracji. Poparcie dla Komisji Ursuli von der Leyen jest dzi\u015b bardzo niskie. Liberalni sceptycy wobec UE, tacy jak Du\u0144czyk Alex Vanopslagh, nie kieruj\u0105 si\u0119 \u017cadnymi uprzedzeniami. Chcia\u0142by Unii, kt\u00f3ra zdo\u0142a\u0142aby np. przywr\u00f3ci\u0107 do wsp\u00f3lnoty tak wa\u017cn\u0105 gospodark\u0119, jak brytyjska \u2014 tak\u017ce po to, by wzmacnia\u0107 tam my\u015blenie wolnorynkowe zamiast schematycznej polityki redystrybucji.<\/p>\n<p><img decoding=\"async\" src=\"https:\/\/www.europesays.com\/pl\/wp-content\/uploads\/2025\/12\/9Zpk9lBaHR0cHM6Ly9vY2RuLmV1L3B1bHNjbXMvTURBXy8xMDMxYTE5YzE3MjA3OTFhZDVhMjY3NzgxYWRlMTZkMS5qcGeRlQLNB.jpeg\" height=\"635\" width=\"940\" alt=\"Ursula von der Leyen, przewodnicz\u0105ca Komisji Europejskiej, i Angela Merkel, \u00f3wczesna kanclerz Niemiec, na konferencji prasowej w Berlinie, 22 czerwca 2021 r.\" loading=\"lazy\" class=\"ods-c-image__img ods-c-image__img--viewport-width\"\/><\/p>\n<p>Ursula von der Leyen, przewodnicz\u0105ca Komisji Europejskiej, i Angela Merkel, \u00f3wczesna kanclerz Niemiec, na konferencji prasowej w Berlinie, 22 czerwca 2021 r.EPA\/MICHAEL SOHN \/ POOL \/ PAP<\/p>\n<p class=\"ods-c-paragraph \">\u017badne z wielkich wyzwa\u0144 ostatnich lat nie zosta\u0142o przez UE podj\u0119te skutecznie. W polityce migracyjnej \u2014 podsycanej przez b\u0142\u0119dne decyzje Angeli Merkel \u2014 Unia jest wewn\u0119trznie podzielona i do dzi\u015b nie wypracowa\u0142a wsp\u00f3lnego stanowiska. W efekcie w ostatnich wyborach i sonda\u017cach Europa wyra\u017anie skr\u0119ci\u0142a w prawo.<\/p>\n<p class=\"ods-c-paragraph \">Klimatyczny aktywizm by\u0142 faworyzowany przez przewodnicz\u0105c\u0105 Komisji, a europejski przemys\u0142 motoryzacyjny po\u015bwi\u0119cono na rzecz trend\u00f3w. Zielony \u0141ad okaza\u0142 si\u0119 z perspektywy czasu najgorsz\u0105 pomy\u0142k\u0105 tej Komisji. W trakcie pandemii brutalnie ograniczono podstawowe wolno\u015bci obywatelskie, a w kryzysie ukrai\u0144skim UE nie zdo\u0142a\u0142a sta\u0107 si\u0119 rzeczywistym graczem.<\/p>\n<p>Moralny arbiter? To nie jest recepta na sukces<\/p>\n<p class=\"ods-c-paragraph \">Przypisywanie Europie roli moralnego arbitra dziej\u00f3w \u015bwiata jest groteskowe. Zbyt cz\u0119sto moralno\u015b\u0107 s\u0142u\u017cy tylko tuszowaniu w\u0142asnych pora\u017cek. Pragmatycy pokroju Donalda Trumpa, W\u0142adimira Putina czy Xi Jinpinga kieruj\u0105 si\u0119 rzeczywist\u0105 si\u0142\u0105, nie moralnymi dyskursami \u2014 a te, jak wida\u0107, mog\u0105 by\u0107 wyj\u0105tkowo nieskuteczne i destrukcyjne. Zielony \u0141ad Deal wzmocni\u0142 Putina, a nie Uni\u0119. Pom\u00f3g\u0142 Chinom w eksporcie tanich samochod\u00f3w, podczas gdy UE stawia\u0142a na energetyk\u0119 s\u0142oneczn\u0105 \u2014 i to cz\u0119sto bez wi\u0119kszego po\u017cytku dla Europy.<\/p>\n<p>   <img decoding=\"async\" src=\"https:\/\/www.europesays.com\/pl\/wp-content\/uploads\/2025\/12\/672k9lBaHR0cHM6Ly9vY2RuLmV1L3B1bHNjbXMvTURBXy85YmYzZDcwNTJkOTdhOTc3ODk4ZTNiOTk5MjRkMTIxMC5qcGeSlQMAA.jpeg\" height=\"715\" width=\"940\" alt=\"W\u0142adimir Putin, prezydent Rosji, oraz Xi Jinping, przyw\u00f3dca Chin. Tianjin, 1 wrze\u015bnia 2025 r.\" loading=\"lazy\" class=\"ods-c-image__img ods-c-image__img--viewport-width\"\/><\/p>\n<p>W\u0142adimir Putin, prezydent Rosji, oraz Xi Jinping, przyw\u00f3dca Chin. Tianjin, 1 wrze\u015bnia 2025 r.ALEXANDER KAZAKOV \/ SPUTNIK \/ KREMLIN POOL \/ PAP<\/p>\n<p class=\"ods-c-paragraph \">Samokrytyka w Europie praktycznie nie istnieje. Elity Unii s\u0105 wobec siebie niezwykle wyrozumia\u0142e. Wycofanie si\u0119 z zakazu silnik\u00f3w spalinowych to przynajmniej niewielki krok do przodu i korekta epokowego b\u0142\u0119du, kt\u00f3ry spowodowa\u0142 gigantyczne straty dla przemys\u0142u i masowe zwolnienia. I jeszcze b\u0119dzie kosztowa\u0107. Dzi\u0119ki premier W\u0142och, Giorgii Meloni, UE zdecydowa\u0142a si\u0119 te\u017c zaostrzy\u0107 kurs w polityce migracyjnej.<\/p>\n<p class=\"ods-c-paragraph \">Problem jednak nie znika, przynajmniej wed\u0142ug za\u0142o\u017cyciela Palantira, Alexa Karpa, kt\u00f3ry w ubieg\u0142ym tygodniu opisywa\u0142, jak pogardliwie czo\u0142owi przedsi\u0119biorcy ameryka\u0144scy patrz\u0105 na Niemcy i Europ\u0119: \u2014 Obawiam si\u0119, \u017ce w Europie, a pewnie najpierw we Francji, ludzie powiedz\u0105: nie obchodzi mnie, co pisze si\u0119 na papierze o prawach podstawowych. Chc\u0119, \u017ceby m\u00f3j kraj wygl\u0105da\u0142 tak, jak go pami\u0119tam. \u2014 powiedzia\u0142.<\/p>\n<p class=\"ods-c-paragraph \">Jednak rozliczenia tych b\u0142\u0119dnych decyzji wci\u0105\u017c nie ma. Zamiast tego wci\u0105\u017c pr\u00f3buje si\u0119 ratowa\u0107 rozchwian\u0105 konstrukcj\u0119 strategi\u0105 &#8222;jako\u015b to b\u0119dzie&#8221;.<\/p>\n<p>Kto tak naprawd\u0119 wybra\u0142 Ursul\u0119 von der Leyen?<\/p>\n<p class=\"ods-c-paragraph \">Ktokolwiek krytykuje UE, jest natychmiast oskar\u017cany o powielanie prawicowych czy populistycznych narracji. Tymczasem prawda jest odwrotna.<\/p>\n<p class=\"ods-c-paragraph \">Je\u015bli kto\u015b naprawd\u0119 kocha Europ\u0119, musi krytykowa\u0107 obecn\u0105 Uni\u0119. I liczy\u0107 na to, \u017ce jak najszybciej powstanie inna UE \u2014 prowadzona przez ludzi rozumiej\u0105cych na nowo rol\u0119 pa\u0144stw narodowych, przeciwnik\u00f3w protekcjonizmu, zwolennik\u00f3w nowych um\u00f3w o wolnym handlu i szerokiej deregulacji. Potrzebna jest te\u017c fundamentalna zmiana w zakresie demokratycznej legitymacji. Bo kto tak naprawd\u0119 wybra\u0142 Ursul\u0119 von der Leyen?<\/p>\n<p><img decoding=\"async\" src=\"https:\/\/www.europesays.com\/pl\/wp-content\/uploads\/2025\/12\/ahIk9lBaHR0cHM6Ly9vY2RuLmV1L3B1bHNjbXMvTURBXy9iY2MwYThiOTIxOGZjODhkNGRmOWEwOWIyODdiNDE3MC5qcGeRlQLNB.jpeg\" height=\"567\" width=\"940\" alt=\"Ursula von der Leyen, przewodnicz\u0105ca Komisji Europejskiej, Donald Tusk, premier Polski, i Friedrich Merz, kanclerz Niemiec, przed szczytem Rady UE w Brukseli, 18 grudnia 2025 r.\" loading=\"lazy\" class=\"ods-c-image__img ods-c-image__img--viewport-width\"\/><\/p>\n<p>Ursula von der Leyen, przewodnicz\u0105ca Komisji Europejskiej, Donald Tusk, premier Polski, i Friedrich Merz, kanclerz Niemiec, przed szczytem Rady UE w Brukseli, 18 grudnia 2025 r.PAP\/EPA\/OLIVIER HOSLET \/ POOL \/ PAP<\/p>\n<p class=\"ods-c-paragraph \">Kryzys Europy, podobnie jak kryzys Niemiec, ma wsp\u00f3lny mianownik: nieufno\u015b\u0107 wobec rynku i jednostki oraz r\u00f3wnoczesne przywi\u0105zanie do autorytarnych, etatystycznych struktur i praktyk. Traktaty Rzymskie koncentrowa\u0142y si\u0119 na wzro\u015bcie, bo ich tw\u00f3rcy wiedzieli, \u017ce jedynie w ten spos\u00f3b wolno\u015b\u0107 stanie si\u0119 powszechn\u0105 warto\u015bci\u0105. W dynamicznie rozwijaj\u0105cej si\u0119 Europie ka\u017cdy, kto si\u0119 stara, ma szans\u0119 na sukces. Pi\u0119kna idea.<\/p>\n","protected":false},"excerpt":{"rendered":"Nie ma jedno\u015bci bez dobrobytu. To Traktaty Rzymskie z 1957 r. da\u0142y pocz\u0105tek europejskiemu \u0142adowi pokojowemu, z kt\u00f3rego&hellip;\n","protected":false},"author":2,"featured_media":165822,"comment_status":"","ping_status":"","sticky":false,"template":"","format":"standard","meta":{"footnotes":""},"categories":[14],"tags":[56,32,33,85,4393,27,34,35,93,28,31,48,25,295,46,40,41,87,47,80,29,30,86,344,71,26,82,83,84],"class_list":{"0":"post-165821","1":"post","2":"type-post","3":"status-publish","4":"format-standard","5":"has-post-thumbnail","7":"category-swiat","8":"tag-article_premium","9":"tag-breaking-news","10":"tag-breakingnews","11":"tag-chiny","12":"tag-giorgia_meloni","13":"tag-headlines","14":"tag-latest-news","15":"tag-latestnews","16":"tag-mercosur","17":"tag-naglowki","18":"tag-najwazniejsze-artykuly","19":"tag-nat_styl","20":"tag-news","21":"tag-niemcy","22":"tag-omp","23":"tag-polish","24":"tag-polski","25":"tag-rosja","26":"tag-screening_general","27":"tag-swiat","28":"tag-top-stories","29":"tag-topstories","30":"tag-unia_europejska","31":"tag-ursula_von_der_leyen","32":"tag-usa","33":"tag-wiadomosci","34":"tag-world","35":"tag-world-news","36":"tag-worldnews"},"share_on_mastodon":{"url":"https:\/\/pubeurope.com\/@pl\/115765366733893398","error":""},"_links":{"self":[{"href":"https:\/\/www.europesays.com\/pl\/wp-json\/wp\/v2\/posts\/165821","targetHints":{"allow":["GET"]}}],"collection":[{"href":"https:\/\/www.europesays.com\/pl\/wp-json\/wp\/v2\/posts"}],"about":[{"href":"https:\/\/www.europesays.com\/pl\/wp-json\/wp\/v2\/types\/post"}],"author":[{"embeddable":true,"href":"https:\/\/www.europesays.com\/pl\/wp-json\/wp\/v2\/users\/2"}],"replies":[{"embeddable":true,"href":"https:\/\/www.europesays.com\/pl\/wp-json\/wp\/v2\/comments?post=165821"}],"version-history":[{"count":0,"href":"https:\/\/www.europesays.com\/pl\/wp-json\/wp\/v2\/posts\/165821\/revisions"}],"wp:featuredmedia":[{"embeddable":true,"href":"https:\/\/www.europesays.com\/pl\/wp-json\/wp\/v2\/media\/165822"}],"wp:attachment":[{"href":"https:\/\/www.europesays.com\/pl\/wp-json\/wp\/v2\/media?parent=165821"}],"wp:term":[{"taxonomy":"category","embeddable":true,"href":"https:\/\/www.europesays.com\/pl\/wp-json\/wp\/v2\/categories?post=165821"},{"taxonomy":"post_tag","embeddable":true,"href":"https:\/\/www.europesays.com\/pl\/wp-json\/wp\/v2\/tags?post=165821"}],"curies":[{"name":"wp","href":"https:\/\/api.w.org\/{rel}","templated":true}]}}