{"id":165825,"date":"2025-12-22T21:35:12","date_gmt":"2025-12-22T21:35:12","guid":{"rendered":"https:\/\/www.europesays.com\/pl\/165825\/"},"modified":"2025-12-22T21:35:12","modified_gmt":"2025-12-22T21:35:12","slug":"dymisja-w-pkp-cargo-dotychczasowa-prezes-spolki-odwolana-onet","status":"publish","type":"post","link":"https:\/\/www.europesays.com\/pl\/165825\/","title":{"rendered":"Dymisja w PKP Cargo. Dotychczasowa prezes sp\u00f3\u0142ki odwo\u0142ana &#8211; Onet"},"content":{"rendered":"<ol>\n<li><a href=\"https:\/\/news.google.com\/rss\/articles\/CBMiuwFBVV95cUxPWVd1Y0FRQjJPT0RMb1JLNTU1RFc4ajJlOWw5a1JGM1VJZHRHVjlaUTdNT3owVHlWRHhDTXduX2t3VmFIZTBpakZwanB0QzAwSk9sSG5ianlQVDRMTEdlQTVERzROVTFBa0RBTGIyU2hYUVZFZEVFMU03MHRCNEh1c1cyQTN4TWwwTFlmd1ZBLW1CRXpmNVR3TV85QTFZbkRvNG9aQ08xTEpINnNpek81RENOem5xYzZvdU5R?oc=5\" target=\"_blank\" rel=\"nofollow noopener\">Dymisja w PKP Cargo. Dotychczasowa prezes sp\u00f3\u0142ki odwo\u0142ana<\/a>&nbsp;&nbsp;Onet<\/li>\n<li><a href=\"https:\/\/news.google.com\/rss\/articles\/CBMixgFBVV95cUxNSHJWX1BLZDZyYnpRTkRVbm9xZ2FhbE9XdUMxWlNPbG5TSWR1WTNUaDNwZGpaMHFTWk50em1hSG9DTG40M0x2RElNS0c2LWQwTlFLcWlXOFRMdTA2MnI0Tml0YkdNYlo2a2s5Mi0xZ0lRZHpGVEYzTFpPaWd2eUNMLXA5ZlZFZUMzdlltd2F5S2VlQS0xenBndERMZnJXU1Y2MUJHaEU0S0Vyd2stVVZKLWRmSUNsV0tzQW5vZ0dvWWdkZV8zTHc?oc=5\" target=\"_blank\" rel=\"nofollow noopener\">PKP Cargo zwalnia szefow\u0105. Kadrowe trz\u0119sienie ziemi w pa\u0144stwowej sp\u00f3\u0142ce<\/a>&nbsp;&nbsp;Business Insider Polska<\/li>\n<li><a href=\"https:\/\/news.google.com\/rss\/articles\/CBMihgFBVV95cUxOclU5S3JicWhwT09rWkctaWlLeVhGSHZMTlFxc0w1ZWhfYmlnT3lMQkFrY2lWa2JacVd5TDlnMFd4YzdXdUhhYTBaWjBpRDY1bUZHbmctdjBjM3VYWlRoeHc4MHREWklMQk1HNUpITExaTlZnTEJaRXBVZHFRQ3g4Y3NHMzdCZw?oc=5\" target=\"_blank\" rel=\"nofollow noopener\">Prezes PKP Cargo odwo\u0142ana. Jest tymczasowa nast\u0119pczyni<\/a>&nbsp;&nbsp;pb.pl<\/li>\n<li><a href=\"https:\/\/news.google.com\/rss\/articles\/CBMilgFBVV95cUxQc3BPSGQ5TWE3WFV6QlRCNS00d2N4bUU3Szh0MEhvS1RYRVpQRm93ZW96UkFEVjdtV3dVQVdCc3ZfR2VxSVhfNzNZemxtTmNOaURvNGFYNzlLMHhWV19zbjlkMDVKZDlYMFZrc2duVEp6RXZtUkhodTVvS2JzcGR6bHBDVXNxaWU5eEVuUFZuNWFvOHhDLXc?oc=5\" target=\"_blank\" rel=\"nofollow noopener\">Trz\u0119sienie ziemi w PKP Cargo. Prezes odwo\u0142ana<\/a>&nbsp;&nbsp;RMF24<\/li>\n<li><a href=\"https:\/\/news.google.com\/rss\/articles\/CBMirAFBVV95cUxPczRPMXJMMVlnMjhVZ3hzdlFZcnNkQmN4NEZwcmlFNVJaT3dLT3JvMXd0Tlc5VjdwOVNVWFpzWkRuWlV3SmZRMk1KN2o2UUlabERRR2p6RS0tR2QxQkhKejZ0R0h1N290N2szeVlfU0pscERaMGhrTFhYcDh3Y2ZnMnRwdC1DaE9wZ2laU0VjaWF4MUFrRTFOWjRtNTU5aGZrOW5WRXJ5VkFDYjY4?oc=5\" target=\"_blank\" rel=\"nofollow noopener\">Wstrz\u0105s w pa\u0144stwowym gigancie. Odwo\u0142ano prezesk\u0119 PKP Cargo<\/a>&nbsp;&nbsp;Next Gazeta.pl<\/li>\n<\/ol>\n","protected":false},"excerpt":{"rendered":"Dymisja w PKP Cargo. Dotychczasowa prezes sp\u00f3\u0142ki odwo\u0142ana&nbsp;&nbsp;Onet PKP Cargo zwalnia szefow\u0105. Kadrowe trz\u0119sienie ziemi w pa\u0144stwowej sp\u00f3\u0142ce&nbsp;&nbsp;Business&hellip;\n","protected":false},"author":2,"featured_media":165826,"comment_status":"","ping_status":"","sticky":false,"template":"","format":"standard","meta":{"footnotes":""},"categories":[5],"tags":[32,33,1707,36,37,27,67,34,35,28,31,53,25,52,68,51,55,20409,42,38,40,39,41,47,3513,29,30,65,50,26],"class_list":{"0":"post-165825","1":"post","2":"type-post","3":"status-publish","4":"format-standard","5":"has-post-thumbnail","7":"category-naglowki","8":"tag-breaking-news","9":"tag-breakingnews","10":"tag-dymisja","11":"tag-featured-news","12":"tag-featurednews","13":"tag-headlines","14":"tag-intextvideo_splayer","15":"tag-latest-news","16":"tag-latestnews","17":"tag-naglowki","18":"tag-najwazniejsze-artykuly","19":"tag-new_header","20":"tag-news","21":"tag-onet3","22":"tag-onet3d","23":"tag-onet3d_2i","24":"tag-phx","25":"tag-pkp_cargo","26":"tag-pl","27":"tag-poland","28":"tag-polish","29":"tag-polska","30":"tag-polski","31":"tag-screening_general","32":"tag-spolki","33":"tag-top-stories","34":"tag-topstories","35":"tag-update_me","36":"tag-v2021","37":"tag-wiadomosci"},"share_on_mastodon":{"url":"https:\/\/pubeurope.com\/@pl\/115765374435309427","error":""},"_links":{"self":[{"href":"https:\/\/www.europesays.com\/pl\/wp-json\/wp\/v2\/posts\/165825","targetHints":{"allow":["GET"]}}],"collection":[{"href":"https:\/\/www.europesays.com\/pl\/wp-json\/wp\/v2\/posts"}],"about":[{"href":"https:\/\/www.europesays.com\/pl\/wp-json\/wp\/v2\/types\/post"}],"author":[{"embeddable":true,"href":"https:\/\/www.europesays.com\/pl\/wp-json\/wp\/v2\/users\/2"}],"replies":[{"embeddable":true,"href":"https:\/\/www.europesays.com\/pl\/wp-json\/wp\/v2\/comments?post=165825"}],"version-history":[{"count":0,"href":"https:\/\/www.europesays.com\/pl\/wp-json\/wp\/v2\/posts\/165825\/revisions"}],"wp:featuredmedia":[{"embeddable":true,"href":"https:\/\/www.europesays.com\/pl\/wp-json\/wp\/v2\/media\/165826"}],"wp:attachment":[{"href":"https:\/\/www.europesays.com\/pl\/wp-json\/wp\/v2\/media?parent=165825"}],"wp:term":[{"taxonomy":"category","embeddable":true,"href":"https:\/\/www.europesays.com\/pl\/wp-json\/wp\/v2\/categories?post=165825"},{"taxonomy":"post_tag","embeddable":true,"href":"https:\/\/www.europesays.com\/pl\/wp-json\/wp\/v2\/tags?post=165825"}],"curies":[{"name":"wp","href":"https:\/\/api.w.org\/{rel}","templated":true}]}}