{"id":165827,"date":"2025-12-22T21:36:13","date_gmt":"2025-12-22T21:36:13","guid":{"rendered":"https:\/\/www.europesays.com\/pl\/165827\/"},"modified":"2025-12-22T21:36:13","modified_gmt":"2025-12-22T21:36:13","slug":"zuzel-tym-razem-bez-zwyciestwa-gospodarza-zacieta-rywalizacja-w-daireaux","status":"publish","type":"post","link":"https:\/\/www.europesays.com\/pl\/165827\/","title":{"rendered":"\u017bu\u017cel. Tym razem bez zwyci\u0119stwa gospodarza. Zaci\u0119ta rywalizacja w Daireaux"},"content":{"rendered":"\n<p class=\"contentpart contentpart--default contentpart--text\" data-position=\"0\">Rywalizacja w Daireaux zaplanowana by\u0142a na sobot\u0119 (20 grudnia). Ze wzgl\u0119du na opady deszczu zawody nie dosz\u0142y jednak do skutku i przeprowadzono je dopiero kolejnego dnia.<\/p>\n<p class=\"contentpart contentpart--default contentpart--text\" data-position=\"1\">W fazie zasadniczej kapitalnie spisywa\u0142 si\u0119 <a href=\"https:\/\/sportowefakty.wp.pl\/zuzel\/facundo-albin\" rel=\"nofollow noopener\" target=\"_blank\">Facundo Albin<\/a>. Z kompletem punkt\u00f3w zapewni\u0142 sobie bezpo\u015bredni awans do fina\u0142u. W nim jednak nie uda\u0142o mu si\u0119 si\u0119gn\u0105\u0107 po zwcyi\u0119stwo.<\/p>\n<p> <img role=\"presentation\" src=\"https:\/\/std.wpcdn.pl\/images\/adv\/placeholder_wp.svg\" loading=\"lazy\" alt=\"\" decoding=\"async\"\/>  <\/p>\n<p class=\"contentpart contentpart--default contentpart--text\" data-position=\"2\">ZOBACZ WIDEO: Wyst\u0105pi\u0142a w bikini w panterk\u0119. Gwiazda kortu zachwyci\u0142a fan\u00f3w<\/p>\n<p class=\"contentpart contentpart--default contentpart--text\" data-position=\"4\">Lepsi okazali si\u0119 <a href=\"https:\/\/sportowefakty.wp.pl\/zuzel\/drew-kemp\" rel=\"nofollow noopener\" target=\"_blank\">Drew Kemp<\/a>\u00a0i <a href=\"https:\/\/sportowefakty.wp.pl\/zuzel\/cristian-zubillaga\" rel=\"nofollow noopener\" target=\"_blank\">Cristian Zubillaga<\/a>. Brytyjczyk do drugiego miejsca sprzed tygodnia do\u0142o\u017cy\u0142 teraz zwyci\u0119stwo. Ponownie pokaza\u0142, \u017ce jest jednym z faworyt\u00f3w do zwyci\u0119stwa w ca\u0142ym cyklu.<\/p>\n<p class=\"contentpart contentpart--default contentpart--text\" data-position=\"5\">Do p\u00f3\u0142fina\u0142u dotarli dwaj pozostali obcokrajowcy &#8211; <a href=\"https:\/\/sportowefakty.wp.pl\/zuzel\/danko-hladkowski\" rel=\"nofollow noopener\" target=\"_blank\">Danko Hladkowski<\/a>\u00a0i <a href=\"https:\/\/sportowefakty.wp.pl\/zuzel\/roman-kapustin\" rel=\"nofollow noopener\" target=\"_blank\">Roman Kapustin<\/a>. Zaj\u0119li odpowiednio 6. i 7. miejsce.<\/p>\n<p class=\"contentpart contentpart--default contentpart--text\" data-position=\"6\">Kolejna runda mistrzostw Argentyny odb\u0119dzie si\u0119 w niedziel\u0119, 28 grudnia na torze w Bahia Blanca.<\/p>\n<p class=\"contentpart contentpart--default contentpart--text\" data-position=\"7\">Punktacja:<br \/>1. Drew Kemp (Wielka Brytania) &#8211; 13+3+3 (3,3,2,2,3) &#8211; 1. miejsce w finale<br \/>2. Cristian Zubillaga &#8211; 13+2 (1,3,3,3,3) &#8211; 2. miejsce w finale<br \/>3. Facundo Albin &#8211; 15+1 (3,3,3,3,3) &#8211; 3. miejsce w finale<br \/>4. Eber Ampugnani &#8211; 10+3+0 (2,2,2,2,2) &#8211; 4. miejsce w finale<br \/>5. Agustin Kreder &#8211; 10+2 (2,2,1,3,2) &#8211; 2. miejsce w p\u00f3\u0142finale<br \/>6. Danko H\u0142adkowski (Ukraina) &#8211; 7+2 (2,1,1,2,1) &#8211; 2. miejsce w p\u00f3\u0142finale<br \/>7.\u00a0Roman Kapustin (Ukraina) &#8211; 8+1 (3,3,0,2,d) &#8211; 3. miejsce w p\u00f3\u0142finale<br \/>8. Matias Galdos &#8211; 6+1 (0,1,3,0,2) &#8211; 3. miejsce w p\u00f3\u0142finale<br \/>9. Facundo Cuello &#8211; 13+u (3,1,3,3,3) &#8211; upadek w p\u00f3\u0142finale<br \/>10. Lisandro Lobos &#8211; 6+0 (3,0,2,1,0) &#8211; 4. miejsce w p\u00f3\u0142finale<br \/>11. Nicolas Gomez &#8211; 7 (1,2,2,1,1)<br \/>12. Fernando Olivera &#8211; 4 (0,1,0,1,2)<br \/>13. Renzo Garbuglia &#8211; 3 (0,0,1,1,1)<br \/>14. Milton Besagonil &#8211; 3 (1,2,w,u,-)<br \/>15. Diego Eleno &#8211; 2 (0,0,1,u,1)<br \/>16. Joaquin Felix &#8211; 1 (1,0,0,u,u)<br \/>17. Julio Romano &#8211; 0 (0)<\/p>\n<p> <img role=\"presentation\" src=\"https:\/\/std.wpcdn.pl\/images\/adv\/placeholder_wp.svg\" loading=\"lazy\" alt=\"\" decoding=\"async\"\/>  <\/p>\n<p class=\"contentpart contentpart--default contentpart--text\" data-position=\"8\">Bieg po biegu:<br \/>1. Kemp, Ampugnani, Gomez, Olivera<br \/>2. Lobos, H\u0142adkowski, Felix, Garbuglia<br \/>3. Kapustin, Kreder, Besagonil, Eleno<br \/>4. Cuello, Albin, Zubillaga, Galdos<br \/>5. Zubillaga, Besagonil, Olivera, Felix<br \/>6. Kapustin, Ampugnani, Galdos, Lobos<br \/>7. Albin, Gomez, H\u0142adkowski, Eleno<br \/>8. Kemp, Kreder, Cuello, Garbuglia<br \/>9. Cuello, Lobos, Eleno, Olivera<br \/>10. Albin, Ampugnani, Kreder, Felix<br \/>11. Galdos, Gomez, Garbuglia, Besagonil (w)<br \/>12. Zubillaga, Kemp, H\u0142adkowski, Kapustin<br \/>13. Kreder, H\u0142adkowski, Olivera, Galdos<br \/>14. Zubillaga, Ampugnani, Garbuglia, Eleno (u)<br \/>15. Cuello, Kapustin, Gomez, Felix (u)<br \/>16. Albin, Kemp, Lobos, Besagonil (u)<br \/>17. Albin, Olivera, Garbuglia, Kapustin (d)<br \/>18. Cuello, Ampugnani, H\u0142adkowski, Romano<br \/>19. Zubillaga, Kreder, Gomez, Lobos<br \/>20. Kemp, Galdos, Eleno, Felix (u)<\/p>\n<p class=\"contentpart contentpart--default contentpart--text\" data-position=\"9\">P\u00f3\u0142fina\u0142y:<br \/>21. Ampugnani, H\u0142adkowski, Galdos, Cuello (u)<br \/>22. Kemp, Kreder, Kapustin, Lobos<\/p>\n<p class=\"contentpart contentpart--default contentpart--text\" data-position=\"10\">Fina\u0142:<br \/>23. Kemp, Zubillaga, Albin, Ampugnani<\/p>\n","protected":false},"excerpt":{"rendered":"Rywalizacja w Daireaux zaplanowana by\u0142a na sobot\u0119 (20 grudnia). Ze wzgl\u0119du na opady deszczu zawody nie dosz\u0142y jednak&hellip;\n","protected":false},"author":2,"featured_media":165828,"comment_status":"","ping_status":"","sticky":false,"template":"","format":"standard","meta":{"footnotes":""},"categories":[24],"tags":[968,30601,30605,30602,30600,42,38,40,39,41,30603,127,126,174,9802],"class_list":{"0":"post-165827","1":"post","2":"type-post","3":"status-publish","4":"format-standard","5":"has-post-thumbnail","7":"category-sport","8":"tag-argentyna","9":"tag-cristian-zubillaga","10":"tag-danko-hladkowski","11":"tag-drew-kemp","12":"tag-facundo-albin","13":"tag-pl","14":"tag-poland","15":"tag-polish","16":"tag-polska","17":"tag-polski","18":"tag-roman-kapustin","19":"tag-sport","20":"tag-sports","21":"tag-zuzel","22":"tag-zuzel-na-swiecie"},"share_on_mastodon":{"url":"https:\/\/pubeurope.com\/@pl\/115765378590485376","error":""},"_links":{"self":[{"href":"https:\/\/www.europesays.com\/pl\/wp-json\/wp\/v2\/posts\/165827","targetHints":{"allow":["GET"]}}],"collection":[{"href":"https:\/\/www.europesays.com\/pl\/wp-json\/wp\/v2\/posts"}],"about":[{"href":"https:\/\/www.europesays.com\/pl\/wp-json\/wp\/v2\/types\/post"}],"author":[{"embeddable":true,"href":"https:\/\/www.europesays.com\/pl\/wp-json\/wp\/v2\/users\/2"}],"replies":[{"embeddable":true,"href":"https:\/\/www.europesays.com\/pl\/wp-json\/wp\/v2\/comments?post=165827"}],"version-history":[{"count":0,"href":"https:\/\/www.europesays.com\/pl\/wp-json\/wp\/v2\/posts\/165827\/revisions"}],"wp:featuredmedia":[{"embeddable":true,"href":"https:\/\/www.europesays.com\/pl\/wp-json\/wp\/v2\/media\/165828"}],"wp:attachment":[{"href":"https:\/\/www.europesays.com\/pl\/wp-json\/wp\/v2\/media?parent=165827"}],"wp:term":[{"taxonomy":"category","embeddable":true,"href":"https:\/\/www.europesays.com\/pl\/wp-json\/wp\/v2\/categories?post=165827"},{"taxonomy":"post_tag","embeddable":true,"href":"https:\/\/www.europesays.com\/pl\/wp-json\/wp\/v2\/tags?post=165827"}],"curies":[{"name":"wp","href":"https:\/\/api.w.org\/{rel}","templated":true}]}}