{"id":165882,"date":"2025-12-22T22:09:13","date_gmt":"2025-12-22T22:09:13","guid":{"rendered":"https:\/\/www.europesays.com\/pl\/165882\/"},"modified":"2025-12-22T22:09:13","modified_gmt":"2025-12-22T22:09:13","slug":"gromadza-tysiace-dronow-czekaja-na-odpowiedni-moment-do-ataku-wp-tech","status":"publish","type":"post","link":"https:\/\/www.europesays.com\/pl\/165882\/","title":{"rendered":"Gromadz\u0105 tysi\u0105ce dron\u00f3w. Czekaj\u0105 na odpowiedni moment do ataku &#8211; WP Tech"},"content":{"rendered":"<ol>\n<li><a href=\"https:\/\/news.google.com\/rss\/articles\/CBMinwFBVV95cUxNNlVhaWwwOE9zb1R6Zm9qaXMwV1RFNFVlSXQwTkQtQU9YT0NvUnFRSW5Tc0dQbWwwVnRqVGNVTFRFZmV1Q252MmlRS3RUTzVfdW9kNndxSEdEZjJqdUJxN2t3T2pnM3pIZm83cUg4QVpJVkVDbV94MGJqenlRNzU5SGRnbnJPNldkWVVHUkQyVXZCaEFwQWsySjB6MkNjT2M?oc=5\" target=\"_blank\" rel=\"nofollow noopener\">Gromadz\u0105 tysi\u0105ce dron\u00f3w. Czekaj\u0105 na odpowiedni moment do ataku<\/a>&nbsp;&nbsp;WP Tech<\/li>\n<li><a href=\"https:\/\/news.google.com\/rss\/articles\/CBMiugFBVV95cUxOM1N4UmxwNF9HZ3BBQkVGRlY1bkhwSTVGbXNOWU13WDd2YTRRYS11bk1ta3ZhS0JDenIxbTVkbi1EUy0zVzhHUVFlcmRMWFlQajA4T194VXVmemJRa0RkUE93UU90TlI2cGEteFA0RF8yYUF5aHU2T0NrTFJlalFsWGxOOVkyWDVxYXFDUWNWU1BrbGdDejVkZTNSVnRBcGVfdnZlTkMxQnZtVHBlbERFRVNMREZnYXBRMGc?oc=5\" target=\"_blank\" rel=\"nofollow noopener\">Tam Ukrai\u0144cy nie u\u017cywaj\u0105 dron\u00f3w. Wojskowy wskaza\u0142 wa\u017cny pow\u00f3d<\/a>&nbsp;&nbsp;Komputer \u015awiat<\/li>\n<li><a href=\"https:\/\/news.google.com\/rss\/articles\/CBMirgFBVV95cUxPVURTRU5qTEcwRVA0X0x2YVN0SGdvTHAzRUtmdDVaN0t4aGM1MEtiR242NGU4UVFFVWdGc0lLT3BQbzZ4Vnc1UWtpMzdxb0RBajZxVGl1bzRCRERyR2xZZzVvcGlaYm84NXdlWXlqbnRWTDBfQUNQS0J0bWhObDY2VFk4MmxnWW5aRGRLdlVEVlN5V1VYOHFzaVZKdk9zWkEzTF9iS29wMUVMaXZMcUE?oc=5\" target=\"_blank\" rel=\"nofollow noopener\">Rosja szykuje 2 tys. dron\u00f3w Shahed. Zima mo\u017ce przynie\u015b\u0107 now\u0105 fal\u0119 atak\u00f3w<\/a>&nbsp;&nbsp;Fakt<\/li>\n<li><a href=\"https:\/\/news.google.com\/rss\/articles\/CBMiogFBVV95cUxOTmNFMVRDR1UwQ2dLUUhmQnFQaEttUFZGUms3enBsdVBqbzdpckFwbnJCRXlIZFRyVndJenllYl9hTW81dm1LN2w1UGxRcmd3SzJCVFRDeGRoY0lOU0hHcHJFWFR2bHFrc2hJMk1RNVk3WXcwR0ZjN1FBeFdpbjVvM0pCTFRnMUlMV2R0Rk95NlZaeC1ONTl6T2xXVndPNHluY1E?oc=5\" target=\"_blank\" rel=\"nofollow noopener\">Ukrai\u0144cy zaatakowali rosyjskich snajper\u00f3w. U\u017cyto dron\u00f3w FPV<\/a>&nbsp;&nbsp;Polskie Radio 24<\/li>\n<li><a href=\"https:\/\/news.google.com\/rss\/articles\/CBMifkFVX3lxTE5mT1R3OUYyOFY0d3VHYmZyVEE1MmVfMWlxZDBlVzZBUXdDQVRvVnpYZEEzaHAxUzVvOElmRzZFTUZrUUZXMHdIUnZHVDZxemg1TURDckxreFM5X3VoakFDM3gxRUJ5S0xPQVliNDdwLVNIZGFWMnppa0hWTHNLZw?oc=5\" target=\"_blank\" rel=\"nofollow noopener\">Rosja uruchomi\u0142a nowe Shahedy z rakietami: jak zmieni\u0142a si\u0119 taktyka atak\u00f3w<\/a>&nbsp;&nbsp;112.ua<\/li>\n<\/ol>\n","protected":false},"excerpt":{"rendered":"Gromadz\u0105 tysi\u0105ce dron\u00f3w. Czekaj\u0105 na odpowiedni moment do ataku&nbsp;&nbsp;WP Tech Tam Ukrai\u0144cy nie u\u017cywaj\u0105 dron\u00f3w. Wojskowy wskaza\u0142 wa\u017cny&hellip;\n","protected":false},"author":2,"featured_media":165883,"comment_status":"","ping_status":"","sticky":false,"template":"","format":"standard","meta":{"footnotes":""},"categories":[14],"tags":[32,33,27,34,35,28,31,25,40,41,80,29,30,26,82,83,84],"class_list":{"0":"post-165882","1":"post","2":"type-post","3":"status-publish","4":"format-standard","5":"has-post-thumbnail","7":"category-swiat","8":"tag-breaking-news","9":"tag-breakingnews","10":"tag-headlines","11":"tag-latest-news","12":"tag-latestnews","13":"tag-naglowki","14":"tag-najwazniejsze-artykuly","15":"tag-news","16":"tag-polish","17":"tag-polski","18":"tag-swiat","19":"tag-top-stories","20":"tag-topstories","21":"tag-wiadomosci","22":"tag-world","23":"tag-world-news","24":"tag-worldnews"},"share_on_mastodon":{"url":"https:\/\/pubeurope.com\/@pl\/115765508022418161","error":""},"_links":{"self":[{"href":"https:\/\/www.europesays.com\/pl\/wp-json\/wp\/v2\/posts\/165882","targetHints":{"allow":["GET"]}}],"collection":[{"href":"https:\/\/www.europesays.com\/pl\/wp-json\/wp\/v2\/posts"}],"about":[{"href":"https:\/\/www.europesays.com\/pl\/wp-json\/wp\/v2\/types\/post"}],"author":[{"embeddable":true,"href":"https:\/\/www.europesays.com\/pl\/wp-json\/wp\/v2\/users\/2"}],"replies":[{"embeddable":true,"href":"https:\/\/www.europesays.com\/pl\/wp-json\/wp\/v2\/comments?post=165882"}],"version-history":[{"count":0,"href":"https:\/\/www.europesays.com\/pl\/wp-json\/wp\/v2\/posts\/165882\/revisions"}],"wp:featuredmedia":[{"embeddable":true,"href":"https:\/\/www.europesays.com\/pl\/wp-json\/wp\/v2\/media\/165883"}],"wp:attachment":[{"href":"https:\/\/www.europesays.com\/pl\/wp-json\/wp\/v2\/media?parent=165882"}],"wp:term":[{"taxonomy":"category","embeddable":true,"href":"https:\/\/www.europesays.com\/pl\/wp-json\/wp\/v2\/categories?post=165882"},{"taxonomy":"post_tag","embeddable":true,"href":"https:\/\/www.europesays.com\/pl\/wp-json\/wp\/v2\/tags?post=165882"}],"curies":[{"name":"wp","href":"https:\/\/api.w.org\/{rel}","templated":true}]}}