{"id":165925,"date":"2025-12-22T22:37:18","date_gmt":"2025-12-22T22:37:18","guid":{"rendered":"https:\/\/www.europesays.com\/pl\/165925\/"},"modified":"2025-12-22T22:37:18","modified_gmt":"2025-12-22T22:37:18","slug":"usa-przerzucaja-f-35-do-portoryko-baza-blisko-wenezueli","status":"publish","type":"post","link":"https:\/\/www.europesays.com\/pl\/165925\/","title":{"rendered":"USA przerzucaj\u0105 F-35 do Portoryko. Baza blisko Wenezueli"},"content":{"rendered":"<p>Do bazy marynarki wojennej USA Roosevelt Roads zosta\u0142y przetransportowane my\u015bliwce F-35A, kt\u00f3re &#8211;\u00a0jak podaje portal &#8211;\u00a0maj\u0105 wzmocni\u0107 zdolno\u015bci uderzeniowe USA w\u00a0ramach operacji Southern Spear (Po\u0142udniowa W\u0142\u00f3cznia), wymierzonej w\u00a0handel narkotykami.<\/p>\n<p>F-35A s\u0105 pierwszymi maszynami w\u00a0tej misji przystosowanymi do podczepiania bomb szybuj\u0105cych, pozwalaj\u0105cych uderza\u0107 w\u00a0cele w\u00a0Wenezueli z\u00a0du\u017cej odleg\u0142o\u015bci, bez naruszania jej przestrzeni powietrznej.<\/p>\n<p>Dramat w\u00a0Bytomiu. Obla\u0142 jej twarz i\u00a0dekolt, potem postrzeli\u0142 <\/p>\n<p>&#8222;Ich obecno\u015b\u0107 w\u00a0regionie jest cz\u0119\u015bci\u0105 dowod\u00f3w, wskazuj\u0105cych na to, \u017ce USA przygotowuj\u0105 si\u0119 na ostrza\u0142&#8221; &#8211;\u00a0oceni\u0142 portal.<\/p>\n<p>W wywiadzie telefonicznym dla NBC News w\u00a0czwartek (pi\u0105tek w\u00a0Polsce) prezydent USA Donald Trump przyzna\u0142, \u017ce nie wyklucza mo\u017cliwo\u015bci wojny z\u00a0Wenezuel\u0105. Zapytany, czy ataki na \u0142odzie domniemanych handlarzy narkotyk\u00f3w mog\u0105 do tego doprowadzi\u0107, odpowiedzia\u0142, \u017ce jest to mo\u017cliwe. Doda\u0142 tak\u017ce, \u017ce planowane s\u0105 kolejne przej\u0119cia tankowc\u00f3w.<\/p>\n<p>Wed\u0142ug r\u00f3\u017cnych \u017ar\u00f3de\u0142, w\u00a0wyniku ameryka\u0144skich dzia\u0142a\u0144 przeciw kartelom narkotykowym na Karaibach i\u00a0wschodnim Pacyfiku zgin\u0119\u0142o ju\u017c co najmniej 104 osoby.<\/p>\n<p>Stany Zjednoczone oskar\u017caj\u0105 prezydenta Wenezueli Nicolasa Maduro o\u00a0kierowanie kartelem narkotykowym i\u00a0od kilku tygodni atakuj\u0105 \u0142odzie, kt\u00f3re wed\u0142ug ameryka\u0144skich s\u0142u\u017cb przewo\u017c\u0105 narkotyki do USA. W\u00a0ubieg\u0142ym tygodniu si\u0142y USA przej\u0119\u0142y u\u00a0wybrze\u017cy Wenezueli tankowiec obj\u0119ty sankcjami i\u00a0zapowiedzia\u0142y konfiskat\u0119 jego ropy o\u00a0warto\u015bci oko\u0142o 80 mln dolar\u00f3w. W\u00a0sobot\u0119 ameryka\u0144skie s\u0142u\u017cby przej\u0119\u0142y kolejny tankowiec.<\/p>\n","protected":false},"excerpt":{"rendered":"Do bazy marynarki wojennej USA Roosevelt Roads zosta\u0142y przetransportowane my\u015bliwce F-35A, kt\u00f3re &#8211;\u00a0jak podaje portal &#8211;\u00a0maj\u0105 wzmocni\u0107 zdolno\u015bci&hellip;\n","protected":false},"author":2,"featured_media":165926,"comment_status":"","ping_status":"","sticky":false,"template":"","format":"standard","meta":{"footnotes":""},"categories":[14],"tags":[32,33,27,34,35,28,31,25,40,41,80,29,30,26,82,83,84],"class_list":{"0":"post-165925","1":"post","2":"type-post","3":"status-publish","4":"format-standard","5":"has-post-thumbnail","7":"category-swiat","8":"tag-breaking-news","9":"tag-breakingnews","10":"tag-headlines","11":"tag-latest-news","12":"tag-latestnews","13":"tag-naglowki","14":"tag-najwazniejsze-artykuly","15":"tag-news","16":"tag-polish","17":"tag-polski","18":"tag-swiat","19":"tag-top-stories","20":"tag-topstories","21":"tag-wiadomosci","22":"tag-world","23":"tag-world-news","24":"tag-worldnews"},"share_on_mastodon":{"url":"https:\/\/pubeurope.com\/@pl\/115765618197878314","error":""},"_links":{"self":[{"href":"https:\/\/www.europesays.com\/pl\/wp-json\/wp\/v2\/posts\/165925","targetHints":{"allow":["GET"]}}],"collection":[{"href":"https:\/\/www.europesays.com\/pl\/wp-json\/wp\/v2\/posts"}],"about":[{"href":"https:\/\/www.europesays.com\/pl\/wp-json\/wp\/v2\/types\/post"}],"author":[{"embeddable":true,"href":"https:\/\/www.europesays.com\/pl\/wp-json\/wp\/v2\/users\/2"}],"replies":[{"embeddable":true,"href":"https:\/\/www.europesays.com\/pl\/wp-json\/wp\/v2\/comments?post=165925"}],"version-history":[{"count":0,"href":"https:\/\/www.europesays.com\/pl\/wp-json\/wp\/v2\/posts\/165925\/revisions"}],"wp:featuredmedia":[{"embeddable":true,"href":"https:\/\/www.europesays.com\/pl\/wp-json\/wp\/v2\/media\/165926"}],"wp:attachment":[{"href":"https:\/\/www.europesays.com\/pl\/wp-json\/wp\/v2\/media?parent=165925"}],"wp:term":[{"taxonomy":"category","embeddable":true,"href":"https:\/\/www.europesays.com\/pl\/wp-json\/wp\/v2\/categories?post=165925"},{"taxonomy":"post_tag","embeddable":true,"href":"https:\/\/www.europesays.com\/pl\/wp-json\/wp\/v2\/tags?post=165925"}],"curies":[{"name":"wp","href":"https:\/\/api.w.org\/{rel}","templated":true}]}}