{"id":165931,"date":"2025-12-22T22:41:23","date_gmt":"2025-12-22T22:41:23","guid":{"rendered":"https:\/\/www.europesays.com\/pl\/165931\/"},"modified":"2025-12-22T22:41:23","modified_gmt":"2025-12-22T22:41:23","slug":"grazyna-torbicka-szykuje-niezwykle-swieta-przygotowania-pelna-para","status":"publish","type":"post","link":"https:\/\/www.europesays.com\/pl\/165931\/","title":{"rendered":"Gra\u017cyna Torbicka szykuje niezwyk\u0142e \u015bwi\u0119ta. Przygotowania pe\u0142n\u0105 par\u0105"},"content":{"rendered":"<p class=\"article-p\" data-section=\"detail-body\">Ostatni przed\u015bwi\u0105teczny weekend Gra\u017cyna Torbicka po\u015bwi\u0119ci\u0142a zakupom. Nie zabrak\u0142o wizyty w sklepie z dekoracjami oraz kwiaciarni przy jednej z najbardziej eleganckich warszawskich ulic.<\/p>\n<p class=\"article-p\" data-section=\"detail-body\">Dziennikarka odwiedzi\u0142a tak\u017ce sklep rybny, co pozwala s\u0105dzi\u0107, \u017ce na jej \u015bwi\u0105tecznym stole nie zabraknie tradycyjnych potraw.<\/p>\n<p>        \u015awi\u0105teczne przygotowania Gra\u017cyny Torbickiej<\/p>\n<p class=\"article-p\" data-section=\"detail-body\">W rozmowie ze &#8222;\u015awiatem Kobiety&#8221; Torbicka przyzna\u0142a, \u017ce samodzielne przygotowywanie wigilijnych potraw sprawia jej ogromn\u0105 przyjemno\u015b\u0107, cho\u0107 w m\u0142odo\u015bci nie by\u0142a cz\u0119stym go\u015bciem w kuchni. \u015awi\u0119ta to dla Torbickiej tak\u017ce czas powrotu do wspomnie\u0144 z dzieci\u0144stwa. W ostatnim wywiadzie z sentymentem opowiedzia\u0142a o wigilijnych kolacjach, kt\u00f3re w ich domu zaczyna\u0142y si\u0119 ju\u017c o godzinie 16:00 \u2014 wszystko po to, by mama mog\u0142a zd\u0105\u017cy\u0107 na dy\u017cur w Telewizji Polskiej. Po kolacji Gra\u017cyna wraz z ojcem ogl\u0105dali Krystyn\u0119 Losk\u0119 na ekranie.<\/p>\n<p>        \u015awi\u0105teczna atmosfera w domu Gra\u017cyny Torbickiej<\/p>\n<p class=\"article-p\" data-section=\"detail-body\">Wszystko wskazuje na to, \u017ce w domu Gra\u017cyny Torbickiej nie zabraknie \u015bwi\u0105tecznej atmosfery \u2014 zar\u00f3wno tej budowanej przez rodzinne tradycje, jak i zapachy oraz smaki, kt\u00f3re pami\u0119ta z dzieci\u0144stwa.<\/p>\n<p class=\"article-p\" data-section=\"detail-body\"><a href=\"https:\/\/ludzie.fakt.pl\/katarzyna-zak-zaskakuje-swiatecznym-obyczajem-babcia-wysylala-to-poczta\/vtw8k0c\" id=\"562ac569-f4e5-4bc2-934e-13ec8886f756\" rel=\"nofollow noopener\" target=\"_blank\">Dziwne tradycje \u015bwi\u0105teczne w domu Katarzyny \u017bak. Babcia wysy\u0142a\u0142a to poczt\u0105<\/a><\/p>\n<p class=\"article-p\" data-section=\"detail-body\"><a href=\"https:\/\/ludzie.fakt.pl\/kayah-ma-syna-z-jej-mezem-nikt-nie-poczul-sie-upokorzony\/vmbfw6y\" id=\"07895f43-818a-47d1-9f30-b976f0a90482\" rel=\"nofollow noopener\" target=\"_blank\">Kayah ma syna z jej m\u0119\u017cem. &#8222;Nie ma si\u0119 co oszukiwa\u0107&#8221;<\/a><\/p>\n<p>        \/14<\/p>\n<p>                    <img decoding=\"async\" class=\"article-image-img\" loading=\"lazy\" alt=\"\" src=\"https:\/\/www.europesays.com\/pl\/wp-content\/uploads\/2025\/12\/u9Mk9kuTURBXy9iMmNkMjY0ZC1jYTQ5LTRhYzAtYjQ0YS04YTc2OGZmZWU2OWYuanBlZ5GTAs0DSM0E7N4AAqEwAaExAQ.jpeg\" width=\"840\" height=\"1260\"\/><\/p>\n<p>                  Materia\u0142y redakcyjne<\/p>\n<p class=\"article-gallery-p\">\n        Gra\u017cyna Torbicka wybra\u0142a si\u0119 na zakupy przed \u015bwi\u0119tami Bo\u017cego Narodzenia.\n    <\/p>\n<p>        \/14<\/p>\n<p>                    <img decoding=\"async\" class=\"article-image-img\" loading=\"lazy\" alt=\"\" src=\"https:\/\/www.europesays.com\/pl\/wp-content\/uploads\/2025\/12\/yjgk9kuTURBXy8xYzA0NTNlYi1jMDNiLTQwY2QtYjJjYi1jZGM3NjY1YWRjZjEuanBlZ5GTAs0DSM0CPN4AAqEwAaExAQ.jpeg\" width=\"840\" height=\"572\"\/><\/p>\n<p>                  Materia\u0142y redakcyjne<\/p>\n","protected":false},"excerpt":{"rendered":"Ostatni przed\u015bwi\u0105teczny weekend Gra\u017cyna Torbicka po\u015bwi\u0119ci\u0142a zakupom. Nie zabrak\u0142o wizyty w sklepie z dekoracjami oraz kwiaciarni przy jednej&hellip;\n","protected":false},"author":2,"featured_media":165932,"comment_status":"","ping_status":"","sticky":false,"template":"","format":"standard","meta":{"footnotes":""},"categories":[22],"tags":[122,42,38,40,39,41,123],"class_list":{"0":"post-165931","1":"post","2":"type-post","3":"status-publish","4":"format-standard","5":"has-post-thumbnail","7":"category-rozrywka","8":"tag-entertainment","9":"tag-pl","10":"tag-poland","11":"tag-polish","12":"tag-polska","13":"tag-polski","14":"tag-rozrywka"},"share_on_mastodon":{"url":"https:\/\/pubeurope.com\/@pl\/115765633820727283","error":""},"_links":{"self":[{"href":"https:\/\/www.europesays.com\/pl\/wp-json\/wp\/v2\/posts\/165931","targetHints":{"allow":["GET"]}}],"collection":[{"href":"https:\/\/www.europesays.com\/pl\/wp-json\/wp\/v2\/posts"}],"about":[{"href":"https:\/\/www.europesays.com\/pl\/wp-json\/wp\/v2\/types\/post"}],"author":[{"embeddable":true,"href":"https:\/\/www.europesays.com\/pl\/wp-json\/wp\/v2\/users\/2"}],"replies":[{"embeddable":true,"href":"https:\/\/www.europesays.com\/pl\/wp-json\/wp\/v2\/comments?post=165931"}],"version-history":[{"count":0,"href":"https:\/\/www.europesays.com\/pl\/wp-json\/wp\/v2\/posts\/165931\/revisions"}],"wp:featuredmedia":[{"embeddable":true,"href":"https:\/\/www.europesays.com\/pl\/wp-json\/wp\/v2\/media\/165932"}],"wp:attachment":[{"href":"https:\/\/www.europesays.com\/pl\/wp-json\/wp\/v2\/media?parent=165931"}],"wp:term":[{"taxonomy":"category","embeddable":true,"href":"https:\/\/www.europesays.com\/pl\/wp-json\/wp\/v2\/categories?post=165931"},{"taxonomy":"post_tag","embeddable":true,"href":"https:\/\/www.europesays.com\/pl\/wp-json\/wp\/v2\/tags?post=165931"}],"curies":[{"name":"wp","href":"https:\/\/api.w.org\/{rel}","templated":true}]}}