{"id":165957,"date":"2025-12-22T23:13:09","date_gmt":"2025-12-22T23:13:09","guid":{"rendered":"https:\/\/www.europesays.com\/pl\/165957\/"},"modified":"2025-12-22T23:13:09","modified_gmt":"2025-12-22T23:13:09","slug":"akcja-ratunkowa-w-kopalni-pniowek-stracili-kontakt-z-gornikami","status":"publish","type":"post","link":"https:\/\/www.europesays.com\/pl\/165957\/","title":{"rendered":"Akcja ratunkowa w kopalni Pni\u00f3wek. Stracili kontakt z g\u00f3rnikami"},"content":{"rendered":"<p class=\"ods-c-paragraph \">Rzecznik Jastrz\u0119bskiej Sp\u00f3\u0142ki W\u0119glowej Wojciech Sury przekaza\u0142 w rozmowie z radiem, \u017ce o godz. 17:10 dosz\u0142o w kopalni do gro\u017anego zdarzenia. W zagro\u017conym rejonie przebywa\u0142o dziesi\u0119ciu g\u00f3rnik\u00f3w, o\u015bmiu z nich zosta\u0142o ewakuowanych.<\/p>\n<p> Jakie wydarzenie mia\u0142o miejsce w kopalni Pni\u00f3wek? <\/p>\n<p> Ilu g\u00f3rnik\u00f3w straci\u0142o kontakt? <\/p>\n<p> Kiedy dosz\u0142o do gro\u017anego zdarzenia? <\/p>\n<p> Jakie s\u0142u\u017cby uczestnicz\u0105 w akcji ratunkowej? <\/p>\n<p>  Akcja ratunkowa w kopalni Pni\u00f3wek<\/p>\n<p class=\"ods-c-paragraph \">Na miejscu pojawili si\u0119 ratownicy g\u00f3rniczy z Centralnej Stacji Ratownictwa w Bytomiu, a tak\u017ce z okr\u0119gowej stacji w Wodzis\u0142awiu \u015al\u0105skim. W gotowo\u015bci s\u0105 r\u00f3wnie\u017c psycholodzy \u2014 informuje &#8222;Dziennik Zachodni&#8221;.<\/p>\n<p class=\"ods-c-paragraph \">&#8222;Niech \u015awi\u0119ta Barbara ma w swej opiece g\u00f3rnik\u00f3w. O szczeg\u00f3\u0142ach akcji poszczeg\u00f3lne media b\u0119d\u0105 informowa\u0107 na bie\u017c\u0105co. Nie ulegajmy plotkom i zachowajmy spok\u00f3j&#8221; \u2014 apeluje JSW na Facebooku.<\/p>\n<p class=\"ods-c-paragraph \">Kopalnia W\u0119gla Kamiennego Pni\u00f3wek powsta\u0142a w latach 1963\u20131974 jako KWK XXX-lecia PRL. Nale\u017cy do Jastrz\u0119bskiej Sp\u00f3\u0142ki W\u0119glowej. Z\u0142o\u017ce znajduje si\u0119 na terenie gminy Paw\u0142owice oraz cz\u0119\u015bciowo w Jastrz\u0119biu-Zdroju.<\/p>\n","protected":false},"excerpt":{"rendered":"Rzecznik Jastrz\u0119bskiej Sp\u00f3\u0142ki W\u0119glowej Wojciech Sury przekaza\u0142 w rozmowie z radiem, \u017ce o godz. 17:10 dosz\u0142o w kopalni&hellip;\n","protected":false},"author":2,"featured_media":97591,"comment_status":"","ping_status":"","sticky":false,"template":"","format":"standard","meta":{"footnotes":""},"categories":[12],"tags":[32,33,36,37,26149,27,20322,32792,34,35,28,31,48,25,46,42,38,40,39,41,47,1887,1886,29,30,26],"class_list":{"0":"post-165957","1":"post","2":"type-post","3":"status-publish","4":"format-standard","5":"has-post-thumbnail","7":"category-polska","8":"tag-breaking-news","9":"tag-breakingnews","10":"tag-featured-news","11":"tag-featurednews","12":"tag-gornictwo_i_gornicy","13":"tag-headlines","14":"tag-kopalnia","15":"tag-kopalnia_pniowek","16":"tag-latest-news","17":"tag-latestnews","18":"tag-naglowki","19":"tag-najwazniejsze-artykuly","20":"tag-nat_styl","21":"tag-news","22":"tag-omp","23":"tag-pl","24":"tag-poland","25":"tag-polish","26":"tag-polska","27":"tag-polski","28":"tag-screening_general","29":"tag-slask","30":"tag-slask_slazacy_wojewodztwo_slaskie","31":"tag-top-stories","32":"tag-topstories","33":"tag-wiadomosci"},"share_on_mastodon":{"url":"https:\/\/pubeurope.com\/@pl\/115765759429559279","error":""},"_links":{"self":[{"href":"https:\/\/www.europesays.com\/pl\/wp-json\/wp\/v2\/posts\/165957","targetHints":{"allow":["GET"]}}],"collection":[{"href":"https:\/\/www.europesays.com\/pl\/wp-json\/wp\/v2\/posts"}],"about":[{"href":"https:\/\/www.europesays.com\/pl\/wp-json\/wp\/v2\/types\/post"}],"author":[{"embeddable":true,"href":"https:\/\/www.europesays.com\/pl\/wp-json\/wp\/v2\/users\/2"}],"replies":[{"embeddable":true,"href":"https:\/\/www.europesays.com\/pl\/wp-json\/wp\/v2\/comments?post=165957"}],"version-history":[{"count":0,"href":"https:\/\/www.europesays.com\/pl\/wp-json\/wp\/v2\/posts\/165957\/revisions"}],"wp:featuredmedia":[{"embeddable":true,"href":"https:\/\/www.europesays.com\/pl\/wp-json\/wp\/v2\/media\/97591"}],"wp:attachment":[{"href":"https:\/\/www.europesays.com\/pl\/wp-json\/wp\/v2\/media?parent=165957"}],"wp:term":[{"taxonomy":"category","embeddable":true,"href":"https:\/\/www.europesays.com\/pl\/wp-json\/wp\/v2\/categories?post=165957"},{"taxonomy":"post_tag","embeddable":true,"href":"https:\/\/www.europesays.com\/pl\/wp-json\/wp\/v2\/tags?post=165957"}],"curies":[{"name":"wp","href":"https:\/\/api.w.org\/{rel}","templated":true}]}}