{"id":165971,"date":"2025-12-22T23:30:13","date_gmt":"2025-12-22T23:30:13","guid":{"rendered":"https:\/\/www.europesays.com\/pl\/165971\/"},"modified":"2025-12-22T23:30:13","modified_gmt":"2025-12-22T23:30:13","slug":"dorota-wellman-wyjawila-tajemnice-sprzed-lat-mowi-o-duzo-starszym-partnerze","status":"publish","type":"post","link":"https:\/\/www.europesays.com\/pl\/165971\/","title":{"rendered":"Dorota Wellman wyjawi\u0142a tajemnic\u0119 sprzed lat. M\u00f3wi o du\u017co starszym partnerze"},"content":{"rendered":"\n<p class=\"ods-c-paragraph \"><a href=\"https:\/\/plejada.pl\/temat\/dorota-wellman\/yypl6k3\" id=\"55eee2d7-b198-4f6f-8293-1e9305f3c116\" rel=\"nofollow noopener\" target=\"_blank\">Dorota Wellman<\/a> pozostaje jedn\u0105 z najpopularniejszych i najbardziej lubianych prezenterek telewizyjnych. Cho\u0107 niemal codziennie pojawia si\u0119 na ekranie, niewielu widz\u00f3w wie cokolwiek o jej \u017cyciu prywatnym. Ona sama podkre\u015bla, \u017ce nie lubi o nim rozmawia\u0107, dlatego te\u017c np. <a href=\"https:\/\/plejada.pl\/newsy\/dorota-wellman-zalozy-konto-na-instagramie-tego-na-nim-nie-zobaczymy\/343ppr7\" id=\"5ba49498-ab0c-4400-913b-79aa20865029\" rel=\"nofollow noopener\" target=\"_blank\">raczej nigdy nie za\u0142o\u017cy konta na Instagramie<\/a>. Mimo to czasem pytana jest o \u017cycie rodzinne, wtedy nie uchyla si\u0119 od odpowiedzi. Wiadomo, \u017ce m\u0105\u017c Doroty Wellman pracuje w bran\u017cy artystycznej \u2014 Krzysztof Wellman to polski artysta fotograf, fotosista i fotografik. 62-latek jest cz\u0142onkiem Okr\u0119gu Warszawskiego Zwi\u0105zku Polskich Artyst\u00f3w Fotografik\u00f3w. Wsp\u00f3\u0142pracowa\u0142 z cenionymi re\u017cyserami, takimi jak Krzysztof Kie\u015blowski, Juliusz Machulski czy W\u0142adys\u0142aw Pasikowski.<\/p>\n<p class=\"ods-c-paragraph \">W najnowszym odcinku podcastu &#8222;<a href=\"https:\/\/plejada.pl\/temat\/wojewodzkikedzierski\/h7vqynl\" id=\"15170bc8-3e40-4c31-8edc-fab9b4c0f72a\" rel=\"nofollow noopener\" target=\"_blank\">Wojew\u00f3dzkiK\u0119dzierski<\/a>&#8221; dziennikarka otworzy\u0142a si\u0119 na temat du\u017co starszego partnera, z kt\u00f3rym by\u0142a w zwi\u0105zku, gdy mia\u0142a 17 lat.<\/p>\n<blockquote class=\"ods-o-quota\">\n<p class=\"ods-o-quota__paragraph\">Uchodzi\u0142am za grzeczn\u0105 harcerk\u0119 i bardzo porz\u0105dn\u0105 panienk\u0119, a nagle si\u0119 okaza\u0142o, \u017ce mam du\u017co starszego partnera. Du\u017co starszego&#8230;<\/p>\n<\/blockquote>\n<p class=\"ods-c-paragraph \">\u2014 zacz\u0119\u0142a, a<a href=\"https:\/\/plejada.pl\/temat\/kuba-wojewodzki-dziennikarz-jakub-wojewodzki\/x310yht\" id=\"18470b0f-a5bb-4ba3-a3d0-86b44a47960d\" rel=\"nofollow noopener\" target=\"_blank\"> Kuba Wojew\u00f3dzki <\/a>doda\u0142, \u017ce m\u0119\u017cczyzna by\u0142 starszy o 23 lata. <\/p>\n<p>Dalszy ci\u0105g artyku\u0142u pod materia\u0142em wideo<\/p>\n<p> Ile lat mia\u0142 partner Doroty Wellman? <\/p>\n<p> Jak Dorota Wellman reagowa\u0142a na komentarze dotycz\u0105ce swojego zwi\u0105zku? <\/p>\n<p> Czy m\u0105\u017c Doroty Wellman r\u00f3wnie\u017c pracuje w bran\u017cy artystycznej? <\/p>\n<p> Jak Dorota Wellman opisuje sw\u00f3j zwi\u0105zek z by\u0142ym partnerem? <\/p>\n<p>  Dorota Wellman o mi\u0142o\u015bci sprzed lat<\/p>\n<p class=\"ods-c-paragraph \">Prowadz\u0105ca &#8222;<a href=\"https:\/\/plejada.pl\/temat\/dzien-dobry-tvn\/wd8ew6d\" id=\"a04bb5e1-e264-4dae-88aa-0e1fe2ad6d9e\" rel=\"nofollow noopener\" target=\"_blank\">Dzie\u0144 dobry TVN<\/a>&#8221; podkre\u015bli\u0142a, \u017ce za nic mia\u0142a wtedy komentarze innych.<\/p>\n<blockquote class=\"ods-o-quota\">\n<p class=\"ods-o-quota__paragraph\">Reakcja \u015brodowiska na to, \u017ce to jest niew\u0142a\u015bciwe, u\u015bwiadomi\u0142a mi, \u017ce \u015bwiat zawsze b\u0119dzie reagowa\u0142 na nasze wybory w ten spos\u00f3b, a ja mam to centralnie gdzie\u015b<\/p>\n<\/blockquote>\n<blockquote class=\"ods-o-quota\">\n<p class=\"ods-o-quota__paragraph\">To by\u0142 bardzo wa\u017cny moment w moim \u017cyciu, dlatego \u017ce to by\u0142 taki zwi\u0105zek, kt\u00f3ry dla mnie by\u0142 bardzo istotny \u2014 bardzo mnie rozwin\u0105\u0142, to by\u0142 wa\u017cny m\u0119\u017cczyzna, na wiele w moim \u017cyciu rzeczy wp\u0142yn\u0105\u0142, wiele rzeczy mnie nauczy\u0142 \u2014 nie my\u015bl tam sobie swoich robaczywych my\u015bli, nie wyci\u0105gaj ich w tej chwili<\/p>\n<\/blockquote>\n<p class=\"ods-c-paragraph \">\u2014 zwr\u00f3ci\u0142a si\u0119 do Kuby Wojew\u00f3dzkiego i kontynuowa\u0142a:<\/p>\n<blockquote class=\"ods-o-quota\">\n<p class=\"ods-o-quota__paragraph\">R\u00f3\u017cne rzeczy si\u0119 wydarzy\u0142y w naszym \u017cyciu. Wa\u017cny cz\u0142owiek dla mnie. To by\u0142 istotny moment w moim \u017cyciu. Takiego wyboru nigdy nie \u017ca\u0142owa\u0142am, cho\u0107 potem byli w moim \u017cyciu inni m\u0119\u017cczy\u017ani i wysz\u0142am za kogo\u015b innego<\/p>\n<\/blockquote>\n<p><img decoding=\"async\" src=\"https:\/\/www.europesays.com\/pl\/wp-content\/uploads\/2025\/12\/NUsk9lBaHR0cHM6Ly9vY2RuLmV1L3B1bHNjbXMvTURBXy82ZWMzNzNmYTIzY2RmNTI3MmEzOGQzMjgxMTYxYjlhMC5qcGeRlQLNB.jpeg\" height=\"627\" width=\"940\" alt=\"Dorota Wellman z synem Jakubem\" loading=\"lazy\" class=\"ods-c-image__img ods-c-image__img--viewport-width\"\/><\/p>\n<p>Dorota Wellman z synem JakubemMaciej Kr\u00fcger \/ Onet<\/p>\n<p class=\"ods-c-paragraph \">Przeczytaj tak\u017ce: <a href=\"https:\/\/plejada.pl\/newsy\/kim-jest-maz-doroty-wellman-czym-zajmuje-sie-krzysztof-wellman\/21gjczn\" id=\"95996a9b-0c43-49b7-a38a-ba7136df74e4\" rel=\"nofollow noopener\" target=\"_blank\">Kim jest m\u0105\u017c Doroty Wellman? Te\u017c pracuje w bran\u017cy artystycznej<\/a><\/p>\n<p class=\"ods-c-paragraph \">Dziennikarz zapyta\u0142, czy m\u0119\u017cczyzna mia\u0142 podobne refleksje na temat tej relacji.<\/p>\n<blockquote class=\"ods-o-quota\">\n<p class=\"ods-o-quota__paragraph\">Mia\u0142 podobne refleksje. My\u015bl\u0119, \u017ce stanowi\u0142am bardzo istotn\u0105 dla niego osob\u0119, ale to, jak \u015bwiat na to zareagowa\u0142, by\u0142o dla mnie sygna\u0142em, \u017ce je\u015bli co\u015b zrobisz, co nie jest zgodne z my\u015bleniem ca\u0142ego \u015bwiata, to \u015bwiat b\u0119dzie, tak, jak moja profesor z liceum Batorego w czasie balu na studni\u00f3wce, kiedy przysz\u0142am z partnerem, zadzwoni do moich rodzic\u00f3w, \u017ceby donie\u015b\u0107. Tu si\u0119 rozczarowali, bo moi rodzice znali tego cz\u0142owieka, wi\u0119c nie zrobi\u0142o to na nich takiego wra\u017cenia<\/p>\n<\/blockquote>\n<p class=\"ods-c-paragraph \">\u2014 opowiada\u0142a.<\/p>\n<p class=\"ods-c-paragraph \">Przeczytaj tak\u017ce: <a href=\"https:\/\/plejada.pl\/newsy\/dorota-wellman-o-swojej-relacji-z-mezem-inne-byly-od-kochania-i-seksu\/xjx8h8y\" id=\"290d7fa2-b80e-4eb7-8d45-5dd1ca21771f\" rel=\"nofollow noopener\" target=\"_blank\">Dorota Wellman o swojej relacji z m\u0119\u017cem. &#8222;Inne by\u0142y od kochania i seksu&#8221;<\/a><\/p>\n<p class=\"ods-c-paragraph \">Kuba Wojew\u00f3dzki stwierdzi\u0142, \u017ce dziennikarka zmierza w tym kierunku, gdy\u017c wypomina mu m\u0142odsze partnerki. Dorota Wellman odpowiedzia\u0142a:<\/p>\n<blockquote class=\"ods-o-quota\">\n<p class=\"ods-o-quota__paragraph\">To prawda, tylko ja si\u0119 z tymi partnerami nie obnosz\u0119.<\/p>\n<\/blockquote>\n<p class=\"ods-c-paragraph \">Prowadz\u0105ca \u015bniadani\u00f3wk\u0119 doda\u0142a, \u017ce Wojew\u00f3dzki fotografuje i pokazuje si\u0119 ze swoImi partnerkami w mediach spo\u0142eczno\u015bciowych.<\/p>\n<p class=\"ods-c-paragraph \">Dziennikarz podkre\u015bli\u0142, \u017ce &#8222;to s\u0105 ca\u0142y czas te same nogi&#8221;. Wellman zaprzeczy\u0142a jego s\u0142owom, gdy\u017c widzi &#8222;po nogach&#8221;, \u017ce to inne kobiety.<\/p>\n<p><img decoding=\"async\" src=\"https:\/\/www.europesays.com\/pl\/wp-content\/uploads\/2025\/12\/mABk9lBaHR0cHM6Ly9vY2RuLmV1L3B1bHNjbXMvTURBXy85Mzg4ZDZmZjUzYWU5MWFhMzZmYWE3YzBhOGQxMzViMC5qcGeRlQLNA.jpeg\" height=\"529\" width=\"940\" alt=\"Dorota Wellman\" loading=\"lazy\" class=\"ods-c-image__img ods-c-image__img--vertical\"\/><\/p>\n<p>Dorota WellmanMaciej Kr\u00fcger \/ Onet<\/p>\n<p class=\"ods-c-paragraph \">Dzi\u0119kujemy, \u017ce przeczyta\u0142a\u015b\/e\u015b nasz artyku\u0142 do ko\u0144ca. W serwisie Plejada.pl ka\u017cdego dnia piszemy o najwa\u017cniejszych wydarzeniach show-biznesowych. B\u0105d\u017a na bie\u017c\u0105co! <a rel=\"nofollow noopener\" href=\"https:\/\/profile.google.com\/cp\/Cg0vZy8xMWJ6X19wdHBx\" id=\"da962c62-9d76-457b-a78b-b094f5291f1c\" target=\"_blank\">Obserwuj<\/a> Plejad\u0119 w Wiadomo\u015bciach Google. Odwied\u017a nas tak\u017ce na <a rel=\"nofollow noopener\" href=\"https:\/\/www.facebook.com\/plejadapl\" id=\"6b599982-c1f1-48f4-8edc-5c550dbada2a\" target=\"_blank\">Facebooku<\/a>, <a rel=\"nofollow noopener\" href=\"https:\/\/www.instagram.com\/plejadapl\/\" id=\"5dcb23c7-efbf-4cae-9e8b-b516a6fe66ab\" target=\"_blank\">Instagramie<\/a>, <a rel=\"nofollow noopener\" href=\"https:\/\/www.youtube.com\/c\/plejada\" id=\"50381f23-638c-4f3b-b9e5-cae0aeed71cd\" target=\"_blank\">YouTube<\/a> oraz <a rel=\"nofollow noopener\" href=\"https:\/\/www.tiktok.com\/@plejada_pl\" id=\"5fcd40fe-8585-4561-931c-9733e29744b3\" target=\"_blank\">TikToku<\/a>.<\/p>\n<p class=\"ods-c-paragraph \">Chcesz podzieli\u0107 si\u0119 ciekawym newsem lub zaproponowa\u0107 temat? Skontaktuj si\u0119 z nami, pisz\u0105c e-maila na adres: <a rel=\"nofollow noopener\" href=\"https:\/\/plejada.pl\/newsy\/dorota-wellman-wyjawila-tajemnice-sprzed-lat-mowi-o-duzo-starszym-partnerze\/mailto:plejada@redakcjaonet.pl\" id=\"9e599bba-6b95-4e11-8af2-9a13ad2e7b61\" target=\"_blank\">plejada@redakcjaonet.pl<\/a>.<\/p>\n<p><script async src=\"\/\/www.instagram.com\/embed.js\"><\/script><script async src=\"\/\/www.tiktok.com\/embed.js\"><\/script><\/p>\n","protected":false},"excerpt":{"rendered":"Dorota Wellman pozostaje jedn\u0105 z najpopularniejszych i najbardziej lubianych prezenterek telewizyjnych. Cho\u0107 niemal codziennie pojawia si\u0119 na ekranie,&hellip;\n","protected":false},"author":2,"featured_media":165972,"comment_status":"","ping_status":"","sticky":false,"template":"","format":"standard","meta":{"footnotes":""},"categories":[22],"tags":[2955,122,623,48,125,46,4368,42,38,40,39,41,123,47,338,2658],"class_list":{"0":"post-165971","1":"post","2":"type-post","3":"status-publish","4":"format-standard","5":"has-post-thumbnail","7":"category-rozrywka","8":"tag-dorota_wellman","9":"tag-entertainment","10":"tag-kuba_wojewodzki","11":"tag-nat_styl","12":"tag-newsy","13":"tag-omp","14":"tag-piotr_kedzierski","15":"tag-pl","16":"tag-poland","17":"tag-polish","18":"tag-polska","19":"tag-polski","20":"tag-rozrywka","21":"tag-screening_general","22":"tag-tylko_w_plejadzie","23":"tag-wojewodzkikedzierski"},"share_on_mastodon":{"url":"https:\/\/pubeurope.com\/@pl\/115765826391101924","error":""},"_links":{"self":[{"href":"https:\/\/www.europesays.com\/pl\/wp-json\/wp\/v2\/posts\/165971","targetHints":{"allow":["GET"]}}],"collection":[{"href":"https:\/\/www.europesays.com\/pl\/wp-json\/wp\/v2\/posts"}],"about":[{"href":"https:\/\/www.europesays.com\/pl\/wp-json\/wp\/v2\/types\/post"}],"author":[{"embeddable":true,"href":"https:\/\/www.europesays.com\/pl\/wp-json\/wp\/v2\/users\/2"}],"replies":[{"embeddable":true,"href":"https:\/\/www.europesays.com\/pl\/wp-json\/wp\/v2\/comments?post=165971"}],"version-history":[{"count":0,"href":"https:\/\/www.europesays.com\/pl\/wp-json\/wp\/v2\/posts\/165971\/revisions"}],"wp:featuredmedia":[{"embeddable":true,"href":"https:\/\/www.europesays.com\/pl\/wp-json\/wp\/v2\/media\/165972"}],"wp:attachment":[{"href":"https:\/\/www.europesays.com\/pl\/wp-json\/wp\/v2\/media?parent=165971"}],"wp:term":[{"taxonomy":"category","embeddable":true,"href":"https:\/\/www.europesays.com\/pl\/wp-json\/wp\/v2\/categories?post=165971"},{"taxonomy":"post_tag","embeddable":true,"href":"https:\/\/www.europesays.com\/pl\/wp-json\/wp\/v2\/tags?post=165971"}],"curies":[{"name":"wp","href":"https:\/\/api.w.org\/{rel}","templated":true}]}}