{"id":165998,"date":"2025-12-23T00:01:08","date_gmt":"2025-12-23T00:01:08","guid":{"rendered":"https:\/\/www.europesays.com\/pl\/165998\/"},"modified":"2025-12-23T00:01:08","modified_gmt":"2025-12-23T00:01:08","slug":"samochod-wjechal-w-tlum-na-paradzie-w-holandii-dziewiec-osob-zostalo-rannych-sa-wstepne-ustalenia","status":"publish","type":"post","link":"https:\/\/www.europesays.com\/pl\/165998\/","title":{"rendered":"Samoch\u00f3d wjecha\u0142 w t\u0142um na paradzie w Holandii. Dziewi\u0119\u0107 os\u00f3b zosta\u0142o rannych. S\u0105 wst\u0119pne ustalenia"},"content":{"rendered":"<p> Holandia. Samoch\u00f3d wjecha\u0142 w uczestnik\u00f3w parady<\/p>\n<p class=\"art_paragraph\">Do zdarzenia dosz\u0142o w poniedzia\u0142ek 22 grudnia oko\u0142o godziny\u00a018:30. Samoch\u00f3d wjecha\u0142 w grup\u0119 ludzi bior\u0105cych udzia\u0142 w paradzie \u015bwiate\u0142 w miejscowo\u015bci\u00a0Nunspeet.\u00a0Dziewi\u0119\u0107 os\u00f3b zosta\u0142o rannych, w tym trzy ci\u0119\u017cko. Media poinformowa\u0142y, \u017ce w\u015br\u00f3d poszkodowanych mog\u0142o\u00a0by\u0107 <a href=\"https:\/\/wiadomosci.gazeta.pl\/dzieci#anchorLink\" rel=\"nofollow noopener\" target=\"_blank\">dziecko<\/a>. Policja ustali\u0142a, \u017ce autem kierowa\u0142a\u00a056-latka\u00a0z\u00a0Nunspeet. Kobieta zosta\u0142a zatrzymana.<\/p>\n<p> Wst\u0119pne ustalenia policji<\/p>\n<p class=\"art_paragraph\">56-latka kieruj\u0105ca samochodem odnios\u0142a lekkie obra\u017cenia. Ze wst\u0119pnych ustale\u0144 <a href=\"https:\/\/wiadomosci.gazeta.pl\/policja#anchorLink\" rel=\"nofollow noopener\" target=\"_blank\">policji<\/a> wynika, \u017ce dosz\u0142o do wypadku. Funkcjonariusze nie zak\u0142adaj\u0105 na obecnym etapie \u015bledztwa, aby kobieta celowo wjecha\u0142a w t\u0142um. Nie stwierdzono r\u00f3wnie\u017c udzia\u0142u w zdarzeniu\u00a0os\u00f3b trzecich.<\/p>\n<p>\n    Zobacz wideo 13-latek ucieka\u0142 audi przed ostrowieckimi policjantami\n  <\/p>\n<p> Na nagraniu uchwycono samoch\u00f3d<\/p>\n<p class=\"art_paragraph\">W internecie opublikowano nagranie zarejestrowane przez osob\u0119 mieszkaj\u0105c\u0105 w pobli\u017cu miejsca, gdzie dosz\u0142o do <a href=\"https:\/\/wiadomosci.gazeta.pl\/wypadek#anchorLink\" rel=\"nofollow noopener\" target=\"_blank\">wypadku<\/a>. Wida\u0107 na nim\u00a0samoch\u00f3d\u00a0jad\u0105cy z du\u017c\u0105 pr\u0119dko\u015bci\u0105 w kierunku uczestnik\u00f3w parady. S\u0142ycha\u0107 r\u00f3wnie\u017c odg\u0142osy zderzenia i krzyki.<\/p>\n<p class=\"art_paragraph\">Wi\u0119cej: Przeczytaj te\u017c artyku\u0142 <a href=\"https:\/\/wiadomosci.gazeta.pl\/polska\/7,198073,32488343,smierc-kolumbijczyka-w-starachowickim-hostelu-policja-ujawnia.html\" class=\"art_link\" rel=\"dofollow noopener\" target=\"_blank\">&#8222;\u015amier\u0107 Kolumbijczyka w starachowickim hostelu. Policja ujawnia szczeg\u00f3\u0142y&#8221;<\/a>.\n  <\/p>\n<p>\u0179r\u00f3d\u0142a:politie.nl, nltimes.nl,\u00a0nos.nl,\u00a0VRMG<\/p>\n","protected":false},"excerpt":{"rendered":"Holandia. Samoch\u00f3d wjecha\u0142 w uczestnik\u00f3w parady Do zdarzenia dosz\u0142o w poniedzia\u0142ek 22 grudnia oko\u0142o godziny\u00a018:30. Samoch\u00f3d wjecha\u0142 w&hellip;\n","protected":false},"author":2,"featured_media":165999,"comment_status":"","ping_status":"","sticky":false,"template":"","format":"standard","meta":{"footnotes":""},"categories":[14],"tags":[32,33,27,34,35,28,31,25,40,41,80,29,30,26,82,83,84],"class_list":{"0":"post-165998","1":"post","2":"type-post","3":"status-publish","4":"format-standard","5":"has-post-thumbnail","7":"category-swiat","8":"tag-breaking-news","9":"tag-breakingnews","10":"tag-headlines","11":"tag-latest-news","12":"tag-latestnews","13":"tag-naglowki","14":"tag-najwazniejsze-artykuly","15":"tag-news","16":"tag-polish","17":"tag-polski","18":"tag-swiat","19":"tag-top-stories","20":"tag-topstories","21":"tag-wiadomosci","22":"tag-world","23":"tag-world-news","24":"tag-worldnews"},"share_on_mastodon":{"url":"https:\/\/pubeurope.com\/@pl\/115765948386299751","error":""},"_links":{"self":[{"href":"https:\/\/www.europesays.com\/pl\/wp-json\/wp\/v2\/posts\/165998","targetHints":{"allow":["GET"]}}],"collection":[{"href":"https:\/\/www.europesays.com\/pl\/wp-json\/wp\/v2\/posts"}],"about":[{"href":"https:\/\/www.europesays.com\/pl\/wp-json\/wp\/v2\/types\/post"}],"author":[{"embeddable":true,"href":"https:\/\/www.europesays.com\/pl\/wp-json\/wp\/v2\/users\/2"}],"replies":[{"embeddable":true,"href":"https:\/\/www.europesays.com\/pl\/wp-json\/wp\/v2\/comments?post=165998"}],"version-history":[{"count":0,"href":"https:\/\/www.europesays.com\/pl\/wp-json\/wp\/v2\/posts\/165998\/revisions"}],"wp:featuredmedia":[{"embeddable":true,"href":"https:\/\/www.europesays.com\/pl\/wp-json\/wp\/v2\/media\/165999"}],"wp:attachment":[{"href":"https:\/\/www.europesays.com\/pl\/wp-json\/wp\/v2\/media?parent=165998"}],"wp:term":[{"taxonomy":"category","embeddable":true,"href":"https:\/\/www.europesays.com\/pl\/wp-json\/wp\/v2\/categories?post=165998"},{"taxonomy":"post_tag","embeddable":true,"href":"https:\/\/www.europesays.com\/pl\/wp-json\/wp\/v2\/tags?post=165998"}],"curies":[{"name":"wp","href":"https:\/\/api.w.org\/{rel}","templated":true}]}}