{"id":166025,"date":"2025-12-23T00:25:14","date_gmt":"2025-12-23T00:25:14","guid":{"rendered":"https:\/\/www.europesays.com\/pl\/166025\/"},"modified":"2025-12-23T00:25:14","modified_gmt":"2025-12-23T00:25:14","slug":"kacper-tomasiak-bedzie-jeszcze-lepszy-ma-wszystko-by-zostac-mistrzem","status":"publish","type":"post","link":"https:\/\/www.europesays.com\/pl\/166025\/","title":{"rendered":"Kacper Tomasiak b\u0119dzie jeszcze lepszy. &#8222;Ma wszystko, by zosta\u0107 mistrzem&#8221;"},"content":{"rendered":"<p>KRZYSZTOF KAWA: Adam Ma\u0142ysz powiedzia\u0142 niedawno, \u017ce zamiast uporczywie walczy\u0107 w Pucharze \u015awiata o cztery miejsca dla Polski na igrzyska, nale\u017cy skupi\u0107 si\u0119 na ustabilizowaniu formy naszych zawodnik\u00f3w. Tak du\u017cych waha\u0144, jakie obecnie prezentuj\u0105, chyba nigdy wcze\u015bniej nie widzieli\u015bmy. Mo\u017cna to jako\u015b wyt\u0142umaczy\u0107? <\/p>\n<p>APOLONIUSZ TAJNER: Trudno to wyt\u0142umaczy\u0107. Natomiast mnie skoki naszych zawodnik\u00f3w od pocz\u0105tku sezonu si\u0119 podobaj\u0105.<\/p>\n<p class=\"Paragraph_desktopParagraph__Fd2e9\">Tak, bo uwa\u017cnie obserwuj\u0119 u ka\u017cdego z nich moment wybicia. Ten moment trwa od o\u015bmiu setnych do dw\u00f3ch dziesi\u0105tych sekundy. Wtedy trzeba wykorzysta\u0107 pe\u0142en automatyzm, \u017ceby wszystko zrobi\u0107 poprawnie technicznie, idealnie trafiaj\u0105c w pr\u00f3g skoczni. Decyzja o rozpocz\u0119ciu odbicia zapada w g\u0142owie zawodnika w ci\u0105gu jednej setnej sekundy i po niej ju\u017c wiadomo, czy skoczek idealnie trafi\u0142 w pr\u00f3g, czy jednak zrobi\u0142 to za wcze\u015bnie lub za p\u00f3\u017ano. Dzi\u015b, po obejrzeniu tysi\u0119cy skok\u00f3w na \u017cywo i w telewizji, ju\u017c do\u015b\u0107 dobrze wyczuwam, czy szybko\u015b\u0107 odbicia i moc s\u0105 prawid\u0142owe, czy u zawodnika jest luz, czy brak \u015bwie\u017co\u015bci. Moim zdaniem nasi skoczkowie na pocz\u0105tku sezonu wychodzili z progu z w\u0142a\u015bciwym rytmem i tylko z drobnymi b\u0142\u0119dami technicznymi. Je\u015bli jest moc, to jest dobrze, bo w trakcie sezonu mo\u017cna poprawia\u0107 technik\u0119 i wtedy wszystko zaczyna si\u0119 dobrze uk\u0142ada\u0107.<\/p>\n<p class=\"VideoPlayerText_videoPlayerText__zrtJk\">Dalszy ci\u0105g materia\u0142u pod wideo<\/p>\n<p class=\"Paragraph_desktopParagraph__Fd2e9\"> Wiem, \u017ce z regu\u0142y jest pan optymist\u0105, ale patrz\u0105c na wyniki, nie wygl\u0105da to tak r\u00f3\u017cowo. <\/p>\n<p class=\"Paragraph_desktopParagraph__Fd2e9\">To prawda, \u017ce wynikowo jeszcze nie jest dobrze. Wydaje mi si\u0119, \u017ce po konkursach w Wi\u015ble przysz\u0142o w Klingenthal lekkie przem\u0119czenie, dynamika u zawodnik\u00f3w by\u0142a troch\u0119 st\u0119piona.<\/p>\n<p class=\"Paragraph_desktopParagraph__Fd2e9\">18-letniego Kacpra Tomasiaka te\u017c to dotyczy?<\/p>\n<p class=\"Paragraph_desktopParagraph__Fd2e9\">Tomasiak ma \u015bwie\u017co\u015b\u0107, ale trzeba da\u0107 mu czas, \u017ceby swoj\u0105 technik\u0119 doprowadzi\u0142 do perfekcji. Ma fajny punkt trafienia w pr\u00f3g i bardzo dobr\u0105 dynamik\u0119, co sprawia, \u017ce odlatuje do\u015b\u0107 daleko, ale troch\u0119 za szybko podrywa narty na siebie i nieraz wida\u0107, \u017ce nad zeskokiem szybko spada. Niekt\u00f3rzy zawodnicy, lec\u0105c tam nisko, jeszcze zyskuj\u0105 na dole, a on traci. To kwestia wektora pr\u0119dko\u015bci. Gdy zadziera narty, to wprawdzie zyskuje wysoko\u015b\u0107, ale \u0142apie op\u00f3r powietrza, brakuje mu pr\u0119dko\u015bci przelotowej i zbyt wcze\u015bnie spada. Tak jak kiedy\u015b by\u0142o to wida\u0107 u Dawida Kubackiego. Ale spokojnie, Tomasiak b\u0119dzie sobie t\u0119 technik\u0119 dopracowywa\u0142, jest bardzo m\u0142ody, ma na to czas. Natomiast sam punkt wyj\u015bcia na arenie, jak\u0105 jest Puchar \u015awiata, to on ma kapitalny. To z\u0142oty ch\u0142opak. I do tego fajny osobowo\u015bciowo, zr\u00f3wnowa\u017cony, inteligentny. Ma wszystko, by zosta\u0107 mistrzem.<\/p>\n<p>Apoloniusz Tajner: Kacper Tomasiak si\u0119 nie zmarnuje<\/p>\n<p class=\"Paragraph_desktopParagraph__Fd2e9\">Pana zdaniem nie grozi mu to, co Adamowi Ma\u0142yszowi, kt\u00f3ry przecie\u017c pod wodz\u0105 Pavla Mikeski trzy razy wygra\u0142 zawody Pucharu \u015awiata, a p\u00f3\u017aniej przepad\u0142, zajmowa\u0142 miejsca w pi\u0105tej dziesi\u0105tce i gdyby nie pan, to mogliby\u015bmy nigdy nie prze\u017cy\u0107 ma\u0142yszomanii?<\/p>\n<p class=\"Paragraph_desktopParagraph__Fd2e9\">On si\u0119 nie zmarnuje, teraz nie ma takiego zagro\u017cenia. Dzi\u015b jest inna \u015bwiadomo\u015b\u0107 zawodnik\u00f3w, inna praca trenerska. Poza tym Kacper ma ojca, kt\u00f3ry jest trenerem w SMS Szczyrk i od pocz\u0105tku pilotuje jego karier\u0119. Zreszt\u0105 podobnie jak 16-letniego syna Konrada, kt\u00f3ry jest r\u00f3wnie utalentowany, obaj wzrastali w takiej samej atmosferze.<\/p>\n<p class=\"Paragraph_desktopParagraph__Fd2e9\">Przez ostatnie \u0107wier\u0107 wieku wiele si\u0119 w Polsce zmieni\u0142o, tak\u017ce w sferze mentalnej. M\u0142odzie\u017c jest teraz inna i ma lepsz\u0105 opiek\u0119 ni\u017c w latach 90., gdy \u017cyli\u015bmy w okresie chaosu spo\u0142eczno-polityczno-gospodarczego. Ma\u0142ysz po raz pierwszy wygra\u0142 w 1996 r. na skoczni w Oslo Holmenkollen, nast\u0119pnie dwa razy w 1997 r., kilka razy stawa\u0142 na ni\u017cszych stopniach podium. Tylko \u017ce zosta\u0142 z tym sukcesem zostawiony sam sobie. Gdy zawodnicy wracali po zawodach, trener Mikeska kierowa\u0142 si\u0119 do Czech, a jego asystent Piotr Fijas ze skoczkami do Polski. I ka\u017cdy z nich zostawa\u0142 w domu bez pomocy psychologa, fizjologa, trenera. Ma\u0142ysz nie potrafi\u0142 si\u0119 upora\u0107 ze swoj\u0105 popularno\u015bci\u0105, bo ju\u017c po pierwszych zwyci\u0119stwach rozbudzi\u0142 w kraju ogromne zainteresowanie, i to go strasznie gniot\u0142o. O\u017ceni\u0142 si\u0119, na \u015bwiat przysz\u0142o dziecko, a jednocze\u015bnie skaka\u0142 coraz s\u0142abiej, na igrzyskach olimpijskich w Nagano wypad\u0142 bardzo \u017ale.<\/p>\n<p class=\"Paragraph_desktopParagraph__Fd2e9\">Rok p\u00f3\u017aniej, w lutym 1999 r., odszed\u0142 Mikeska, decyzja zapad\u0142a w trakcie mistrzostw \u015bwiata w Ramsau, bo zawodnicy ju\u017c nie chcieli z nim trenowa\u0107, atmosfera by\u0142a fatalna. Sezon by\u0142 tak s\u0142aby, \u017ce zainterweniowa\u0142a Iza, \u017cona Adama, i kaza\u0142a mu i\u015b\u0107 do pracy. Nie by\u0142o zmi\u0142uj, Adam musia\u0142 to zaakceptowa\u0107 \u2014 w domu \u017cona z ma\u0142\u0105 c\u00f3reczk\u0105, a pieni\u0119dzy nie ma. Przy tych wynikach nie mia\u0142 ani stypendium, ani innych przychod\u00f3w. Ja, w\u00f3wczas wiceprezes PZN do spraw sportowych, je\u017adzi\u0142em, szuka\u0142em dla niego sponsora, ale jak przesta\u0142 dobrze skaka\u0107, to zainteresowanie nim te\u017c spad\u0142o. Sponsoring sportowy u nas raczkowa\u0142, praktycznie w og\u00f3le go nie by\u0142o, fortuny polskich przedsi\u0119biorc\u00f3w dopiero si\u0119 budowa\u0142y. Polska wtedy a teraz to dwa r\u00f3\u017cne \u015bwiaty, problemy s\u0105 niepor\u00f3wnywalne.<\/p>\n<p><img decoding=\"async\" src=\"https:\/\/www.europesays.com\/pl\/wp-content\/uploads\/2025\/12\/apoloniusz-tajner-byl-trenerem-kadry-w-skokach-narciarskich-i-prezesem-pzn.jpeg\" alt=\"Apoloniusz Tajner by\u0142 trenerem kadry w skokach narciarskich i prezesem PZN\" width=\"944\" height=\"1416\" loading=\"lazy\" class=\"\" \/>Apoloniusz Tajner by\u0142 trenerem kadry w skokach narciarskich i prezesem PZN (Foto: Aleksander Majda\u0144ski \/ newspix.pl)<\/p>\n<p class=\"Paragraph_desktopParagraph__Fd2e9\">Tomasiak powinien jecha\u0107 na Turniej Czterech Skoczni? <\/p>\n<p class=\"Paragraph_desktopParagraph__Fd2e9\">Uwa\u017cam, \u017ce tak.<\/p>\n<p class=\"Paragraph_desktopParagraph__Fd2e9\">Czy nie lepiej, by odpocz\u0105\u0142 i potrenowa\u0142 spokojnie przed startem w Zakopanem i drug\u0105 cz\u0119\u015bci\u0105 sezonu, w kt\u00f3rej b\u0119d\u0105 igrzyska i mistrzostwa \u015bwiata junior\u00f3w?<\/p>\n<p class=\"Paragraph_desktopParagraph__Fd2e9\">Niech jedzie, bo skacze dobrze. Trzeba podejmowa\u0107 decyzje na bie\u017c\u0105co, w skokach nie da si\u0119 niczego przewidzie\u0107. Je\u015bli si\u0119 go wycofa, to co on ma robi\u0107 w tym czasie? Co z motoryk\u0105? Jakie skocznie dla niego dobra\u0107, \u017ceby sobie m\u00f3g\u0142 swobodnie potrenowa\u0107? To s\u0105 kwestie, kt\u00f3re trzeba wdro\u017cy\u0107 dopiero wtedy, gdy b\u0119dzie absolutna konieczno\u015b\u0107. Jak prowadzi\u0142em kadr\u0119 na pami\u0119tnym Turnieju Czterech Skoczni w sezonie 2000\/01, to za Ma\u0142yszem, kt\u00f3ry wygrywa\u0142, byli jeszcze inni, o czym si\u0119 dzi\u015b nie pami\u0119ta. Wojtek Skupie\u0144 by\u0142 dwunasty w klasyfikacji generalnej turnieju, a Robert Mateja i \u0141ukasz Kruczek te\u017c zacz\u0119li lepiej skaka\u0107. No, ale ja mia\u0142em ich tylko czterech i wtedy mniej si\u0119 decydowali\u015bmy na manewry. Jakbym zacz\u0105\u0142 ich wy\u0142\u0105cza\u0107 ze start\u00f3w w Pucharze \u015awiata, to by nie mia\u0142 kto z nami je\u017adzi\u0107.<\/p>\n<p class=\"Paragraph_desktopParagraph__Fd2e9\">Dzi\u015b jest wi\u0119ksza grupa zawodnik\u00f3w, mo\u017cna ich wymienia\u0107, ale ja ufam Ma\u0107kowi Maciusiakowi, on b\u0119dzie wiedzia\u0142, co zrobi\u0107, bo to jest fachman, warsztatowiec. To nie trener ideolog czy zamordysta, dla zawodnik\u00f3w bardziej jak ojciec, a przy tym mocno zdecydowany. Zawsze taki by\u0142 \u2014 ch\u0119tnie pogada\u0142, ale jak si\u0119 co\u015b ustali\u0142o, to tak mia\u0142o by\u0107 i to egzekwowa\u0142.<\/p>\n<p>Apoloniusz Tajner: W\u0105sek powinien cierpliwie robi\u0107 swoje<\/p>\n<p class=\"Paragraph_desktopParagraph__Fd2e9\">Teraz kadr\u0119 mamy szersz\u0105, natomiast ona si\u0119 skurczy z uwagi na fakt, \u017ce po Engelbergu stracili\u015bmy jedno miejsce w Pucharze \u015awiata. B\u0119dzie du\u017cy dylemat, kogo odrzuci\u0107?<\/p>\n<p class=\"Paragraph_desktopParagraph__Fd2e9\">Nie s\u0105dz\u0119. Raczej si\u0119 trzeba cieszy\u0107, \u017ce mo\u017ce by\u0107 dylemat, bo znowu jest w kadrze Maciek Kot, a w odwodzie Aleksander Zniszczo\u0142. Rozmawia\u0142em z Olkiem ostatnio i powiedzia\u0142 mi, \u017ce jest bardzo dobrej my\u015bli przed dalsz\u0105 cz\u0119\u015bci\u0105 sezonu.<\/p>\n<p class=\"Paragraph_desktopParagraph__Fd2e9\">Pawe\u0142 W\u0105sek b\u0142ysn\u0105\u0142 w Engelbergu, ale od pocz\u0105tku sezonu osi\u0105ga\u0142 bardzo s\u0142abe wyniki. Powinni\u015bmy si\u0119 o niego martwi\u0107?<\/p>\n<p class=\"Paragraph_desktopParagraph__Fd2e9\">Skoki s\u0105 tak naprawd\u0119 nieodgadnione, ja wielu rzeczy nadal nie rozumiem. Wiem jednak, \u017ce mo\u017ce si\u0119 tak wydarzy\u0107, jak z Ma\u0142yszem i wieloma innymi zawodnikami, \u017ce najpierw nast\u0105pi wybuch talentu, super wynik, a potem jest coraz gorzej i nikt nie wie, jak temu zaradzi\u0107. Niekt\u00f3rzy z tych, kt\u00f3rzy mieli kryzys, sko\u0144czyli ze skakaniem i ju\u017c si\u0119 nie dowiemy, czy zn\u00f3w byliby mistrzami, bo nie przetrwali s\u0142abszego okresu. On czasem trwa dwa, trzy lata, a czasami rok. Dlatego co do W\u0105ska, to jest dla mnie naturalne, \u017ce on prezentuje ni\u017csz\u0105 dyspozycj\u0119. I nie nale\u017cy nikogo za to obwinia\u0107, bo ch\u0142opak solidnie wszystko realizowa\u0142. Teraz tylko musi cierpliwie czeka\u0107 a\u017c znowu wskoczy na sw\u00f3j poziom. Pokaza\u0142, \u017ce potrafi skaka\u0107 i do tego wr\u00f3ci, tylko musi by\u0107 konsekwentny w tym, co robi.<\/p>\n<p><img decoding=\"async\" src=\"https:\/\/www.europesays.com\/pl\/wp-content\/uploads\/2025\/12\/pawel-wasek.jpg\" alt=\"Pawe\u0142 W\u0105sek\" width=\"944\" height=\"629\" loading=\"lazy\" class=\"\" \/>Pawe\u0142 W\u0105sek (Foto: Tadeusz Mieczy\u0144ski, EXPA \/ newspix.pl)<\/p>\n<p class=\"Paragraph_desktopParagraph__Fd2e9\">Je\u015bli chodzi o Kamila Stocha, to kryzys trwa znacznie d\u0142u\u017cej i ju\u017c nie mo\u017cemy czeka\u0107, bo to jego ostatni sezon w karierze. Na pocz\u0105tku sezonu w Skandynawii du\u017co si\u0119 u\u015bmiecha\u0142, ch\u0119tnie rozmawia\u0142, a po nieudanym starcie w Klingenthal unika\u0142 medi\u00f3w.<\/p>\n<p class=\"Paragraph_desktopParagraph__Fd2e9\">No tak, ale zmiana w kadrze akurat jemu by\u0142a najbardziej potrzebna, bo wreszcie zacz\u0105\u0142 si\u0119 dobrze czu\u0107 w grupie. Maciek Maciusiak te\u017c zyska\u0142, bo ma wsparcie Michala Dole\u017eala. Oni s\u0105 trenerami podobnymi charakterologicznie, wi\u0119c si\u0119 rozumiej\u0105 i lubi\u0105. Z drugiej strony Kamilowi, Dawidowi i Piotrkowi \u017byle by\u0142o potrzeba takich autorytet\u00f3w, ludzi, do kt\u00f3rych maj\u0105 zaufanie. I Kamil na pocz\u0105tku sezonu zacz\u0105\u0142 skaka\u0107 tak, jak w swoich najlepszych czasach.<\/p>\n<p class=\"Paragraph_desktopParagraph__Fd2e9\">Czyli jak?<\/p>\n<p class=\"Paragraph_desktopParagraph__Fd2e9\">Wypuszczaj\u0105c odbicie bardzo swobodnie. W dw\u00f3ch poprzednich latach ko\u0144czy\u0142 na kr\u00f3tkim wypro\u015bcie n\u00f3g i brakowa\u0142o mu odej\u015bcia w powietrze. Teraz, po dobrym pocz\u0105tku sezonu, znowu wr\u00f3ci\u0142 do kr\u00f3tkiego, szybkiego odbicia, st\u0105d jego problemy. Uwa\u017cam jednak, \u017ce jest tak dobrze przygotowany i zmotywowany, \u017ce absolutnie bym go przed igrzyskami nie skre\u015bla\u0142. Tym bardziej, \u017ce do lutego jest jeszcze sporo czasu.<\/p>\n<p class=\"Paragraph_desktopParagraph__Fd2e9\">A je\u015bli b\u0119dzie w s\u0142abej formie? Kogo wys\u0142a\u0107, je\u015bli trener Maciusiak b\u0119dzie mia\u0142 do dyspozycji tylko trzy miejsca?<\/p>\n<p class=\"Paragraph_desktopParagraph__Fd2e9\">Licz\u0119, \u017ce b\u0119dzie mia\u0142 ich jednak cztery. Na pewno trzeba wys\u0142a\u0107 tych, kt\u00f3rzy b\u0119d\u0105 najlepiej dysponowani w ostatnim okresie przed igrzyskami, a nie tych, kt\u00f3rzy zas\u0142u\u017cyli na to zdobytymi wcze\u015bniej punktami.<\/p>\n<p class=\"Paragraph_desktopParagraph__Fd2e9\">Prezes PZN Adam Ma\u0142ysz zmieni\u0142 pierwotne ustalenia i tak w\u0142a\u015bnie nakaza\u0142 post\u0105pi\u0107 trenerowi.<\/p>\n<p class=\"Paragraph_desktopParagraph__Fd2e9\">I dobrze, bo to jest najlepsze rozwi\u0105zanie. Jak chcemy mie\u0107 jaki\u015b wynik, to trzeba pos\u0142a\u0107 do Cortiny d\u2019Ampezzo tych, kt\u00f3rzy w danym momencie skacz\u0105 najlepiej. Reszta b\u0119dzie musia\u0142a i\u015b\u0107 do s\u0105du i pozwa\u0107 trenera. M\u00f3wi\u0119 to \u017cartem, nawi\u0105zuj\u0105c do sytuacji sprzed lat, gdy pi\u0119ciu naszych alpejczyk\u00f3w zdoby\u0142o wymagan\u0105 liczb\u0119 punkt\u00f3w FIS, ale wed\u0142ug innych olimpijskich kryteri\u00f3w mogli\u015bmy wys\u0142a\u0107 na igrzyska tylko dw\u00f3jk\u0119. W PZN dokonali\u015bmy wi\u0119c wyboru, po czym dostali\u015bmy przeds\u0105dowe wezwania od dw\u00f3ch z pozosta\u0142ej tr\u00f3jki.<\/p>\n<p class=\"Paragraph_desktopParagraph__Fd2e9\">Piotr \u017by\u0142a sko\u0144czy w styczniu 39 lat, ale nadal narzeka, \u017ce na skoczni brakuje mu luzu. Jak to rozumie\u0107?<\/p>\n<p class=\"Paragraph_desktopParagraph__Fd2e9\">Luz pojawia si\u0119 wtedy, gdy zawodnik jest \u015bwie\u017cy i poczuje moc. A on ostatnio powiedzia\u0142, \u017ce czuje powr\u00f3t mocy, co dobrze wr\u00f3\u017cy. By\u0107 mo\u017ce potrzebuje jeszcze troch\u0119 czasu, by doj\u015b\u0107 do dobrej dyspozycji.<\/p>\n<p><img decoding=\"async\" src=\"https:\/\/www.europesays.com\/pl\/wp-content\/uploads\/2025\/12\/piotr-zyla.jpg\" alt=\"Piotr \u017by\u0142a\" width=\"944\" height=\"629\" loading=\"lazy\" class=\"\" \/>Piotr \u017by\u0142a (Foto: Pascal von B\u00fcren, Sipausa \/ newspix.pl)Powinni si\u0119 martwi\u0107 ci, kt\u00f3rzy&#8230; dobrze skacz\u0105<\/p>\n<p class=\"Paragraph_desktopParagraph__Fd2e9\">Niemcy Andreas Wellinger i Karl Geiger decyzj\u0105 trenera Stefana Horngachera odpu\u015bcili konkursy w Engelbergu, by potrenowa\u0107. <\/p>\n<p class=\"Paragraph_desktopParagraph__Fd2e9\">My\u015bl\u0119, \u017ce oni nie tyle przygotowuj\u0105 si\u0119 do Turnieju Czterech Skoczni, chocia\u017c wszyscy chc\u0105 w nim dobrze wypa\u015b\u0107, co do igrzysk olimpijskich. Wellinger ju\u017c nie raz by\u0142 wycofywany z konkurs\u00f3w, to stara metoda Niemc\u00f3w. Tak samo robi\u0142 Reinhard Hess z Martinem Schmittem, gdy ten rywalizowa\u0142 z Ma\u0142yszem. Jak mu s\u0142abiej sz\u0142o, to Hess si\u0119 nie waha\u0142. Dla mnie to naturalne, skoro s\u0142abo skacz\u0105 w Pucharze \u015awiata, to lepiej spokojnie budowa\u0107 form\u0119 na g\u0142\u00f3wn\u0105 imprez\u0119, kt\u00f3ra odbywa si\u0119 raz na cztery lata. Dlatego uwa\u017cam, \u017ce Wellinger mo\u017ce by\u0107 bardzo gro\u017any na igrzyskach. Nie mam natomiast takiego przekonania do Geigera, bo on wci\u0105\u017c jest &#8222;surowy&#8221;, mimo \u017ce potrafi daleko polecie\u0107.<\/p>\n<p class=\"Paragraph_desktopParagraph__Fd2e9\">Wielu w czo\u0142\u00f3wce ma wahania, a Ryoyu Kobayashi konkurs za konkursem l\u0105duje w pierwszej dziesi\u0105tce. I zn\u00f3w wygra\u0142.<\/p>\n<p class=\"Paragraph_desktopParagraph__Fd2e9\">To starszy zawodnik, kt\u00f3ry jak ju\u017c dojdzie do dobrej formy, to wie, jak j\u0105 utrzyma\u0107. Jest regularny, z pewnymi wahni\u0119ciami, ale jednak. Natomiast co do m\u0142odych Japo\u0144czyk\u00f3w, kt\u00f3rzy teraz dobrze skacz\u0105, to nie by\u0142bym taki pewny, czy im si\u0119 to uda. Dominowanie w grudniu o niczym nie \u015bwiadczy, jeszcze wszystko si\u0119 mo\u017ce zmieni\u0107. Najwa\u017cniejsze zawody s\u0105 w lutym i na nich trzeba si\u0119 koncentrowa\u0107.<\/p>\n<p class=\"Paragraph_desktopParagraph__Fd2e9\">\u015awietnie skacz\u0105 S\u0142owe\u0144cy, tradycyjnie mocni s\u0105 Austriacy ze Stefanem Kraftem na czele. To obok Kobayashiego najwi\u0119ksi faworyci Turnieju Czterech Skoczni? <\/p>\n<p class=\"Paragraph_desktopParagraph__Fd2e9\">Na pewno. Austriacy s\u0105 ci\u0105gle tymi najgro\u017aniejszymi. S\u0142owe\u0144cy te\u017c si\u0119 b\u0119d\u0105 liczy\u0107, przede wszystkim Domen Prevc, mo\u017ce te\u017c Anze Lanisek, cho\u0107 nie jest tak ustabilizowany. Powt\u00f3rz\u0119 jednak, \u017ce ci, kt\u00f3rzy s\u0105 w formie na pocz\u0105tku sezonu, musz\u0105 si\u0119 martwi\u0107, czy dotrwaj\u0105 w takiej dyspozycji do lutego. Bo na og\u00f3\u0142 jest tak, \u017ce to si\u0119 ca\u0142kowicie zmienia. Czo\u0142\u00f3wka na igrzyska b\u0119dzie si\u0119 kszta\u0142towa\u0107 dopiero na ostatnim etapie sezonu, czyli pocz\u0105wszy od konkurs\u00f3w w Zakopanem w drugi weekend stycznia.<\/p>\n","protected":false},"excerpt":{"rendered":"KRZYSZTOF KAWA: Adam Ma\u0142ysz powiedzia\u0142 niedawno, \u017ce zamiast uporczywie walczy\u0107 w Pucharze \u015awiata o cztery miejsca dla Polski&hellip;\n","protected":false},"author":2,"featured_media":166026,"comment_status":"","ping_status":"","sticky":false,"template":"","format":"standard","meta":{"footnotes":""},"categories":[24],"tags":[4603,20146,67,15023,42,38,40,39,41,136,128,22758,47,1874,127,135,126,130],"class_list":{"0":"post-166025","1":"post","2":"type-post","3":"status-publish","4":"format-standard","5":"has-post-thumbnail","7":"category-sport","8":"tag-adam_malysz","9":"tag-apoloniusz_tajner","10":"tag-intextvideo_splayer","11":"tag-kacper_tomasiak","12":"tag-pl","13":"tag-poland","14":"tag-polish","15":"tag-polska","16":"tag-polski","17":"tag-ps_detal_new","18":"tag-psv2","19":"tag-puchar_swiata_w_skokach_narciarskich","20":"tag-screening_general","21":"tag-skoki_narciarskie","22":"tag-sport","23":"tag-sport_sport","24":"tag-sports","25":"tag-wiadomosci_sportowe"},"share_on_mastodon":{"url":"https:\/\/pubeurope.com\/@pl\/115766042838607001","error":""},"_links":{"self":[{"href":"https:\/\/www.europesays.com\/pl\/wp-json\/wp\/v2\/posts\/166025","targetHints":{"allow":["GET"]}}],"collection":[{"href":"https:\/\/www.europesays.com\/pl\/wp-json\/wp\/v2\/posts"}],"about":[{"href":"https:\/\/www.europesays.com\/pl\/wp-json\/wp\/v2\/types\/post"}],"author":[{"embeddable":true,"href":"https:\/\/www.europesays.com\/pl\/wp-json\/wp\/v2\/users\/2"}],"replies":[{"embeddable":true,"href":"https:\/\/www.europesays.com\/pl\/wp-json\/wp\/v2\/comments?post=166025"}],"version-history":[{"count":0,"href":"https:\/\/www.europesays.com\/pl\/wp-json\/wp\/v2\/posts\/166025\/revisions"}],"wp:featuredmedia":[{"embeddable":true,"href":"https:\/\/www.europesays.com\/pl\/wp-json\/wp\/v2\/media\/166026"}],"wp:attachment":[{"href":"https:\/\/www.europesays.com\/pl\/wp-json\/wp\/v2\/media?parent=166025"}],"wp:term":[{"taxonomy":"category","embeddable":true,"href":"https:\/\/www.europesays.com\/pl\/wp-json\/wp\/v2\/categories?post=166025"},{"taxonomy":"post_tag","embeddable":true,"href":"https:\/\/www.europesays.com\/pl\/wp-json\/wp\/v2\/tags?post=166025"}],"curies":[{"name":"wp","href":"https:\/\/api.w.org\/{rel}","templated":true}]}}