{"id":166051,"date":"2025-12-23T00:45:09","date_gmt":"2025-12-23T00:45:09","guid":{"rendered":"https:\/\/www.europesays.com\/pl\/166051\/"},"modified":"2025-12-23T00:45:09","modified_gmt":"2025-12-23T00:45:09","slug":"karol-nawrocki-skierowal-wazna-ustawe-do-tk-na-tym-polega-problem","status":"publish","type":"post","link":"https:\/\/www.europesays.com\/pl\/166051\/","title":{"rendered":"Karol Nawrocki skierowa\u0142 wa\u017cn\u0105 ustaw\u0119 do TK. &#8222;Na tym polega problem&#8221;"},"content":{"rendered":"<p class=\"ods-c-paragraph \">O decyzji prezydenta poinformowa\u0142 w poniedzia\u0142ek na portalu X jego rzecznik prasowy Rafa\u0142 Le\u015bkiewicz. Napisa\u0142, \u017ce do TK zostanie skierowany wniosek w trybie kontroli nast\u0119pczej.<\/p>\n<p class=\"ods-c-paragraph \">&#8222;Ustawa realizuje wa\u017cny cel spo\u0142eczny: wzmocnienie ochrony \u017cycia i zdrowia uczestnik\u00f3w ruchu oraz skuteczniejsz\u0105 reakcj\u0119 na brawurow\u0105 jazd\u0119 i nielegalne wy\u015bcigi. Ten kierunek \u2014 jako element obowi\u0105zk\u00f3w pa\u0144stwa w zakresie ochrony bezpiecze\u0144stwa publicznego \u2014 jest co do zasady uzasadniony. Problem polega jednak na tym, \u017ce cz\u0119\u015b\u0107 przyj\u0119tych rozwi\u0105za\u0144 zosta\u0142a skonstruowana w spos\u00f3b, kt\u00f3ry budzi powa\u017cne w\u0105tpliwo\u015bci konstytucyjne i mo\u017ce prowadzi\u0107 do skutk\u00f3w nieakceptowalnych w demokratycznym pa\u0144stwie prawa&#8221; \u2014 napisa\u0142 Rafa\u0142 Le\u015bkiewicz.<\/p>\n<p>Dalszy ci\u0105g artyku\u0142u pod materia\u0142em wideo<\/p>\n<p> Jaki cel ma ustawa skierowana do Trybuna\u0142u Konstytucyjnego? <\/p>\n<p> Co wzbudzi\u0142o w\u0105tpliwo\u015bci prezydenta dotycz\u0105ce ustawy? <\/p>\n<p> Jakie kary s\u0105 przewidziane za ra\u017c\u0105ce przekroczenie pr\u0119dko\u015bci? <\/p>\n<p> Kiedy Sejm uchwali\u0142 ustaw\u0119 o zmianie niekt\u00f3rych ustaw w celu poprawy bezpiecze\u0144stwa ruchu drogowego? <\/p>\n<p class=\"ods-c-paragraph \">Wi\u0119cej szczeg\u00f3\u0142\u00f3w dotycz\u0105cych ustawy opisano w komunikacie na stronie KPRP. W\u0105tpliwo\u015bci prezydenta wzbudzi\u0142a m.in. niejasna definicja &#8222;nielegalnego wy\u015bcigu&#8221;. &#8222;Obywatel ma prawo z g\u00f3ry wiedzie\u0107, jakie zachowanie jest przest\u0119pstwem, a organ pa\u0144stwa nie mo\u017ce \u00bbdopowiada\u0107\u00ab granic karalno\u015bci w praktyce&#8221; \u2014 napisano w komunikacie. Wzmiankowana w ustawie penalizacja uczestnik\u00f3w i widz\u00f3w zlot\u00f3w to z kolei \u2014 zdaniem prezydenta \u2014 &#8222;nadmierna ingerencja w wolno\u015b\u0107 zgromadze\u0144&#8221;.<\/p>\n<p class=\"ods-c-paragraph \">&#8222;Skierowanie wniosku do Trybuna\u0142u Konstytucyjnego w trybie kontroli nast\u0119pczej jest uzasadnione nie dlatego, \u017ce pa\u0144stwo nie powinno walczy\u0107 z piractwem drogowym, lecz dlatego, \u017ce nawet s\u0142uszny cel nie legalizuje narz\u0119dzi niezgodnych ze standardami konstytucyjnymi. Prawo represyjne wymaga szczeg\u00f3lnej precyzji i umiaru \u2014 bo operuje sankcj\u0105, stygmatyzacj\u0105 i ingerencj\u0105 w wolno\u015bci jednostki. Je\u017celi przepisy s\u0105 zbyt szerokie albo nieostre, w\u00f3wczas w praktyce nie tylko nie wzmacniaj\u0105 bezpiecze\u0144stwa, ale te\u017c os\u0142abiaj\u0105 autorytet prawa: rodz\u0105 poczucie przypadkowo\u015bci, nier\u00f3wnego traktowania i uznaniowo\u015bci organ\u00f3w&#8221; \u2014 w ten spos\u00f3b uzasadniono w komunikacie decyzj\u0119 prezydenta.<\/p>\n<p>   Za\u0142o\u017cenia projektu ustawy<\/p>\n<p class=\"ods-c-paragraph \">Ustawa o zmianie niekt\u00f3rych ustaw w celu poprawy bezpiecze\u0144stwa ruchu drogowego zosta\u0142a uchwalona przez Sejm na posiedzeniu 7 listopada. W miniony czwartek Sejm opowiedzia\u0142 si\u0119 za poprawkami Senatu, podpis prezydenta mia\u0142 by\u0107 ostatnim etapem procesu legislacyjnego.<\/p>\n<p class=\"ods-c-paragraph \">Projekt ustawy zak\u0142ada m.in., \u017ce za nara\u017cenie cz\u0142owieka na bezpo\u015brednie niebezpiecze\u0144stwo utraty \u017cycia albo uszczerbku na zdrowiu w wyniku ra\u017c\u0105cego przekroczenia pr\u0119dko\u015bci oraz zasad bezpiecze\u0144stwa b\u0119dzie grozi\u0142o od 3 miesi\u0119cy do 5 lat wi\u0119zienia. Nowe przepisy maj\u0105 bezpo\u015brednio uderzy\u0107 w osoby \u015bwiadomie i ra\u017c\u0105co lekcewa\u017c\u0105ce prawo drogowe. Zmiany zak\u0142adaj\u0105 te\u017c, \u017ce z udzia\u0142u w ruchu drogowym maj\u0105 zosta\u0107 wyeliminowani m.in. recydywi\u015bci i posiadacze wielokrotnych zakaz\u00f3w prowadzenia pojazd\u00f3w. Surowsze sankcje maj\u0105 da\u0107 efekt odstraszaj\u0105cy.<\/p>\n","protected":false},"excerpt":{"rendered":"O decyzji prezydenta poinformowa\u0142 w poniedzia\u0142ek na portalu X jego rzecznik prasowy Rafa\u0142 Le\u015bkiewicz. Napisa\u0142, \u017ce do TK&hellip;\n","protected":false},"author":2,"featured_media":166052,"comment_status":"","ping_status":"","sticky":false,"template":"","format":"standard","meta":{"footnotes":""},"categories":[5],"tags":[32,33,36,37,27,43,49,34,35,28,31,48,25,46,1650,42,38,40,39,41,1358,47,29,30,4423,8206,26],"class_list":{"0":"post-166051","1":"post","2":"type-post","3":"status-publish","4":"format-standard","5":"has-post-thumbnail","7":"category-naglowki","8":"tag-breaking-news","9":"tag-breakingnews","10":"tag-featured-news","11":"tag-featurednews","12":"tag-headlines","13":"tag-karol_nawrocki","14":"tag-kraj","15":"tag-latest-news","16":"tag-latestnews","17":"tag-naglowki","18":"tag-najwazniejsze-artykuly","19":"tag-nat_styl","20":"tag-news","21":"tag-omp","22":"tag-palac_prezydencki","23":"tag-pl","24":"tag-poland","25":"tag-polish","26":"tag-polska","27":"tag-polski","28":"tag-samochody_ruch_drogowy_motoryzacja","29":"tag-screening_general","30":"tag-top-stories","31":"tag-topstories","32":"tag-trybunal_konstytucyjny_tk","33":"tag-weto","34":"tag-wiadomosci"},"share_on_mastodon":{"url":"https:\/\/pubeurope.com\/@pl\/115766121353166803","error":""},"_links":{"self":[{"href":"https:\/\/www.europesays.com\/pl\/wp-json\/wp\/v2\/posts\/166051","targetHints":{"allow":["GET"]}}],"collection":[{"href":"https:\/\/www.europesays.com\/pl\/wp-json\/wp\/v2\/posts"}],"about":[{"href":"https:\/\/www.europesays.com\/pl\/wp-json\/wp\/v2\/types\/post"}],"author":[{"embeddable":true,"href":"https:\/\/www.europesays.com\/pl\/wp-json\/wp\/v2\/users\/2"}],"replies":[{"embeddable":true,"href":"https:\/\/www.europesays.com\/pl\/wp-json\/wp\/v2\/comments?post=166051"}],"version-history":[{"count":0,"href":"https:\/\/www.europesays.com\/pl\/wp-json\/wp\/v2\/posts\/166051\/revisions"}],"wp:featuredmedia":[{"embeddable":true,"href":"https:\/\/www.europesays.com\/pl\/wp-json\/wp\/v2\/media\/166052"}],"wp:attachment":[{"href":"https:\/\/www.europesays.com\/pl\/wp-json\/wp\/v2\/media?parent=166051"}],"wp:term":[{"taxonomy":"category","embeddable":true,"href":"https:\/\/www.europesays.com\/pl\/wp-json\/wp\/v2\/categories?post=166051"},{"taxonomy":"post_tag","embeddable":true,"href":"https:\/\/www.europesays.com\/pl\/wp-json\/wp\/v2\/tags?post=166051"}],"curies":[{"name":"wp","href":"https:\/\/api.w.org\/{rel}","templated":true}]}}