{"id":166066,"date":"2025-12-23T00:59:14","date_gmt":"2025-12-23T00:59:14","guid":{"rendered":"https:\/\/www.europesays.com\/pl\/166066\/"},"modified":"2025-12-23T00:59:14","modified_gmt":"2025-12-23T00:59:14","slug":"prezydent-nawrocki-podpisal-ustawe-ministra-zurka-drakonskie-kary-dla-kierowcow","status":"publish","type":"post","link":"https:\/\/www.europesays.com\/pl\/166066\/","title":{"rendered":"Prezydent Nawrocki podpisa\u0142 ustaw\u0119 ministra \u017burka. Drako\u0144skie kary dla kierowc\u00f3w"},"content":{"rendered":"<ul class=\"ods-m-bullet-list\">\n<li class=\"ods-a-bullet ods-a-bullet--bold\"> Prezydent Karol Nawrocki podpisa\u0142 ustaw\u0119 zaostrzaj\u0105c\u0105 kary dla kierowc\u00f3w, wzorowan\u0105 na niemieckich przepisach <\/li>\n<li class=\"ods-a-bullet ods-a-bullet--bold\"> Nowe przepisy obejmuj\u0105 zmiany w siedmiu ustawach, w tym Kodeksie Karnym i Prawie o ruchu drogowym <\/li>\n<li class=\"ods-a-bullet ods-a-bullet--bold\"> Za organizacj\u0119 lub udzia\u0142 w nielegalnych wy\u015bcigach grozi kara wi\u0119zienia od 3 miesi\u0119cy do 5 lat oraz obligatoryjny zakaz prowadzenia pojazd\u00f3w <\/li>\n<li class=\"ods-a-bullet ods-a-bullet--bold\"> Driftowanie i tamowanie ruchu na drodze publicznej s\u0105 teraz osobnymi wykroczeniami z grzywnami do 2500 z\u0142 <\/li>\n<li class=\"ods-a-bullet ods-a-bullet--bold\"> Za z\u0142amanie s\u0105dowego zakazu prowadzenia pojazd\u00f3w wprowadzono do\u017cywotni zakaz prowadzenia oraz mo\u017cliwo\u015b\u0107 konfiskaty samochodu <\/li>\n<li id=\"ods-a-bullet-czat-ai-summary\" data-section=\"ochat-summary-link\" class=\"ods-a-bullet ods-a-bullet--czatai\"> <a href=\"#\"><br \/>\n    Du\u017co czytania, a ma\u0142o czasu? Sprawd\u017a skr\u00f3t artyku\u0142u<br \/>\n<\/a> <\/li>\n<\/ul>\n<p>SPIS TRE\u015aCI<\/p>\n<ol class=\"ods-a-table-of-content__items\">\n<li class=\"ods-a-table-of-content__item\"><a href=\"#toc-chcesz-zorganizowac-motoryzacyjny-spocik-zglos-to-do-gminy-bo-jak-nie-to-bedzie-kara\" class=\"ods-a-table-of-content__link\">Chcesz zorganizowa\u0107 motoryzacyjny &#8222;spocik&#8221;? Zg\u0142o\u015b to do gminy, bo jak nie, to b\u0119dzie kara<\/a><\/li>\n<li class=\"ods-a-table-of-content__item\"><a href=\"#toc-2500-zlotych-mandatu-za-drift-na-ulicy\" class=\"ods-a-table-of-content__link\">2500 z\u0142otych mandatu za drift na ulicy<\/a><\/li>\n<li class=\"ods-a-table-of-content__item\"><a href=\"#toc-nielegalne-wyscigi-zakaz-prowadzenia-pojazdu-i-kara-wiezienia\" class=\"ods-a-table-of-content__link\">Nielegalne wy\u015bcigi: zakaz prowadzenia pojazdu i kara wi\u0119zienia<\/a><\/li>\n<li class=\"ods-a-table-of-content__item\"><a href=\"#toc-zmienia-sie-kara-dla-pijanych-prowadzacych-nieswoje-auta\" class=\"ods-a-table-of-content__link\">Zmienia si\u0119 kara dla pijanych prowadz\u0105cych nieswoje auta<\/a><\/li>\n<li class=\"ods-a-table-of-content__item\"><a href=\"#toc-surowsze-kary-dla-lamiacych-sadowy-zakaz-prowadzenia-pojazdow-legalnie-nie-pojada-juz-nigdy\" class=\"ods-a-table-of-content__link\">Surowsze kary dla \u0142ami\u0105cych s\u0105dowy zakaz prowadzenia pojazd\u00f3w. Legalnie nie pojad\u0105 ju\u017c nigdy<\/a><\/li>\n<\/ol>\n<p class=\"ods-c-paragraph \">Cho\u0107 prezydent Karol Nawrocki nie darzy sympati\u0105 aktualnego kierownictwa resortu sprawiedliwo\u015bci, to w tym przypadku dosz\u0142o do porozumienia ponad podzia\u0142ami \u2014 prezydent podpisa\u0142 Ustaw\u0119 z dnia 4 grudnia 2025 roku o zmianie niekt\u00f3rych ustaw w celu poprawy bezpiecze\u0144stwa ruchu drogowego. Co to za zmiany? Lista znowelizowanych akt\u00f3w prawnych jest d\u0142uga i obejmuje a\u017c siedem wa\u017cnych ustaw, w tym Kodeks wykrocze\u0144, Kodeks Karny, Prawo o ruchu drogowym i ustaw\u0119 o kieruj\u0105cych pojazdami.<\/p>\n<p> Jakie nowe przepisy dotycz\u0105 kierowc\u00f3w? <\/p>\n<p> Jakie kary gro\u017c\u0105 za nielegalne wy\u015bcigi? <\/p>\n<p> Jakie zmiany zasz\u0142y w kwestii z\u0142amania s\u0105dowego zakazu prowadzenia pojazd\u00f3w? <\/p>\n<p> Jakie kary przewidziano za driftowanie na ulicy? <\/p>\n<p class=\"ods-c-paragraph \">Przede wszystkim maj\u0105 one uderzy\u0107 w tych, kt\u00f3rzy organizuj\u0105 nielegalne wy\u015bcigi samochodowe lub w nich uczestnicz\u0105, oraz tych kieruj\u0105cych, kt\u00f3rzy dotychczas ignorowali s\u0105dowe zakazy prowadzenia pojazd\u00f3w (takimi zakazami obj\u0119tych jest kilkaset tysi\u0119cy os\u00f3b w Polsce). Wiele z tych zapis\u00f3w to w znacznej mierze odwzorowanie przepis\u00f3w <a href=\"https:\/\/www.auto-swiat.pl\/wiadomosci\/dozywocie-za-nielegalny-wyscig-i-morderstwo\/e1dcrtc\" id=\"ddcfc0be-5e2f-4a0b-ac27-1aa2bc4d1243\" rel=\"nofollow noopener\" target=\"_blank\">obowi\u0105zuj\u0105cych od lat w Niemczech<\/a>. W znowelizowanych przepisach pojawi\u0142a si\u0119 m.in. definicja nielegalnego wy\u015bcigu pojazd\u00f3w mechanicznych.<\/p>\n<p>   Chcesz zorganizowa\u0107 motoryzacyjny &#8222;spocik&#8221;? Zg\u0142o\u015b to do gminy, bo jak nie, to b\u0119dzie kara<\/p>\n<p class=\"ods-c-paragraph \">Wed\u0142ug nowych przepis\u00f3w trzeba b\u0119dzie zg\u0142asza\u0107 wszystkie, tak\u017ce te nieformalne zloty i spotkania, na kt\u00f3rych pojawi si\u0119 10 lub wi\u0119cej aut, a za z\u0142amanie tego wymogu organizatorowi grozi kara 2 tys z\u0142otych, a nawet kara ograniczenia wolno\u015bci, kary gro\u017c\u0105 te\u017c uczestnikom takich spotka\u0144. Strach jecha\u0107 na parking ze znajomymi!<\/p>\n<p>2500 z\u0142otych mandatu za drift na ulicy<\/p>\n<p class=\"ods-c-paragraph \">Celowe doprowadzenie do utraty styczno\u015bci z nawierzchni\u0105 chocia\u017cby jednego z k\u00f3\u0142 pojazdu mechanicznego \u2014 czyli jazda z po\u015blizgami, czy driftowanie to teraz osobne wykroczenie, za kt\u00f3re grozi\u0107 b\u0119dzie nie mniej ni\u017c 1500 z\u0142 grzywny. Je\u015bli takie zachowanie spowoduje dodatkowo zagro\u017cenie w ruchu drogowym, kara wzro\u015bnie do co najmniej 2500 z\u0142.<\/p>\n<p>   <img decoding=\"async\" src=\"https:\/\/www.europesays.com\/pl\/wp-content\/uploads\/2025\/12\/s9Kk9lBaHR0cHM6Ly9vY2RuLmV1L3B1bHNjbXMvTURBXy83ZTdhMmVmNTY2NTUzN2YyNTQxYzBlNjM5MWZmM2Y2OC5qcGeRlQLNB.jpeg\" height=\"627\" width=\"940\" alt=\"Nielegalny zlot samochodowy. Drift na parkingu pod supermarketem\" loading=\"lazy\" class=\"ods-c-image__img ods-c-image__img--viewport-width\"\/><\/p>\n<p>Nielegalny zlot samochodowy. Drift na parkingu pod supermarketem\u017br\u00f3d\u0142o: Shutterstock \/ FotoDax<\/p>\n<p class=\"ods-c-paragraph \">Za tamowanie ruchu na drodze publicznej (do tej pory zagro\u017cone mandatem w kwocie 500 z\u0142), od teraz mo\u017ce grozi\u0107 nie tylko grzywna, ale i ograniczenie wolno\u015bci \u2014 kara mo\u017ce by\u0107 zaostrzona, je\u015bli do czynu dojdzie przy okazji nielegalnych wy\u015bcig\u00f3w lub spowoduje to zagro\u017cenie bezpiecze\u0144stwa na drodze.<\/p>\n<p>Nielegalne wy\u015bcigi: zakaz prowadzenia pojazdu i kara wi\u0119zienia<\/p>\n<p class=\"ods-c-paragraph \">Nielegalne wy\u015bcigi na drogach publicznych od teraz b\u0119d\u0105 przest\u0119pstwem. Za organizacj\u0119 lub udzia\u0142 w takim wy\u015bcigu grozi\u0107 b\u0119dzie kara pozbawienia wolno\u015bci od 3 miesi\u0119cy do 5 lat.<\/p>\n<blockquote class=\"ods-o-quota\">\n<p class=\"ods-o-quota__paragraph\">art. 115 \u00a7 26 k.k.<\/p>\n<p class=\"ods-o-quota__paragraph\">Nielegalny wy\u015bcig pojazd\u00f3w mechanicznych <\/p>\n<p class=\"ods-o-quota__paragraph\">1) rywalizacja kieruj\u0105cych co najmniej dwoma pojazdami mechanicznymi w ruchu l\u0105dowym, z zamiarem pokonania odcinka drogi w jak najkr\u00f3tszym czasie i z naruszeniem zasad bezpiecze\u0144stwa w ruchu l\u0105dowym lub<\/p>\n<p class=\"ods-o-quota__paragraph\">2) celowe wprowadzenie pojazdu mechanicznego w po\u015blizg lub celowe doprowadzenie do utraty styczno\u015bci z nawierzchni\u0105 chocia\u017cby jednego z k\u00f3\u0142 pojazdu mechanicznego, wykonane w trakcie zgromadzenia zorganizowanego na otwartej lub og\u00f3lnodost\u0119pnej przestrzeni \u2014 odbywaj\u0105ce si\u0119 bez wymaganego zezwolenia.<\/p>\n<\/blockquote>\n<p class=\"ods-c-paragraph \">S\u0105d b\u0119dzie musia\u0142 orzec zakaz prowadzenia pojazd\u00f3w wobec osoby uczestnicz\u0105cej w nielegalnym wy\u015bcigu oraz wobec kierowcy, kt\u00f3ry spowoduje wypadek podczas nielegalnego wy\u015bcigu po drodze publicznej. Spowodowanie wypadku w wyniku &#8222;ra\u017c\u0105cego&#8221; przekraczania pr\u0119dko\u015bci i naruszania innych zasad zagro\u017cone b\u0119dzie kar\u0105 od roku do 10 lat wi\u0119zienia!<\/p>\n<p class=\"ods-c-paragraph \">Wobec sprawc\u00f3w wypadk\u00f3w bior\u0105cych udzia\u0142 w nielegalnych wy\u015bcigach s\u0105dy maj\u0105 obligatoryjnie orzeka\u0107 5 tys. z\u0142 nawi\u0105zki na Fundusz Sprawiedliwo\u015bci.<\/p>\n<p>Zmienia si\u0119 kara dla pijanych prowadz\u0105cych nieswoje auta<\/p>\n<p class=\"ods-c-paragraph \">W znowelizowanych przepisach nie ma ju\u017c obowi\u0105zku zap\u0142acenia przez sprawc\u0119 kary w wysoko\u015bci r\u00f3wnowarto\u015bci pojazdu, gdy pijany kierowca zosta\u0142 przy\u0142apany w aucie, kt\u00f3re nie nale\u017cy do niego. Od teraz taki kierowca zap\u0142aci grzywn\u0119 w kwocie minimum 5 tys. z\u0142otych, a maksymalna kara to 500 tys. z\u0142.<\/p>\n<p>   Surowsze kary dla \u0142ami\u0105cych s\u0105dowy zakaz prowadzenia pojazd\u00f3w. Legalnie nie pojad\u0105 ju\u017c nigdy<\/p>\n<p class=\"ods-c-paragraph \">Od pewnego czasu z\u0142amanie s\u0105dowego zakazu prowadzenia pojazd\u00f3w to przest\u0119pstwo z art. 244 Kodeksu karnego, zagro\u017cone kar\u0105 pozbawienia wolno\u015bci od 3 miesi\u0119cy do 5 lat, ale to nie powstrzymywa\u0142o niekt\u00f3rych od siadania za kierownic\u0119. Teraz do katalogu sankcji dopisano tak\u017ce do\u017cywotni zakaz prowadzenia pojazd\u00f3w, kt\u00f3ry ma by\u0107 obligatoryjnie orzekany w przypadku z\u0142amania czasowego zakazu s\u0105dowego, a s\u0119dziowie nie b\u0119d\u0105 ju\u017c mogli tak swobodnie orzeka\u0107 w takich przypadkach kar w zawieszeniu. Dodatkowo w przypadku os\u00f3b \u0142ami\u0105cych zakaz prowadzenia pojazd\u00f3w s\u0105d b\u0119dzie m\u00f3g\u0142 orzec konfiskat\u0119 samochodu, tak, jak ma to ju\u017c miejsce w przypadku kierowc\u00f3w przy\u0142apanych na je\u017adzie po pijanemu.<\/p>\n","protected":false},"excerpt":{"rendered":"Prezydent Karol Nawrocki podpisa\u0142 ustaw\u0119 zaostrzaj\u0105c\u0105 kary dla kierowc\u00f3w, wzorowan\u0105 na niemieckich przepisach Nowe przepisy obejmuj\u0105 zmiany w&hellip;\n","protected":false},"author":2,"featured_media":166067,"comment_status":"","ping_status":"","sticky":false,"template":"","format":"standard","meta":{"footnotes":""},"categories":[5],"tags":[210,32,33,32839,36,37,16568,27,2642,34,35,1380,28,31,48,25,46,42,38,40,39,41,47,29,30,6158,26,16861],"class_list":{"0":"post-166066","1":"post","2":"type-post","3":"status-publish","4":"format-standard","5":"has-post-thumbnail","7":"category-naglowki","8":"tag-aktualnosci","9":"tag-breaking-news","10":"tag-breakingnews","11":"tag-drift","12":"tag-featured-news","13":"tag-featurednews","14":"tag-grzywna","15":"tag-headlines","16":"tag-kara","17":"tag-latest-news","18":"tag-latestnews","19":"tag-ministerstwo_sprawiedliwosci","20":"tag-naglowki","21":"tag-najwazniejsze-artykuly","22":"tag-nat_styl","23":"tag-news","24":"tag-omp","25":"tag-pl","26":"tag-poland","27":"tag-polish","28":"tag-polska","29":"tag-polski","30":"tag-screening_general","31":"tag-top-stories","32":"tag-topstories","33":"tag-ustawa","34":"tag-wiadomosci","35":"tag-zakaz_prowadzenia_pojazdow"},"share_on_mastodon":{"url":"https:\/\/pubeurope.com\/@pl\/115766176864273746","error":""},"_links":{"self":[{"href":"https:\/\/www.europesays.com\/pl\/wp-json\/wp\/v2\/posts\/166066","targetHints":{"allow":["GET"]}}],"collection":[{"href":"https:\/\/www.europesays.com\/pl\/wp-json\/wp\/v2\/posts"}],"about":[{"href":"https:\/\/www.europesays.com\/pl\/wp-json\/wp\/v2\/types\/post"}],"author":[{"embeddable":true,"href":"https:\/\/www.europesays.com\/pl\/wp-json\/wp\/v2\/users\/2"}],"replies":[{"embeddable":true,"href":"https:\/\/www.europesays.com\/pl\/wp-json\/wp\/v2\/comments?post=166066"}],"version-history":[{"count":0,"href":"https:\/\/www.europesays.com\/pl\/wp-json\/wp\/v2\/posts\/166066\/revisions"}],"wp:featuredmedia":[{"embeddable":true,"href":"https:\/\/www.europesays.com\/pl\/wp-json\/wp\/v2\/media\/166067"}],"wp:attachment":[{"href":"https:\/\/www.europesays.com\/pl\/wp-json\/wp\/v2\/media?parent=166066"}],"wp:term":[{"taxonomy":"category","embeddable":true,"href":"https:\/\/www.europesays.com\/pl\/wp-json\/wp\/v2\/categories?post=166066"},{"taxonomy":"post_tag","embeddable":true,"href":"https:\/\/www.europesays.com\/pl\/wp-json\/wp\/v2\/tags?post=166066"}],"curies":[{"name":"wp","href":"https:\/\/api.w.org\/{rel}","templated":true}]}}