{"id":166073,"date":"2025-12-23T01:06:11","date_gmt":"2025-12-23T01:06:11","guid":{"rendered":"https:\/\/www.europesays.com\/pl\/166073\/"},"modified":"2025-12-23T01:06:11","modified_gmt":"2025-12-23T01:06:11","slug":"zmiany-w-nowej-nadziei-europoslanka-ewa-zajaczkowska-hernik-stracila-funkcje","status":"publish","type":"post","link":"https:\/\/www.europesays.com\/pl\/166073\/","title":{"rendered":"Zmiany w Nowej Nadziei. Europos\u0142anka Ewa Zaj\u0105czkowska-Hernik straci\u0142a funkcj\u0119"},"content":{"rendered":"<p>&#13;<br \/>\n        \t&#8222;Przesta\u0142am pe\u0142ni\u0107 funkcj\u0119 prezesa okr\u0119gu podwarszawskiego&#8221; &#8211; przekaza\u0142a europos\u0142anka Ewa Zaj\u0105czkowska-Hernik. Doda\u0142a, \u017ce by\u0142a to decyzja prezesa partii Nowa Nadzieja. Jest nim S\u0142awomir Mentzen. Polityk zaznaczy\u0142a, \u017ce rozpoczyna si\u0119 dla niej &#8222;czas nowych i odwa\u017cnych inicjatyw&#8221;.&#13;\n        \t<\/p>\n<p>&#8222;Decyzj\u0105 prezesa partii Nowa Nadzieja, przesta\u0142am pe\u0142ni\u0107 funkcj\u0119 prezesa okr\u0119gu podwarszawskiego&#8221; &#8211; napisa\u0142a europos\u0142anka Ewa Zaj\u0105czkowska-Hernik w mediach spo\u0142eczno\u015bciowych. &#8222;To by\u0142o dla mnie niezwykle cenne do\u015bwiadczenie polityczne&#8221; &#8211; doda\u0142a.<\/p>\n<p>\u00a0<\/p>\n<p>Polityk zaznaczy\u0142a, \u017ce bardzo si\u0119 cieszy, \u017ce &#8222;okr\u0119g uda\u0142o si\u0119 zintegrowa\u0107 i postawi\u0107 na nogi&#8221;. &#8222;Jest w nim mn\u00f3stwo warto\u015bciowych, pracowitych i oddanych Polsce os\u00f3b. Dzi\u0119kuj\u0119 wszystkim za wsparcie, zaanga\u017cowanie i ka\u017cde dobre s\u0142owo!&#8221; &#8211; przekaza\u0142a.<\/p>\n<p>Nowa Nadzieja. Ewa Zaj\u0105czkowska-Hernik straci\u0142a funkcj\u0119 w partii<\/p>\n<p>Europos\u0142anka zaznaczy\u0142a, \u017ce rozpoczyna si\u0119 dla niej &#8222;czas nowych i odwa\u017cnych inicjatyw&#8221;. Przekaza\u0142a, \u017ce zamierza zaanga\u017cowa\u0107 si\u0119 w prac\u0119 &#8222;jeszcze mocniej i wej\u015b\u0107 na kolejny, nowy poziom politycznej dzia\u0142alno\u015bci&#8221;.<\/p>\n<p>\u00a0<\/p>\n<p>&#8222;Jestem pewna, \u017ce nadchodz\u0105cy rok b\u0119dzie wyj\u0105tkowy i prze\u0142omowy! Musimy wsp\u00f3lnie zrobi\u0107 mocny rozbieg przed wyborami parlamentarnymi w 2027 roku, kt\u00f3re b\u0119d\u0105 kluczowe dla przysz\u0142o\u015bci Polski!&#8221; &#8211; podsumowa\u0142a polityk.<\/p>\n<p>\u00a0<\/p>\n<p>\u00a0<\/p>\n<p>\u00a0<\/p>\n<p>\u00a0<\/p>\n<p>ZOBACZ: <a href=\"https:\/\/www.polsatnews.pl\/wiadomosc\/2025-12-14\/operacja-sabotaz-anonimowosc-i-latwe-pieniadze-tak-rekrutuja-rosyjskie-sluzby\/\" target=\"_blank\" rel=\"noopener noreferrer nofollow\">&#8222;Operacja: Sabota\u017c&#8221;. Anonimowo\u015b\u0107 i &#8222;\u0142atwe&#8221; pieni\u0105dze. Tak rekrutuj\u0105 rosyjskie s\u0142u\u017cby<\/a><\/p>\n<p>\u00a0<\/p>\n<p>Nowa Nadzieja to partia za\u0142o\u017cona przez Janusza Korwina-Mikkego w 2015 roku. Obecnie jej prezesem jest S\u0142awomir Mentzen.<\/p>\n<p>\u00a0<\/p>\n<p>W listopadzie S\u0105d Okr\u0119gowy w Warszawie zdecydowa\u0142 o wykre\u015bleniu Nowej Nadziei z ewidencji partii politycznych. Wniosek w tej sprawie skierowa\u0142a Pa\u0144stwowa Komisja Wyborcza, a powodem by\u0142o niez\u0142o\u017cenie przez parti\u0119 Mentzena sprawozdania finansowego za 2024 roku.<\/p>\n<p>\u00a0<\/p>\n<p>Widzia\u0142e\u015b co\u015b wa\u017cnego? Przy\u015blij zdj\u0119cie, film lub napisz, co si\u0119 sta\u0142o. Skorzystaj z naszej <a href=\"https:\/\/www.polsatnews.pl\/platforma-widzow\/\" target=\"_blank\" rel=\"noopener noreferrer nofollow\">Wrzutni<\/a><\/p>\n<p>                <img decoding=\"async\" src=\"https:\/\/www.europesays.com\/pl\/wp-content\/uploads\/2025\/12\/1766083334_57_ssodfg7uk74hkfqk22f6xg1q8s9udiq7.jpg\" alt=\"\" itemprop=\"contentUrl\" style=\"position:absolute; width: 100%; max-height: 100%;\"\/><video controls=\"\" controlslist=\"nodownload\" poster=\"https:\/\/www.europesays.com\/pl\/wp-content\/uploads\/2025\/12\/1766083334_57_ssodfg7uk74hkfqk22f6xg1q8s9udiq7.jpg\" class=\"videoPlayer player6855791 news__video\" data-id=\"6855791\">Twoja przegl\u0105darka nie wspiera odtwarzacza wideo&#8230;<\/video><\/p>\n<p>                <a class=\"news__read-more-button\" href=\"https:\/\/www.polsatnews.pl\/\" rel=\"nofollow noopener\" target=\"_blank\">Czytaj wi\u0119cej<\/a><\/p>\n<p>\t\t\tChcesz by\u0107 na bie\u017c\u0105co z najnowszymi newsami?<\/p>\n<p class=\"app-ad__preview\">Jeste\u015bmy w aplikacji na Tw\u00f3j telefon. Sprawd\u017a\u00a0nas!<\/p>\n","protected":false},"excerpt":{"rendered":"&#13; &#8222;Przesta\u0142am pe\u0142ni\u0107 funkcj\u0119 prezesa okr\u0119gu podwarszawskiego&#8221; &#8211; przekaza\u0142a europos\u0142anka Ewa Zaj\u0105czkowska-Hernik. Doda\u0142a, \u017ce by\u0142a to decyzja prezesa&hellip;\n","protected":false},"author":2,"featured_media":166074,"comment_status":"","ping_status":"","sticky":false,"template":"","format":"standard","meta":{"footnotes":""},"categories":[5],"tags":[32,33,36,37,27,34,35,28,31,25,42,38,40,39,41,29,30,26],"class_list":{"0":"post-166073","1":"post","2":"type-post","3":"status-publish","4":"format-standard","5":"has-post-thumbnail","7":"category-naglowki","8":"tag-breaking-news","9":"tag-breakingnews","10":"tag-featured-news","11":"tag-featurednews","12":"tag-headlines","13":"tag-latest-news","14":"tag-latestnews","15":"tag-naglowki","16":"tag-najwazniejsze-artykuly","17":"tag-news","18":"tag-pl","19":"tag-poland","20":"tag-polish","21":"tag-polska","22":"tag-polski","23":"tag-top-stories","24":"tag-topstories","25":"tag-wiadomosci"},"share_on_mastodon":{"url":"https:\/\/pubeurope.com\/@pl\/115766204304717137","error":""},"_links":{"self":[{"href":"https:\/\/www.europesays.com\/pl\/wp-json\/wp\/v2\/posts\/166073","targetHints":{"allow":["GET"]}}],"collection":[{"href":"https:\/\/www.europesays.com\/pl\/wp-json\/wp\/v2\/posts"}],"about":[{"href":"https:\/\/www.europesays.com\/pl\/wp-json\/wp\/v2\/types\/post"}],"author":[{"embeddable":true,"href":"https:\/\/www.europesays.com\/pl\/wp-json\/wp\/v2\/users\/2"}],"replies":[{"embeddable":true,"href":"https:\/\/www.europesays.com\/pl\/wp-json\/wp\/v2\/comments?post=166073"}],"version-history":[{"count":0,"href":"https:\/\/www.europesays.com\/pl\/wp-json\/wp\/v2\/posts\/166073\/revisions"}],"wp:featuredmedia":[{"embeddable":true,"href":"https:\/\/www.europesays.com\/pl\/wp-json\/wp\/v2\/media\/166074"}],"wp:attachment":[{"href":"https:\/\/www.europesays.com\/pl\/wp-json\/wp\/v2\/media?parent=166073"}],"wp:term":[{"taxonomy":"category","embeddable":true,"href":"https:\/\/www.europesays.com\/pl\/wp-json\/wp\/v2\/categories?post=166073"},{"taxonomy":"post_tag","embeddable":true,"href":"https:\/\/www.europesays.com\/pl\/wp-json\/wp\/v2\/tags?post=166073"}],"curies":[{"name":"wp","href":"https:\/\/api.w.org\/{rel}","templated":true}]}}