{"id":166082,"date":"2025-12-23T01:14:15","date_gmt":"2025-12-23T01:14:15","guid":{"rendered":"https:\/\/www.europesays.com\/pl\/166082\/"},"modified":"2025-12-23T01:14:15","modified_gmt":"2025-12-23T01:14:15","slug":"znamy-odpowiedzi-na-pytania-o-sytuacje-nielsa-frederiksena-i-luisa-palmy","status":"publish","type":"post","link":"https:\/\/www.europesays.com\/pl\/166082\/","title":{"rendered":"Znamy odpowiedzi na pytania o sytuacje Nielsa Frederiksena i Luisa Palmy"},"content":{"rendered":"<p>Lech Pozna\u0144 zrealizowa\u0142 podstawowe cele postawione przed dru\u017cyn\u0105 przed rund\u0105 jesienn\u0105 i pozostaje w grze na wszystkich trzech frontach \u2014 Ekstraklasie, Pucharze Polski oraz Lidze Konferencji, ale to nie znaczy, \u017ce ze wszystkiego s\u0105 przy Bu\u0142garskiej zadowoleni. Oto, jakie wnioski przed drug\u0105 cz\u0119\u015bci\u0105 sezonu wyci\u0105gni\u0119to w Poznaniu. Wiemy mi\u0119dzy innymi, co zadecyduje o przysz\u0142o\u015bci trenera Nielsa Frederiksena oraz sk\u0105d obni\u017cka formy Luisa Palmy i czy Honduranin mo\u017ce zosta\u0107 w zespole po zako\u0144czeniu wypo\u017cyczenia.<\/p>\n<p>Pa\u017adziernikowy do\u0142ek<\/p>\n<p class=\"Paragraph_desktopParagraph__Fd2e9\">Przede wszystkim \u2014 w klubie s\u0105 zadowoleni z reakcji sztabu szkoleniowego na najgorszy moment rozgrywek, czyli okres mi\u0119dzy pa\u017adziernikow\u0105 a listopadow\u0105 przerw\u0105 na mecze reprezentacji. Oczywi\u015bcie Lech miewa\u0142 wahania formy od samego pocz\u0105tku, ale w tym czasie odni\u00f3s\u0142 ledwie jedno zwyci\u0119stwo w siedmiu spotkaniach i to takie, po kt\u00f3rym i tak nie zas\u0142u\u017cy\u0142 na pochwa\u0142y \u2014 wym\u0119czone, nerwowe 2:1 nad IV-ligowym Gryfem w S\u0142upsku w PP. Fatalny bilans. Jednak Frederiksen ze wsp\u00f3\u0142pracownikami odpowiednio zadzia\u0142ali podczas listopadowej pauzy i po wznowieniu rozgrywek nast\u0105pi\u0142a znaczna i tak wyczekiwana poprawa. Co zrobili?<\/p>\n<p class=\"VideoPlayerText_videoPlayerText__zrtJk\">Dalszy ci\u0105g materia\u0142u pod wideo<\/p>\n<p class=\"Paragraph_desktopParagraph__Fd2e9\">Po pierwsze, wysoki pressing. W poprzedniej kampanii Kolejorz broni\u0142 w ten spos\u00f3b najagresywniej i najintensywniej w Ekstraklasie \u2014 \u015brednio co 9,8 poda\u0144 rywali wymienionych na ich po\u0142owie podejmowa\u0142 akcj\u0119 defensywn\u0105 (tzw. PPDA za Opt\u0105). To by\u0142a jedna z charakterystycznych cech ekipy z Poznania, zgodna z modelem gry przyj\u0119tym przy Bu\u0142garskiej, kt\u00f3ra pomog\u0142a zdoby\u0107 upragnione mistrzostwo. Tyle \u017ce co\u015b, co dzia\u0142a\u0142o przy wyst\u0119pach raz w tygodniu, przesta\u0142o funkcjonowa\u0107 przy grze co trzy, cztery dni, bez mo\u017cliwo\u015bci trening\u00f3w i odpoczynku, z wieloma podr\u00f3\u017cami, r\u00f3wnie\u017c zagranicznymi. Dlatego lechici stopniowo coraz rzadziej podejmowali pr\u00f3by odbioru daleko na po\u0142owie przeciwnik\u00f3w i na finiszu jesieni s\u0105 dopiero 14. zespo\u0142em w naszej lidze (PPDA 12,09).<\/p>\n<p class=\"Paragraph_desktopParagraph__Fd2e9\">Oczywi\u015bcie to sprzeczne z d\u0142ugofalowymi za\u0142o\u017ceniami, ale rzeczywisto\u015b\u0107 wymaga\u0142a reakcji. Przy Bu\u0142garskiej zdiagnozowali, \u017ce przy takim nat\u0142oku mecz\u00f3w musz\u0105 staranniej wybiera\u0107 moment skoku pressingowego, by dru\u017cyna by\u0142a bardziej kompaktowo ustawiona i tym samym gotowa do reakcji na strat\u0119. Ten proces zacz\u0105\u0142 si\u0119 tak naprawd\u0119 ju\u017c we wrze\u015bniu, co by\u0142o wida\u0107 cho\u0107by w Niecieczy w potyczce z Bruk-Betem Termalic\u0105 (2:0), aczkolwiek ostateczna poprawa nast\u0105pi\u0142a dopiero w listopadzie, kiedy do\u0142o\u017cono drugi czynnik, na kt\u00f3rego popraw\u0119 k\u0142adziono nacisk. Obron\u0119 pola karnego.<\/p>\n<p class=\"Paragraph_desktopParagraph__Fd2e9\">\u2014 Chcemy broni\u0107, jakby zale\u017ca\u0142o od tego nasze \u017cycie \u2014 obrazowo t\u0142umaczy\u0142 du\u0144ski szkoleniowiec, ale faktycznie w ostatnich siedmiu spotkaniach roku lechici zacz\u0119li gra\u0107 tak, jakby faktycznie od ochrony w\u0142asnej bramki zale\u017ca\u0142a ich egzystencja. Ju\u017c w potyczce z Radomiakiem (4:1) Kolejorz pobi\u0142 sw\u00f3j rekord zablokowanych strza\u0142\u00f3w \u2014 11, przy \u015bredniej przed tamt\u0105 rywalizacj\u0105 3,43. Niebo i ziemia. A co kluczowe, w kolejnych meczach utrzymano ten poziom.<\/p>\n<p class=\"Paragraph_desktopParagraph__Fd2e9\">Symbolem przemiany mo\u017ce by\u0107 Palma. Na pocz\u0105tku sierpnia Honduranin w pierwszym starciu z Crven\u0105 Zvezd\u0105 Belgrad (1:3) kompletnie odpu\u015bci\u0142 krycie Rade Krunicia, a niepilnowany Serb da\u0142 go\u015bciom prowadzenie przy Bu\u0142garskiej (sztab zwraca\u0142 na to uwag\u0119). I ten sam Honduranin w grudniu w rywalizacji z Cracovi\u0105 (2:2) jecha\u0142 w\u015blizgiem w swoim polu karnym, by asekurowa\u0107 blokuj\u0105cego w ten sam spos\u00f3b do\u015brodkowanie Micha\u0142a Gurgula. A sk\u0105d a\u017c taka transformacja?<\/p>\n<p><img decoding=\"async\" src=\"https:\/\/www.europesays.com\/pl\/wp-content\/uploads\/2025\/12\/luis-palma.jpg\" alt=\"Luis Palma\" width=\"944\" height=\"629\" loading=\"lazy\" class=\"\" \/>Luis Palma (Foto: Arkadiusz Modli\u0144ski \/ newspix.pl)<\/p>\n<p class=\"Paragraph_desktopParagraph__Fd2e9\">Us\u0142yszeli\u015bmy przy Bu\u0142garskiej, \u017ce w\u0142a\u015bnie dzi\u0119ki stanowczemu, ch\u0142odnemu podej\u015bciu Frederiksena oraz sztabu. Zachowanie Palmy wytykano na odprawach, zwracano mu na to klarownie uwag\u0119 i zapowiadano bezwzgl\u0119dne wyci\u0105ganie konsekwencji. Nie b\u0119dziesz tego robi\u0142? W porz\u0105dku, albo zejdziesz jako pierwszy zaraz na pocz\u0105tku drugiej po\u0142owy, albo w og\u00f3le przesiedzisz w rezerwie. Nie mo\u017ce by\u0107 tak, \u017ce jako jedyny odpuszczasz i koniec. W pewnym sensie podobnie by\u0142o p\u00f3\u0142tora roku wcze\u015bniej z nadwag\u0105 Antonio Milicia \u2014 Chorwat stan\u0105\u0142 przed wyborem: gubi zb\u0119dne kilogramy lub nie b\u0119dzie mowy o miejscu w podstawowym sk\u0142adzie. Prosta sprawa.<\/p>\n<p>Dzia\u0142 naukowy zadecyduje<\/p>\n<p class=\"Paragraph_desktopParagraph__Fd2e9\">Ponadto w klubie s\u0105 zadowoleni z intensywno\u015bci, kt\u00f3r\u0105 zawodnicy prezentowali u schy\u0142ku rundy, w\u0142a\u015bnie po listopadowej przerwie. W Poznaniu dzia\u0142anie w odpowiednim tempie to jeden z fundament\u00f3w, na kt\u00f3rych chc\u0105 budowa\u0107 swoj\u0105 pozycj\u0119 w europejskim futbolu, ale w tym sezonie w Ekstraklasie Kolejorz nie brylowa\u0142 pod tym wzgl\u0119dem. Zapytali\u015bmy szefostwo, czy to aby ich nie martwi, ale odpowiedziano nam, \u017ce nie, w\u0142a\u015bnie w zwi\u0105zku z finiszem.<\/p>\n<p class=\"Paragraph_desktopParagraph__Fd2e9\">Sztab by\u0142 w stanie pod koniec roku ponownie wznie\u015b\u0107 dru\u017cyn\u0119 na odpowiedni poziom \u2014 taki wniosek wyci\u0105gni\u0119to i faktycznie, potwierdzaj\u0105 to dane. W ostatnich trzech kolejkach Ekstraklasy lechici mia\u017cd\u017cyli konkurencj\u0119 w biegach o wysokiej intensywno\u015bci (sprinty \u2014 pr\u0119dko\u015b\u0107 powy\u017cej 25,2 km na godz. \u2014 plus szybkie biegi \u2014 pr\u0119dko\u015b\u0107 mi\u0119dzy 19,81 a 25,2 km na godz.) \u2014 wykonali ich 2143, a\u017c o 104 wi\u0119cej ni\u017c kolejny w tym aspekcie Piast Gliwice (2039).<\/p>\n<p class=\"Paragraph_desktopParagraph__Fd2e9\">Utrzymanie takiego poziomu gry w szeroko rozumianym wysokim pressingu, obronie pola karnego oraz intensywno\u015bci \u2014 oto cele na wiosn\u0119, kt\u00f3re maj\u0105 pom\u00f3c osi\u0105ga\u0107 sukcesy.<\/p>\n<p class=\"Paragraph_desktopParagraph__Fd2e9\">Z ko\u0144cem czerwca up\u0142ywa wa\u017cno\u015b\u0107 umowy wi\u0105\u017c\u0105cej Frederiksena z Lechem, a przy Bu\u0142garskiej wci\u0105\u017c nie podj\u0119to decyzji, czy przed\u0142u\u017ca\u0107 wsp\u00f3\u0142prac\u0119. Naturalnie dzia\u0142acze pozostaj\u0105 w tej sprawie w kontakcie ze szkoleniowcem oraz jego agentem, by wszystkie strony wiedzia\u0142y, na czym stoj\u0105. Co zadecyduje o przysz\u0142o\u015bci Du\u0144czyka? W pewnym stopniu oczekiwane sukcesy, ale nie tylko.<\/p>\n<p class=\"Paragraph_desktopParagraph__Fd2e9\">Co to konkretnie znaczy? Ot\u00f3\u017c oczywi\u015bcie kompletna klapa na wszystkich frontach oznacza\u0142aby koniec kariery Frederiksena w Poznaniu, ale brak mistrzostwa kraju ju\u017c niekoniecznie. Podczas spotkania z w\u0142adzami Kolejorza pad\u0142o pytanie, czy gdyby zesp\u00f3\u0142 przegra\u0142 tytu\u0142 o punkt, ale pozostawi\u0142 po sobie dobre wra\u017cenie, to czy trener dosta\u0142by ofert\u0119 nowej umowy? W\u0142adze zaprzeczy\u0142y. Bo nikt nie b\u0119dzie bazowa\u0142 na wra\u017ceniu, tylko na twardych danych. S\u0142owem, o losie Du\u0144czyka w pewnym sensie zadecyduje dzia\u0142 naukowy. Ten departament zbiera zaawansowane liczby, na podstawie kt\u00f3rych sprawdza, czy zesp\u00f3\u0142 idzie odpowiedni\u0105 \u015bcie\u017ck\u0105 rozwoju i osi\u0105ga wymagane parametry, np. liczb\u0119 wej\u015b\u0107 w pole karne czy on-ball value (miara, kt\u00f3ra pokazuje wp\u0142yw \u2014 negatywny lub pozytywny \u2014 ka\u017cdego dzia\u0142ania na gr\u0119). Je\u017celi Lech finiszowa\u0142by drugi czy trzeci w Ekstraklasie, ale w zaawansowanych liczbach wygl\u0105da\u0142 dobrze, to znaczy dru\u017cyna rozwija\u0142aby si\u0119 zgodnie z planem, kontrakt zosta\u0142by prolongowany. Tak dzia\u0142aj\u0105 w stolicy Wielkopolski.<\/p>\n<p class=\"Paragraph_desktopParagraph__Fd2e9\">Nawet je\u015bli Frederiksen zostanie, to ju\u017c bez swojej prawej r\u0119ki \u2014 Sindre Tjelmelanda. Norweg na pewno odejdzie po zako\u0144czeniu sezonu, a przy Bu\u0142garskiej ju\u017c trwa proces szukania jego nast\u0119pcy, r\u00f3wnolegle z rekrutacj\u0105 do uzupe\u0142niania po odej\u015bciu ze sztabu Markusa Uglebjerga. Dyrektor sportowy Tomasz Rz\u0105sa odbywa spotkania z kandydatami, docelowo od lipca \u2014 gdyby Frederiksen zosta\u0142 \u2014 do dru\u017cyny mia\u0142by do\u0142\u0105czy\u0107 r\u00f3wnie kompetentny trener jak Tjelmeland (ten obejmie norweski Molde FK).<\/p>\n<p class=\"Paragraph_desktopParagraph__Fd2e9\">A czy w Poznaniu zostanie wspomniany ju\u017c Palma? Decyzja nie zosta\u0142a jeszcze podj\u0119ta. Nie ma szans, by zbi\u0107 sum\u0119 odst\u0119pnego wpisanego w umow\u0119 wypo\u017cyczenia z Celticu (nieoficjalnie \u2014 ponad 4 mln euro), a w drugiej cz\u0119\u015bci jesieni Honduranin ju\u017c tak nie b\u0142yszcza\u0142. Jako g\u0142\u00f3wny pow\u00f3d obni\u017cki formy upatruje si\u0119 brak awansu z reprezentacj\u0105 na mistrzostwa \u015bwiata 2026, co bardzo dotkn\u0119\u0142o pomocnika, ale dopiero wiosna poka\u017ce, czy tak faktycznie by\u0142o i pi\u0142karz zn\u00f3w b\u0119dzie czarowa\u0142. Tylko je\u015bli tak si\u0119 stanie i Palma naprawd\u0119 b\u0119dzie si\u0119 wyr\u00f3\u017cnia\u0142, przy Bu\u0142garskiej zdecyduj\u0105 si\u0119 wy\u0142o\u017cy\u0107 tak du\u017c\u0105 sum\u0119.<\/p>\n","protected":false},"excerpt":{"rendered":"Lech Pozna\u0144 zrealizowa\u0142 podstawowe cele postawione przed dru\u017cyn\u0105 przed rund\u0105 jesienn\u0105 i pozostaje w grze na wszystkich trzech&hellip;\n","protected":false},"author":2,"featured_media":166083,"comment_status":"","ping_status":"","sticky":false,"template":"","format":"standard","meta":{"footnotes":""},"categories":[24],"tags":[3106,274,67,2806,8653,5368,42,38,40,39,41,136,128,47,32840,127,135,126,130],"class_list":{"0":"post-166082","1":"post","2":"type-post","3":"status-publish","4":"format-standard","5":"has-post-thumbnail","7":"category-sport","8":"tag-dzis_pisza_dla_was","9":"tag-ekstraklasa","10":"tag-intextvideo_splayer","11":"tag-lech_poznan","12":"tag-luis_palma","13":"tag-niels_frederiksen","14":"tag-pl","15":"tag-poland","16":"tag-polish","17":"tag-polska","18":"tag-polski","19":"tag-ps_detal_new","20":"tag-psv2","21":"tag-screening_general","22":"tag-sindre_tjelmeland","23":"tag-sport","24":"tag-sport_sport","25":"tag-sports","26":"tag-wiadomosci_sportowe"},"share_on_mastodon":{"url":"https:\/\/pubeurope.com\/@pl\/115766235500089430","error":""},"_links":{"self":[{"href":"https:\/\/www.europesays.com\/pl\/wp-json\/wp\/v2\/posts\/166082","targetHints":{"allow":["GET"]}}],"collection":[{"href":"https:\/\/www.europesays.com\/pl\/wp-json\/wp\/v2\/posts"}],"about":[{"href":"https:\/\/www.europesays.com\/pl\/wp-json\/wp\/v2\/types\/post"}],"author":[{"embeddable":true,"href":"https:\/\/www.europesays.com\/pl\/wp-json\/wp\/v2\/users\/2"}],"replies":[{"embeddable":true,"href":"https:\/\/www.europesays.com\/pl\/wp-json\/wp\/v2\/comments?post=166082"}],"version-history":[{"count":0,"href":"https:\/\/www.europesays.com\/pl\/wp-json\/wp\/v2\/posts\/166082\/revisions"}],"wp:featuredmedia":[{"embeddable":true,"href":"https:\/\/www.europesays.com\/pl\/wp-json\/wp\/v2\/media\/166083"}],"wp:attachment":[{"href":"https:\/\/www.europesays.com\/pl\/wp-json\/wp\/v2\/media?parent=166082"}],"wp:term":[{"taxonomy":"category","embeddable":true,"href":"https:\/\/www.europesays.com\/pl\/wp-json\/wp\/v2\/categories?post=166082"},{"taxonomy":"post_tag","embeddable":true,"href":"https:\/\/www.europesays.com\/pl\/wp-json\/wp\/v2\/tags?post=166082"}],"curies":[{"name":"wp","href":"https:\/\/api.w.org\/{rel}","templated":true}]}}