{"id":166094,"date":"2025-12-23T01:25:03","date_gmt":"2025-12-23T01:25:03","guid":{"rendered":"https:\/\/www.europesays.com\/pl\/166094\/"},"modified":"2025-12-23T01:25:03","modified_gmt":"2025-12-23T01:25:03","slug":"chiny-tymczasowo-podniosly-stawki-celne-na-niektore-produkty-z-ue","status":"publish","type":"post","link":"https:\/\/www.europesays.com\/pl\/166094\/","title":{"rendered":"Chiny tymczasowo podnios\u0142y stawki celne na niekt\u00f3re produkty z UE"},"content":{"rendered":"<ul class=\"typography ids-typeset-body ids-typeset-body--preset-large list ids-list ids-list--unordered ids-list--size-large \" datatype=\"disc\">\n<li class=\"ids-list-item\">\n<p>Chiny na\u0142o\u017cy\u0142y c\u0142a do 42,7 proc. na unijne produkty mleczne w odpowiedzi na wcze\u015bniejsze taryfy na chi\u0144skie samochody elektryczne.<\/p>\n<\/li>\n<li class=\"ids-list-item\">\n<p>Bruksela uzna\u0142a nowe c\u0142a za &#8222;bezzasadne i nieusprawiedliwione&#8221;.<\/p>\n<\/li>\n<li class=\"ids-list-item\">\n<p>Dochody z eksportu unijnych produkt\u00f3w mlecznych do Chin wynios\u0142y w 2024 roku 589 mln dolar\u00f3w.<\/p>\n<\/li>\n<li class=\"ids-list-item\">Wi\u0119cej podobnych informacji znajdziesz na <a class=\"ids-undecorated-link link ids-link link\" href=\"https:\/\/biznes.interia.pl\/#utm_source=Biznes&amp;utm_medium=bullet&amp;utm_campaign=powrot_z_wew&amp;iwa_source=bullet\" target=\"_blank\" rel=\"nofollow noopener\">stronie g\u0142\u00f3wnej serwisu<\/a><\/li>\n<\/ul>\n<p class=\"typography ids-typeset-body ids-typeset-body--preset-large link paragraph ids-paragraph ids-paragraph--default\">Chiny poinformowa\u0142y w poniedzia\u0142ek, \u017ce w zwi\u0105zku z zako\u0144czeniem pierwszej fazy dochodzenia w sprawie subsydi\u00f3w nak\u0142adaj\u0105 tymczasowe c\u0142a w wysoko\u015bci do 42,7 proc. na niekt\u00f3re produkty mleczne importowane z Unii Europejskiej.<\/p>\n<ul class=\"typography ids-typeset-body ids-typeset-body--preset-small list--article-list ids-list ids-list--unordered ids-list--size-small \" datatype=\"disc\">\n<li class=\"ids-list-item ids-list-item__content brief-list-item\"><a class=\"ids-undecorated-link link ids-link \" data-spons=\"false\" href=\"https:\/\/biznes.interia.pl\/gospodarka\/news-chiny-oglosily-cla-na-europejska-wieprzowine-wywola-to-reakc,nId,8018525\" rel=\"nofollow noopener\" target=\"_blank\">Chiny og\u0142osi\u0142y c\u0142a na europejsk\u0105 wieprzowin\u0119. &#8222;Wywo\u0142a to reakcj\u0119 \u0142a\u0144cuchow\u0105&#8221;<\/a><\/li>\n<li class=\"ids-list-item ids-list-item__content brief-list-item\"><a class=\"ids-undecorated-link link ids-link \" data-spons=\"false\" href=\"https:\/\/biznes.interia.pl\/gospodarka\/news-ue-blokuje-dostep-chin-do-rynku-medycznego-na-szali-miliardy,nId,7987119\" rel=\"nofollow noopener\" target=\"_blank\">UE blokuje dost\u0119p Chin do rynku medycznego. Na szali miliardy euro<\/a><\/li>\n<\/ul>\n<p class=\"typography ids-typeset-body ids-typeset-body--preset-large link paragraph ids-paragraph ids-paragraph--default\">Nowe stawki celne zaczn\u0105 obowi\u0105zywa\u0107 od wtorku i wynosi\u0107 b\u0119d\u0105 od 21,9 proc. do 42,7 proc., cho\u0107 wi\u0119kszo\u015b\u0107 firm zap\u0142aci oko\u0142o 30 proc.<\/p>\n<p>Chiny wspieraj\u0105 motoryzacj\u0119, UE mleczarstwo. Wojna na stawki celne na subsydiowane produkty<\/p>\n<p class=\"typography ids-typeset-body ids-typeset-body--preset-large link paragraph ids-paragraph ids-paragraph--default\">Jak wyja\u015bni\u0142o chi\u0144skie ministerstwo handlu, dochodzenie w sprawie subsydi\u00f3w wykaza\u0142o, \u017ce importowane z UE produkty mleczne s\u0105 subsydiowane, co powoduje straty dla chi\u0144skich producent\u00f3w.<\/p>\n<p class=\"typography ids-typeset-body ids-typeset-body--preset-large link paragraph ids-paragraph ids-paragraph--default\">Agencja Reutera zwr\u00f3ci\u0142a jednak uwag\u0119, \u017ce dochodzenie w sprawie subsydi\u00f3w jest powszechnie postrzegane jako odwet za c\u0142a na\u0142o\u017cone przez UE na chi\u0144skie samochody elektryczne i w ramach tych retorsji w\u0142adze chi\u0144skie wcze\u015bniej na\u0142o\u017cy\u0142y c\u0142a tak\u017ce na brandy i wieprzowin\u0119. Przypomnia\u0142a te\u017c, \u017ce nowo og\u0142oszone stawki nie s\u0105 ostateczne i mog\u0105 zosta\u0107 obni\u017cone po wydaniu ostatecznego orzeczenia &#8211; tak samo, jak by\u0142o w przypadku wieprzowiny. W ubieg\u0142ym tygodniu Chiny, po zako\u0144czeniu dochodzenia w sprawie subsydiowania wieprzowiny, znacznie obni\u017cy\u0142y tymczasowe stawki.<\/p>\n<p class=\"typography ids-typeset-body ids-typeset-body--preset-large link paragraph ids-paragraph ids-paragraph--default\">Chi\u0144skie ministerstwo handlu informowa\u0142o, \u017ce negocjacje w sprawie unijnych ce\u0142 na chi\u0144skie pojazdy elektryczne zosta\u0142y wznowione w tym miesi\u0105cu, ale rozmowy mia\u0142y zako\u0144czy\u0107 si\u0119 w zesz\u0142ym tygodniu i od tego czasu nie og\u0142oszono \u017cadnych nowych informacji.<\/p>\n<p>Bruksela protestuje w sprawie chi\u0144skich ce\u0142 na produkty mleczne. &#8222;Nieusprawiedliwione i bezzasadne&#8221;<\/p>\n<p class=\"typography ids-typeset-body ids-typeset-body--preset-large link paragraph ids-paragraph ids-paragraph--default\">W 2024 r. warto\u015b\u0107 importowanych z UE produkt\u00f3w mlecznych, kt\u00f3rych dotycz\u0105 nowe stawki celne, wynios\u0142a 589 mln dolar\u00f3w i by\u0142a podobna jak rok wcze\u015bniej.<\/p>\n<p class=\"typography ids-typeset-body ids-typeset-body--preset-large link paragraph ids-paragraph ids-paragraph--default\">Odnosz\u0105c si\u0119 do nowych stawek, rzecznik Komisji Europejskiej okre\u015bli\u0142 je jako &#8222;nieusprawiedliwione i bezzasadne&#8221;.<\/p>\n<p class=\"typography ids-typeset-body ids-typeset-body--preset-large link paragraph ids-paragraph ids-paragraph--default\">&#8222;Komisja ocenia, \u017ce dochodzenie opiera si\u0119 na w\u0105tpliwych zarzutach i niewystarczaj\u0105cych dowodach, a zatem \u015brodki s\u0105 nieusprawiedliwione i bezzasadne&#8221; &#8211; o\u015bwiadczy\u0142 w poniedzia\u0142ek rzecznik Olof Gill.<\/p>\n<ul class=\"typography ids-typeset-body ids-typeset-body--preset-small list--article-list ids-list ids-list--unordered ids-list--size-small \" datatype=\"disc\">\n<li class=\"ids-list-item ids-list-item__content brief-list-item\"><a class=\"ids-undecorated-link link ids-link \" data-spons=\"false\" href=\"https:\/\/biznes.interia.pl\/gospodarka\/news-polacy-coraz-chetniej-siegaja-po-chinskie-auta-gigantyczny-w,nId,7948870\" rel=\"nofollow noopener\" target=\"_blank\">Polacy coraz ch\u0119tniej si\u0119gaj\u0105 po chi\u0144skie auta. Gigantyczny wzrost sprzeda\u017cy<\/a><\/li>\n<li class=\"ids-list-item ids-list-item__content brief-list-item\"><a class=\"ids-undecorated-link link ids-link \" data-spons=\"false\" href=\"https:\/\/biznes.interia.pl\/gospodarka\/news-wegier-chinczyk-dwa-bratanki-pekin-zbuduje-fabryke-pod-budap,nId,7892709\" rel=\"nofollow noopener\" target=\"_blank\">W\u0119gier, Chi\u0144czyk dwa bratanki. Pekin zbuduje fabryk\u0119 pod Budapesztem<\/a><\/li>\n<\/ul>\n<p>&#8222;Wydarzenia&#8221;: Taniej, ale dro\u017cej. Ceny pr\u0105du spadaj\u0105, ale rachunki nie b\u0119d\u0105 ni\u017cszePolsat News<\/p>\n","protected":false},"excerpt":{"rendered":"Chiny na\u0142o\u017cy\u0142y c\u0142a do 42,7 proc. na unijne produkty mleczne w odpowiedzi na wcze\u015bniejsze taryfy na chi\u0144skie samochody&hellip;\n","protected":false},"author":2,"featured_media":166095,"comment_status":"","ping_status":"","sticky":false,"template":"","format":"standard","meta":{"footnotes":""},"categories":[16],"tags":[113,112,42,38,40,39,41],"class_list":{"0":"post-166094","1":"post","2":"type-post","3":"status-publish","4":"format-standard","5":"has-post-thumbnail","7":"category-biznes","8":"tag-biznes","9":"tag-business","10":"tag-pl","11":"tag-poland","12":"tag-polish","13":"tag-polska","14":"tag-polski"},"share_on_mastodon":{"url":"https:\/\/pubeurope.com\/@pl\/115766278422046501","error":""},"_links":{"self":[{"href":"https:\/\/www.europesays.com\/pl\/wp-json\/wp\/v2\/posts\/166094","targetHints":{"allow":["GET"]}}],"collection":[{"href":"https:\/\/www.europesays.com\/pl\/wp-json\/wp\/v2\/posts"}],"about":[{"href":"https:\/\/www.europesays.com\/pl\/wp-json\/wp\/v2\/types\/post"}],"author":[{"embeddable":true,"href":"https:\/\/www.europesays.com\/pl\/wp-json\/wp\/v2\/users\/2"}],"replies":[{"embeddable":true,"href":"https:\/\/www.europesays.com\/pl\/wp-json\/wp\/v2\/comments?post=166094"}],"version-history":[{"count":0,"href":"https:\/\/www.europesays.com\/pl\/wp-json\/wp\/v2\/posts\/166094\/revisions"}],"wp:featuredmedia":[{"embeddable":true,"href":"https:\/\/www.europesays.com\/pl\/wp-json\/wp\/v2\/media\/166095"}],"wp:attachment":[{"href":"https:\/\/www.europesays.com\/pl\/wp-json\/wp\/v2\/media?parent=166094"}],"wp:term":[{"taxonomy":"category","embeddable":true,"href":"https:\/\/www.europesays.com\/pl\/wp-json\/wp\/v2\/categories?post=166094"},{"taxonomy":"post_tag","embeddable":true,"href":"https:\/\/www.europesays.com\/pl\/wp-json\/wp\/v2\/tags?post=166094"}],"curies":[{"name":"wp","href":"https:\/\/api.w.org\/{rel}","templated":true}]}}