{"id":166110,"date":"2025-12-23T01:37:25","date_gmt":"2025-12-23T01:37:25","guid":{"rendered":"https:\/\/www.europesays.com\/pl\/166110\/"},"modified":"2025-12-23T01:37:25","modified_gmt":"2025-12-23T01:37:25","slug":"anwil-wloclawek-przedswiateczna-rywalizacja-w-zielonej-gorze","status":"publish","type":"post","link":"https:\/\/www.europesays.com\/pl\/166110\/","title":{"rendered":"Anwil W\u0142oc\u0142awek &#8211; Przed\u015bwi\u0105teczna rywalizacja w Zielonej G\u00f3rze"},"content":{"rendered":"<p>Zanim liga uda si\u0119 na \u015bwi\u0105teczn\u0105 przerw\u0119, kibic\u00f3w czeka rywalizacja w Zielonej G\u00f3rze. W poniedzia\u0142ek, 22 grudnia, Anwil W\u0142oc\u0142awek powalczy o punkty na trudnym terenie Zastalu.<\/p>\n<p>T\u0141O: Cho\u0107 obie dru\u017cyny wygra\u0142y swoje ostatnie spotkania, to aktualny bilans i miejsce w tabeli pozostawiaj\u0105 pewien niedosyt. Przed\u015bwi\u0105teczna rywalizacja b\u0119dzie okazj\u0105 do poprawy ligowego dorobku.<\/p>\n<p>POPRZEDNI SEZON: Ubieg\u0142y sezon by\u0142 trudny w wykonaniu zielonog\u00f3rzan &#8211; sporo zmian kadrowych i walka o utrzymanie. Do listopada dru\u017cyn\u0119 prowadzi\u0142 Virginijus Sirvydis, a na jego miejsce zosta\u0142 zatrudniony Vladimir Jovanovi\u0107. Ciekawym momentem sezonu by\u0142 powr\u00f3t legendy klubu, Waltera Hodge\u2019a, kt\u00f3ry przyczyni\u0142 si\u0119 do siedmiu zwyci\u0119stw w 12 meczach. Amerykanin mia\u0142 du\u017cy wp\u0142yw na popraw\u0119 sytuacji zespo\u0142u. Ostatecznie rozgrywki zako\u0144czyli na 11. miejscu w tabeli z bilansem 12-18.<\/p>\n<p>OBECNIE: W Zielonej G\u00f3rze panuje nowe rozdanie. Zastal rozpocz\u0105\u0142 sezon od pora\u017cki i przeplata lepsze i s\u0142absze wyst\u0119py, co odzwierciedla jego aktualny bilans 5-5. W ostatnich dw\u00f3ch kolejkach dru\u017cyna odnios\u0142a jednak dwa przekonuj\u0105ce zwyci\u0119stwa &#8211; najpierw pokonuj\u0105c Energ\u0119 Czarnych S\u0142upsk 95:63, a nast\u0119pnie Tasomix Rosiek Stal Ostr\u00f3w Wielkopolski 98:84. Te wygrane z rz\u0119du mog\u0105 pozytywnie wp\u0142yn\u0105\u0107 na dalsz\u0105 form\u0119.<\/p>\n<p>SK\u0141AD: Latem trenerem zespo\u0142u zosta\u0142 Arkadiusz Mi\u0142oszewski, kt\u00f3ry przyszed\u0142 z Kinga Szczecin, zabieraj\u0105c ze sob\u0105 Andrzeja Mazurczaka. Rozgrywaj\u0105cy pe\u0142ni rol\u0119 g\u0142\u00f3wnego kreatora gry i najlepszego strzelca dru\u017cyny (14,4 punktu, 4,1 zbi\u00f3rki i 5,7 asyst na mecz). Phil Fayne (ex King Szczecin 2022\/2023) jest wa\u017cnym graczem w strefie podkoszowej, ze \u015brednimi 8,7 punktu, 4,7 zbi\u00f3rki i skuteczno\u015bci\u0105 z gry 61,4%. W ostatnim czasie do zespo\u0142u do\u0142\u0105czy\u0142 Chavaughn Lewis, dobrze znany polskim kibicom z gry w PLK w latach 2016-2018. W pierwszym meczu w barwach Zastalu by\u0142 najlepszym strzelcem, zdobywaj\u0105c 22 punkty w 24 minuty, dok\u0142adaj\u0105c do tego trzy zbi\u00f3rki, dwie asysty, jeden blok i a\u017c cztery przechwyty. W rotacji istotn\u0105 rol\u0119 odgrywa r\u00f3wnie\u017c Jakub Szumert, kt\u00f3ry notuje \u015brednio prawie 12 punkt\u00f3w na mecz. W ostatnich czterech spotkaniach Polak regularnie zdobywa\u0142 dwucyfrowe liczby punkt\u00f3w i niemal osi\u0105ga\u0142 double-double &#8211; np. przeciwko Stal\u00f3wce mia\u0142 17 punkt\u00f3w i dziewi\u0119\u0107 zbi\u00f3rek.\u00a0<\/p>\n<p>STATYSTYKA: Zastalowcy ch\u0119tnie wykonuj\u0105 rzuty za trzy punkty, regularnie oddaj\u0105c ponad 20 pr\u00f3b w meczu. Skuteczno\u015b\u0107 zza \u0142uku jest jednak nier\u00f3wna. Dopiero w czterech ostatnich kolejkach poprawili si\u0119 w tym elemencie, notuj\u0105c minimum 10 trafie\u0144 z dystansu (wcze\u015bniej zaledwie sze\u015b\u0107, a w jednym meczu osiem celnych rzut\u00f3w).<\/p>\n<p>STARZY ZNAJOMI: Marcin Woroniecki, by\u0142y zawodnik Anwilu W\u0142oc\u0142awek (2021-2023) rozgrywa obecnie trzeci sezon w Zastalu Zielona G\u00f3ra. Polak sp\u0119dza \u015brednio 15 minut na parkiecie i wnosi swoj\u0105 cegie\u0142k\u0119 w postaci kilku punkt\u00f3w &#8211; \u015br. 5,3 punktu na mecz. Drugim z by\u0142ych graczy Anwilu jest Krzysztof Sulima, kt\u00f3ry reprezentowa\u0142 w\u0142oc\u0142awski klub w poprzednim sezonie, ale r\u00f3wnie\u017c wcze\u015bniej w rozgrywkach 2019\/2020 oraz 2020\/2021. Najlepszy wyst\u0119p w barwach Zastalu zanotowa\u0142 przeciwko GTK Gliwice, zdobywaj\u0105c 13 punkt\u00f3w, trzy zbi\u00f3rki, dwie asysty i jeden blok.<\/p>\n<p>NOWY TRANSFER: Przypominamy, \u017ce dzisiaj Rottweilery zosta\u0142y wzmocnione nowym zawodnikiem \u2013 Tylerem Wahlem. W Zielonej G\u00f3rze jeszcze nie zagra. Wi\u0119cej informacji o graczu przeczytacie <a href=\"https:\/\/kkwloclawek.pl\/czytaj,aktualnosci,20251221,wzmocnienie-na-skrzydle-tyler-wahl-nowym-zawodnikiem-anwilu\" rel=\"nofollow noopener\" target=\"_blank\">TUTAJ<\/a>.<\/p>\n<p>KIEDY I GDZIE: 22 grudnia, o godz. 19:00, Centrum Rekreacyjno-Sportowe. Transmisja telewizyjna na platformie YouTube oraz w Radio Rottweilery z komentarzem Krzysztofa Szaradowskiego.<\/p>\n","protected":false},"excerpt":{"rendered":"Zanim liga uda si\u0119 na \u015bwi\u0105teczn\u0105 przerw\u0119, kibic\u00f3w czeka rywalizacja w Zielonej G\u00f3rze. W poniedzia\u0142ek, 22 grudnia, Anwil&hellip;\n","protected":false},"author":2,"featured_media":166111,"comment_status":"","ping_status":"","sticky":false,"template":"","format":"standard","meta":{"footnotes":""},"categories":[24],"tags":[42,38,40,39,41,127,126],"class_list":{"0":"post-166110","1":"post","2":"type-post","3":"status-publish","4":"format-standard","5":"has-post-thumbnail","7":"category-sport","8":"tag-pl","9":"tag-poland","10":"tag-polish","11":"tag-polska","12":"tag-polski","13":"tag-sport","14":"tag-sports"},"share_on_mastodon":{"url":"https:\/\/pubeurope.com\/@pl\/115766325632302725","error":""},"_links":{"self":[{"href":"https:\/\/www.europesays.com\/pl\/wp-json\/wp\/v2\/posts\/166110","targetHints":{"allow":["GET"]}}],"collection":[{"href":"https:\/\/www.europesays.com\/pl\/wp-json\/wp\/v2\/posts"}],"about":[{"href":"https:\/\/www.europesays.com\/pl\/wp-json\/wp\/v2\/types\/post"}],"author":[{"embeddable":true,"href":"https:\/\/www.europesays.com\/pl\/wp-json\/wp\/v2\/users\/2"}],"replies":[{"embeddable":true,"href":"https:\/\/www.europesays.com\/pl\/wp-json\/wp\/v2\/comments?post=166110"}],"version-history":[{"count":0,"href":"https:\/\/www.europesays.com\/pl\/wp-json\/wp\/v2\/posts\/166110\/revisions"}],"wp:featuredmedia":[{"embeddable":true,"href":"https:\/\/www.europesays.com\/pl\/wp-json\/wp\/v2\/media\/166111"}],"wp:attachment":[{"href":"https:\/\/www.europesays.com\/pl\/wp-json\/wp\/v2\/media?parent=166110"}],"wp:term":[{"taxonomy":"category","embeddable":true,"href":"https:\/\/www.europesays.com\/pl\/wp-json\/wp\/v2\/categories?post=166110"},{"taxonomy":"post_tag","embeddable":true,"href":"https:\/\/www.europesays.com\/pl\/wp-json\/wp\/v2\/tags?post=166110"}],"curies":[{"name":"wp","href":"https:\/\/api.w.org\/{rel}","templated":true}]}}