{"id":166112,"date":"2025-12-23T01:40:16","date_gmt":"2025-12-23T01:40:16","guid":{"rendered":"https:\/\/www.europesays.com\/pl\/166112\/"},"modified":"2025-12-23T01:40:16","modified_gmt":"2025-12-23T01:40:16","slug":"strumien-pieniedzy-dla-poczty-polskiej-wiadomo-ile-i-kiedy","status":"publish","type":"post","link":"https:\/\/www.europesays.com\/pl\/166112\/","title":{"rendered":"Strumie\u0144 pieni\u0119dzy dla Poczty Polskiej. Wiadomo ile i kiedy"},"content":{"rendered":"\n<p>Ministerstwo Aktyw\u00f3w Pa\u0144stwowych (MAP) przedstawi\u0142o harmonogram wyp\u0142at dla narodowego operatora pocztowego, kt\u00f3ry znajduje si\u0119 w\u00a0kluczowym momencie swojej nowoczesnej historii. Wed\u0142ug oficjalnych danych, w\u00a0grudniu 2025 roku oraz w\u00a0styczniu 2026 roku Poczta Polska otrzyma \u0142\u0105cznie kwot\u0119 przekraczaj\u0105c\u0105 miliard z\u0142otych. Najwi\u0119kszy udzia\u0142 w\u00a0tym zastrzyku got\u00f3wki ma finansowanie kosztu netto obowi\u0105zku \u015bwiadczenia us\u0142ug powszechnych za 2024 rok, kt\u00f3re opiewa na kwot\u0119 ponad 954 mln z\u0142.<\/p>\n<p>Proces przekazywania \u015brodk\u00f3w ju\u017c si\u0119 rozpocz\u0105\u0142. Jeszcze w\u00a0grudniu bie\u017c\u0105cego roku sp\u00f3\u0142ka otrzyma\u0142a \u0142\u0105cznie 86,6 mln z\u0142. Pieni\u0105dze te zosta\u0142y przeznaczone na dwa kluczowe cele: niwelowanie strat po kl\u0119skach \u017cywio\u0142owych oraz modernizacj\u0119 technologiczn\u0105. Konkretnie, 12 grudnia wyp\u0142acono 1,4 mln z\u0142 na napraw\u0119 infrastruktury w\u00a0czterech plac\u00f3wkach na Dolnym \u015al\u0105sku, kt\u00f3re ucierpia\u0142y podczas wrze\u015bniowej powodzi w\u00a02024 roku. Z\u00a0kolei 17 grudnia operator otrzyma\u0142 ponad 85 mln z\u0142 jako refundacj\u0119 nak\u0142ad\u00f3w poniesionych w\u00a0latach 2020\u20132024 na budow\u0119 i\u00a0wdro\u017cenie systemu e-Dor\u0119cze\u0144.<\/p>\n<p> <img role=\"presentation\" class=\"absolute left-1\/2 top-1\/2 max-h-[80%] max-w-[100px] -translate-x-1\/2 -translate-y-1\/2\" src=\"https:\/\/v.wpimg.pl\/ZXJfd3AudTkrBBIAbg54LGhcRlAxHQUrPgJGH2MAeGJoSQ1eIBI_K2UHAEVuBTY5KQMMXC0RPyoVERQdMgM9ejc\" loading=\"lazy\" decoding=\"async\"\/><\/p>\n<p>Milioner szczerze do\u00a0b\u00f3lu. &#8222;Czu\u0142em si\u0119 debilem&#8221; <\/p>\n<p>Transformacja w\u00a0cieniu finansowych wyzwa\u0144 <\/p>\n<p>Sytuacja Poczty Polskiej od d\u0142u\u017cszego czasu budzi emocje zar\u00f3wno w\u015br\u00f3d pracownik\u00f3w, jak i\u00a0ekspert\u00f3w rynkowych. Przypomnijmy, \u017ce operator od miesi\u0119cy mierzy si\u0119 z\u00a0konieczno\u015bci\u0105 g\u0142\u0119bokiej restrukturyzacji, co jest pok\u0142osiem zmieniaj\u0105cych si\u0119 nawyk\u00f3w Polak\u00f3w i\u00a0rosn\u0105cej konkurencji na rynku przesy\u0142ek kurierskich. Wcze\u015bniej przedstawiciele zarz\u0105du wielokrotnie podkre\u015blali, \u017ce sp\u00f3\u0142ka musi przej\u015b\u0107 transformacj\u0119 w\u00a0kierunku podmiotu cyfrowego i\u00a0logistycznego, aby przesta\u0107 generowa\u0107 straty.<\/p>\n<p>\u2013 Operator pocztowy przechodzi gruntown\u0105 transformacj\u0119 i\u00a0wymaga szczeg\u00f3lnej uwagi. W\u00a0grudniu i\u00a0styczniu do sp\u00f3\u0142ki trafi \u0142\u0105cznie ponad miliard z\u0142otych. To wyraz realizacji zobowi\u0105za\u0144 pa\u0144stwa wobec operatora wyznaczonego, kt\u00f3ry \u015bwiadczy us\u0142ugi powszechne na terenie ca\u0142ego kraju \u2013\u00a0podkre\u015bla minister aktyw\u00f3w pa\u0144stwowych Wojciech Balczun w\u00a0oficjalnym komunikacie resortu. Szef MAP dodaje, \u017ce te fundusze maj\u0105 realnie wp\u0142yn\u0105\u0107 na podniesienie standardu obs\u0142ugi obywateli. Wed\u0142ug ministra, \u015brodki nie tylko poprawi\u0105 kondycj\u0119 finansow\u0105 firmy, ale tak\u017ce zwi\u0119ksz\u0105 jako\u015b\u0107 i\u00a0dost\u0119pno\u015b\u0107 us\u0142ug dla milion\u00f3w Polak\u00f3w.<\/p>\n<p> <img role=\"presentation\" class=\"absolute left-1\/2 top-1\/2 max-h-[80%] max-w-[100px] -translate-x-1\/2 -translate-y-1\/2\" src=\"https:\/\/v.wpimg.pl\/ZXJfd3AudTkrBBIAbg54LGhcRlAxHQUrPgJGH2MAeGJoSQ1eIBI_K2UHAEVuBTY5KQMMXC0RPyoVERQdMgM9ejc\" loading=\"lazy\" decoding=\"async\"\/> <\/p>\n<p>Warto zaznaczy\u0107, \u017ce wyp\u0142ata rekompensaty za tzw. koszt netto jest mechanizmem ustawowym. Jako operator wyznaczony, Poczta Polska ma obowi\u0105zek dostarczania list\u00f3w i\u00a0paczek w\u00a0ka\u017cdy zak\u0105tek kraju, niezale\u017cnie od rentowno\u015bci danego po\u0142\u0105czenia. Zgodnie z\u00a0przepisami, je\u017celi sp\u00f3\u0142ka poniesie strat\u0119 na realizacji tych us\u0142ug, ma prawo ubiega\u0107 si\u0119 o\u00a0dotacj\u0119 celow\u0105 z\u00a0bud\u017cetu pa\u0144stwa. W\u0142a\u015bnie ten mechanizm pozwala na wyp\u0142at\u0119 wspomnianych 954 mln z\u0142, z\u00a0czego pierwsza transza w\u00a0wysoko\u015bci 338,4 mln z\u0142 ma wp\u0142yn\u0105\u0107 na konta sp\u00f3\u0142ki jeszcze przed ko\u0144cem grudnia.<\/p>\n<p>Inwestycje w\u00a0przysz\u0142o\u015b\u0107 i\u00a0stabilizacja zatrudnienia <\/p>\n<p>To nie pierwszy raz, kiedy m\u00f3wi si\u0119 o\u00a0konieczno\u015bci ratowania narodowego giganta. W\u00a0przesz\u0142o\u015bci wielokrotnie wskazywano na trudn\u0105 sytuacj\u0119 finansow\u0105 Poczty, co rodzi\u0142o pytania o\u00a0przysz\u0142o\u015b\u0107 tysi\u0119cy pracownik\u00f3w. Mimo napi\u0119tej sytuacji, obecne kierownictwo sp\u00f3\u0142ki uspokaja, \u017ce priorytetem jest stabilizacja i\u00a0unikanie gwa\u0142townych ruch\u00f3w kadrowych. Wcze\u015bniej prezes Poczty Polskiej deklarowa\u0142, \u017ce planowane zmiany maj\u0105 opiera\u0107 si\u0119 na naturalnej fluktuacji kadr, a\u00a0nie na masowych zwolnieniach grupowych, co ma pozwoli\u0107 na spokojne przeprowadzenie procesu &#8222;Poczta 2.0&#8221;.<\/p>\n<p> <img role=\"presentation\" class=\"absolute left-1\/2 top-1\/2 max-h-[80%] max-w-[100px] -translate-x-1\/2 -translate-y-1\/2\" src=\"https:\/\/v.wpimg.pl\/ZXJfd3AudTkrBBIAbg54LGhcRlAxHQUrPgJGH2MAeGJoSQ1eIBI_K2UHAEVuBTY5KQMMXC0RPyoVERQdMgM9ejc\" loading=\"lazy\" decoding=\"async\"\/> <\/p>\n<p>Kluczowym elementem nowej strategii jest system e-Dor\u0119cze\u0144, na kt\u00f3ry pa\u0144stwo w\u0142a\u015bnie zrefundowa\u0142o 85 mln z\u0142. Jest to projekt o\u00a0znaczeniu strategicznym, maj\u0105cy przenie\u015b\u0107 komunikacj\u0119 obywatela z\u00a0urz\u0119dem do sfery cyfrowej. Cho\u0107 wdro\u017cenie systemu napotyka\u0142o na liczne przesuni\u0119cia termin\u00f3w, ostatecznie ma on sta\u0107 si\u0119 fundamentem nowoczesnej poczty. Eksperci wskazuj\u0105, \u017ce bez cyfryzacji operator nie b\u0119dzie w\u00a0stanie konkurowa\u0107 z\u00a0dynamicznymi firmami prywatnymi, kt\u00f3re zdominowa\u0142y rynek e-commerce.<\/p>\n<p>Podsumowuj\u0105c struktur\u0119 nadchodz\u0105cego wsparcia: \u0142\u0105cznie w\u00a0latach 2024-2025 pa\u0144stwo przeznaczy\u0142o ponad 2\u00a0mln z\u0142 na same skutki powodziowe, a\u00a0miliardowy przelew na prze\u0142omie roku ma by\u0107 ostatecznym bezpiecznikiem dla p\u0142ynno\u015bci finansowej operatora. To kontynuacja trendu, w\u00a0kt\u00f3rym pa\u0144stwo aktywnie wspiera kluczowe sp\u00f3\u0142ki infrastrukturalne w\u00a0okresach dekoniunktury i\u00a0transformacji rynkowej. Dla klient\u00f3w oznacza to przede wszystkim gwarancj\u0119, \u017ce plac\u00f3wki pocztowe nie znikn\u0105 z\u00a0mapy Polski, a\u00a0proces cyfryzacji us\u0142ug przyspieszy.<\/p>\n<p> <img role=\"presentation\" class=\"absolute left-1\/2 top-1\/2 max-h-[80%] max-w-[100px] -translate-x-1\/2 -translate-y-1\/2\" src=\"https:\/\/v.wpimg.pl\/ZXJfd3AudTkrBBIAbg54LGhcRlAxHQUrPgJGH2MAeGJoSQ1eIBI_K2UHAEVuBTY5KQMMXC0RPyoVERQdMgM9ejc\" loading=\"lazy\" decoding=\"async\"\/> <a href=\"https:\/\/www.money.pl\/gospodarka\/nowy-kontrakt-z-ministerstwem-poczta-polska-utrzyma-obsluge-sadow-7228911904316352a.html\" class=\"teaser-inline\" rel=\"nofollow noopener\" target=\"_blank\">  <img decoding=\"async\" src=\"https:\/\/www.europesays.com\/pl\/wp-content\/uploads\/2025\/12\/NWQ4MmZlYTYwVjtedRdsI3MObwQzTmJ1JBZ3T3VdfG9hTGILMwArJTREIkM9HjsnMEM9QyoAYTYhXWIba0MqPiJEIQwjQys6M1Ep.jpeg\" width=\"0\" height=\"0\" loading=\"lazy\" class=\"wp-media-image cropped\" alt=\"Wa\u017cna umowa dla tysi\u0119cy Polak\u00f3w. Poczta zdoby\u0142a gigakontrakt na obs\u0142ug\u0119 s\u0105d\u00f3w\"\/><\/p>\n<p>Wa\u017cna umowa dla tysi\u0119cy Polak\u00f3w. Poczta zdoby\u0142a gigakontrakt na obs\u0142ug\u0119 s\u0105d\u00f3w<\/p>\n<p><\/a><\/p>\n","protected":false},"excerpt":{"rendered":"Ministerstwo Aktyw\u00f3w Pa\u0144stwowych (MAP) przedstawi\u0142o harmonogram wyp\u0142at dla narodowego operatora pocztowego, kt\u00f3ry znajduje si\u0119 w\u00a0kluczowym momencie swojej nowoczesnej&hellip;\n","protected":false},"author":2,"featured_media":166113,"comment_status":"","ping_status":"","sticky":false,"template":"","format":"standard","meta":{"footnotes":""},"categories":[16],"tags":[113,112,42,38,40,39,41],"class_list":{"0":"post-166112","1":"post","2":"type-post","3":"status-publish","4":"format-standard","5":"has-post-thumbnail","7":"category-biznes","8":"tag-biznes","9":"tag-business","10":"tag-pl","11":"tag-poland","12":"tag-polish","13":"tag-polska","14":"tag-polski"},"share_on_mastodon":{"url":"https:\/\/pubeurope.com\/@pl\/115766337831771979","error":""},"_links":{"self":[{"href":"https:\/\/www.europesays.com\/pl\/wp-json\/wp\/v2\/posts\/166112","targetHints":{"allow":["GET"]}}],"collection":[{"href":"https:\/\/www.europesays.com\/pl\/wp-json\/wp\/v2\/posts"}],"about":[{"href":"https:\/\/www.europesays.com\/pl\/wp-json\/wp\/v2\/types\/post"}],"author":[{"embeddable":true,"href":"https:\/\/www.europesays.com\/pl\/wp-json\/wp\/v2\/users\/2"}],"replies":[{"embeddable":true,"href":"https:\/\/www.europesays.com\/pl\/wp-json\/wp\/v2\/comments?post=166112"}],"version-history":[{"count":0,"href":"https:\/\/www.europesays.com\/pl\/wp-json\/wp\/v2\/posts\/166112\/revisions"}],"wp:featuredmedia":[{"embeddable":true,"href":"https:\/\/www.europesays.com\/pl\/wp-json\/wp\/v2\/media\/166113"}],"wp:attachment":[{"href":"https:\/\/www.europesays.com\/pl\/wp-json\/wp\/v2\/media?parent=166112"}],"wp:term":[{"taxonomy":"category","embeddable":true,"href":"https:\/\/www.europesays.com\/pl\/wp-json\/wp\/v2\/categories?post=166112"},{"taxonomy":"post_tag","embeddable":true,"href":"https:\/\/www.europesays.com\/pl\/wp-json\/wp\/v2\/tags?post=166112"}],"curies":[{"name":"wp","href":"https:\/\/api.w.org\/{rel}","templated":true}]}}