{"id":166217,"date":"2025-12-23T05:07:09","date_gmt":"2025-12-23T05:07:09","guid":{"rendered":"https:\/\/www.europesays.com\/pl\/166217\/"},"modified":"2025-12-23T05:07:09","modified_gmt":"2025-12-23T05:07:09","slug":"mial-byc-nastepca-malysza-oto-co-teraz-robi-kosmiczne-pieniadze","status":"publish","type":"post","link":"https:\/\/www.europesays.com\/pl\/166217\/","title":{"rendered":"Mia\u0142 by\u0107 nast\u0119pc\u0105 Ma\u0142ysza. Oto co teraz robi. &#8222;Kosmiczne pieni\u0105dze&#8221;"},"content":{"rendered":"<p class=\"Paragraph_desktopParagraph__Fd2e9\">\u2014 Odk\u0105d sko\u0144czy\u0142em ze skokami, \u015bni\u0142y mi si\u0119 tylko raz. W Innsbrucku polecia\u0142em srogo za punkt HS. Oczywi\u015bcie wyl\u0105dowa\u0142em na plecach. Wi\u0119cej raczej o skokach nie \u015bni\u0142em \u2014 m\u00f3wi nam \u0141ukasz Pod\u017corski. Nie \u015bni\u0142, bo tu\u017c po odstawieniu nart w k\u0105t, znalaz\u0142 inn\u0105 pasj\u0119, kt\u00f3ra zaw\u0142adn\u0119\u0142a nim bez reszty.<\/p>\n<p class=\"VideoPlayerText_videoPlayerText__zrtJk\">Dalszy ci\u0105g materia\u0142u pod wideo<\/p>\n<p>Przedstawiciel utraconego pokolenia. Sp\u0119dzi\u0142 w skokach 15 lat <\/p>\n<p class=\"Paragraph_desktopParagraph__Fd2e9\">Na skoczni\u0119 po raz pierwszy trafi\u0142 jako pi\u0119ciolatek. By\u0142a to naturalna droga, bo pochodzi z Wis\u0142y. Zaczyna\u0142 mniej wi\u0119cej wtedy, gdy wielki mistrz wchodzi\u0142 na swoj\u0105 \u015bcie\u017ck\u0119 chwa\u0142y.<\/p>\n<p class=\"Paragraph_desktopParagraph__Fd2e9\">\u2014 Trener Jan Szturc zobaczy\u0142 we mnie potencja\u0142. Zreszt\u0105 widz\u0119, \u017ce teraz wci\u0105\u017c wykorzystuj\u0119 ten talent. My\u015bl\u0119, \u017ce po prostu mam predyspozycje do ci\u0119\u017ckiej roboty. Gdy por\u00f3wnuj\u0119 si\u0119 do znajomych z kolarstwa, widz\u0119, \u017ce potrafi\u0119 cztery dni trenowa\u0107 i dopiero czuj\u0119 zm\u0119czenie, podczas gdy inni po dw\u00f3ch takich dniach maj\u0105 do\u015b\u0107 \u2014 opowiada.<\/p>\n<p class=\"Paragraph_desktopParagraph__Fd2e9\">Z tego czasu ma troch\u0119 dobrych wspomnie\u0144. Wyjazdy na mistrzostwa \u015bwiata junior\u00f3w, EYOF-y albo i po prostu udane zawody krajowe, gdy forma przychodzi\u0142a w odpowiednim momencie. \u2014 Pami\u0119tam jeden Puchar Solidarno\u015bci w Zakopanem. Czu\u0142em wtedy, \u017ce jestem w gazie i wygra\u0142em \u2014 wspomina.<\/p>\n<p class=\"Paragraph_desktopParagraph__Fd2e9\">Cztery raz stawa\u0142 na podium FIS Cup, z Pucharem Kontynentalnym po\u017cegna\u0142 si\u0119 11. miejscem, najlepszym w karierze. Mia\u0142 wtedy 20 lat.<\/p>\n<p class=\"Paragraph_desktopParagraph__Fd2e9\">\u2014 Przez pierwszy rok mo\u017ce troch\u0119 \u017ca\u0142owa\u0142em decyzji o zostawieniu skok\u00f3w, ale im dalej w \u017cycie, tym wi\u0119ksze by\u0142o poczucie stabilizacji, nie by\u0142o ju\u017c tak, \u017ce wszystko jest zale\u017cne od formy, wi\u0119c nabra\u0142em spokoju i dystansu, zda\u0142em sobie spraw\u0119, \u017ce nie potrzebuj\u0119 ich do szcz\u0119\u015bcia \u2014 s\u0142yszymy.<\/p>\n<p><img decoding=\"async\" src=\"https:\/\/www.europesays.com\/pl\/wp-content\/uploads\/2025\/12\/lukasz-podzorski.jpg\" alt=\"\u0141ukasz Pod\u017aorski\" width=\"944\" height=\"660\" loading=\"lazy\" class=\"\" \/>\u0141ukasz Pod\u017aorski (Foto: Anna Onuszczuk \/ newspix.pl)<\/p>\n<p class=\"Paragraph_desktopParagraph__Fd2e9\">To jeden z przedstawicieli utraconych dla polskich skok\u00f3w rocznik\u00f3w 1996-1998, kt\u00f3rych dzi\u015b tak bardzo nam brakuje. Pod\u017corski nie ukrywa, \u017ce pr\u00f3bowa\u0142 analizowa\u0107, dlaczego sta\u0142 si\u0119 jednym z nich.<\/p>\n<p class=\"Paragraph_desktopParagraph__Fd2e9\">\u2014 Par\u0119 razy si\u0119 nad tym zastanawia\u0142em. Nawet z tej obecnej perspektywy, gdy jestem troch\u0119 bardziej \u015bwiadomy i mam du\u017co wi\u0119ksz\u0105 wiedz\u0119 na temat sportu, fizjologii. Wydaje mi si\u0119, \u017ce w tamtym momencie cz\u0142owiek by\u0142 po prostu za m\u0142ody, \u017ceby rozumie\u0107 sygna\u0142y swojego cia\u0142a. W szkole mistrzostwa sportowego wszyscy dzia\u0142ali\u015bmy w oparciu o pewne schematy. P\u00f3\u017aniej, gdy poszed\u0142em do kadry, bardziej spersonalizowana by\u0142a ju\u017c si\u0142ownia. Mam wra\u017cenie, \u017ce skoki to troch\u0119 taki sport po omacku i w wielu przypadkach pewnie trudno przewidzie\u0107, kiedy kto\u015b wyskoczy. W tamtym czasie nie wiem, czy kto\u015b by\u0142 w stanie okre\u015bli\u0107, w jakim momencie wytrenowania jeste\u015bmy. Teraz w kolarstwie, kiedy sam uk\u0142adam sobie plan, wiem, czym w danym momencie zagra\u0107, \u017ceby by\u0142 pozytywny efekt. W skokach tego nie mia\u0142em. Mo\u017ce dlatego tylu ch\u0142opak\u00f3w z mojego rocznika si\u0119 wykruszy\u0142o i tych nast\u0119pc\u00f3w mistrza nie mieli\u015bmy \u2014 zastanawia si\u0119.<\/p>\n<p class=\"Paragraph_desktopParagraph__Fd2e9\">Druga kwestia to po prostu brak perspektyw finansowych w najbardziej newralgicznym dla polskich skoczk\u00f3w momencie \u2014 przej\u015bciu z poziomu juniora do seniora.<\/p>\n<p class=\"Paragraph_desktopParagraph__Fd2e9\">\u2014 Ko\u0144czysz 18 lat i ko\u0144cz\u0105 si\u0119 cho\u0107by stypendia z Lotos Cup, kt\u00f3re otrzymywa\u0142o si\u0119 co roku. Wtedy zaczyna si\u0119 okres, w kt\u00f3rym ze skok\u00f3w nie zarabia si\u0119 nic i wiele zale\u017cy od sytuacji w domu. U mnie si\u0119 nie przelewa\u0142o, a te\u017c wiedzia\u0142em, ile trzeba po\u015bwi\u0119ci\u0107, \u017cebym m\u00f3g\u0142 skaka\u0107. By\u0142em po prostu zm\u0119czony brakiem pieni\u0119dzy, perspektyw\u2026 Poza tym to te\u017c taki czas, \u017ce chce si\u0119 ju\u017c mieszka\u0107 samemu, je\u017adzi\u0107 w\u0142asnym autem, najlepiej fajnym\u2026 Po prostu si\u0119 usamodzielni\u0107 \u2014 s\u0142yszymy.<\/p>\n<p>Zostawi\u0142 skoki. To inna dyscyplina na dobre skrad\u0142a jego serce <\/p>\n<p class=\"Paragraph_desktopParagraph__Fd2e9\">Pi\u0119tnastu lat sp\u0119dzonych w skokach nie \u017ca\u0142uje. \u2014 Dzi\u015b mam ju\u017c prawie 30 lat, wi\u0119c mog\u0119 powiedzie\u0107, \u017ce sp\u0119dzi\u0142em w skokach p\u00f3\u0142 \u017cycia. Wiele mnie to nauczy\u0142o. Na pewno systematyczno\u015bci, uk\u0142adania planu dnia, d\u0105\u017cenia do perfekcjonizmu, kt\u00f3ry jest zapisany w skokach. To mi zosta\u0142o do tej pory. Klienci mnie chwal\u0105, \u017ce jestem skrupulatny, systematyczny i zawsze wszystko jest w 100 proc. przygotowane \u2014 s\u0142yszymy.<\/p>\n<p class=\"Paragraph_desktopParagraph__Fd2e9\">Pod\u017corski wspomina o klientach, bo nied\u0142ugo po tym, jak sko\u0144czy\u0142 ze skokami, trafi\u0142 do sklepu rowerowo-narciarskiego. Pocz\u0105tkowo naturalnie zajmowa\u0142 si\u0119 nartami, ale wystarczy\u0142o, \u017ce sko\u0144czy\u0142a si\u0119 zima, by mocniej wkr\u0119ci\u0142 si\u0119 w rowery. Teraz w Wi\u015ble prowadzi w\u0142asn\u0105 dzia\u0142alno\u015b\u0107 \u2014 PODZOR_BikeService. Poza tym sam mocno wkr\u0119ci\u0142 si\u0119 w treningi.<\/p>\n<p class=\"Paragraph_desktopParagraph__Fd2e9\">\u2014 Pocz\u0105tkowo wiele robi\u0142em po omacku, uczy\u0142em si\u0119 od zera. Po dw\u00f3ch czy trzech latach dosta\u0142em propozycj\u0119 z zawodowego klubu kolarskiego, \u017cebym je\u017adzi\u0142 z nimi jako mechanik. Wtedy wszystko nabra\u0142o rozp\u0119du. Ch\u0142opaki krok po kroku pokazali mi, jak trenowa\u0107, jak pracowa\u0107 z tymi rowerami, co zrobi\u0107, by by\u0107 szybszym. To &#8222;know-how&#8221; dosta\u0142em od go\u015bci, kt\u00f3rzy d\u0142u\u017cej je\u017adzili na rowerze ni\u017c ja skaka\u0142em. W zwyk\u0142ych, codziennych rozmowach przekazali mi ogrom wiedzy \u2014 opowiada i przyznaje, \u017ce kolarstwo g\u00f3rskie dostarcza mu wi\u0119cej adrenaliny ni\u017c skoki.<\/p>\n<p class=\"Paragraph_desktopParagraph__Fd2e9\">\u2014 To co\u015b wspania\u0142ego, bo w skokach ten zastrzyk adrenaliny trwa kilka sekund, a w kolarstwie g\u00f3rskim cho\u0107by w maratonie dostajesz 15-minutowy zjazd, podczas kt\u00f3rego nie do ko\u0144ca panujesz nad rowerem. Tu trafia si\u0119 cia\u015bniejszy zakr\u0119t, tam wi\u0119kszy kamie\u0144. To trzeba omin\u0105\u0107, tam przeskoczy\u0107. Jest du\u017co wi\u0119cej zmiennych, kt\u00f3re daj\u0105 mi poczucie ekstremalnego sportu. To, czym ja si\u0119 zajmuj\u0119, czyli maraton i cross-country co prawda a\u017c tak ekstremalne nie jest, ale na pewno daje jeszcze lepsze odczucia ni\u017c skoki \u2014 m\u00f3wi.<\/p>\n<p class=\"Paragraph_desktopParagraph__Fd2e9\">Trenuje sze\u015b\u0107 razy w tygodniu, ale uwa\u017ca si\u0119 za amatora, bo jak sam przyznaje, do zawodostwa brakuje mu przede wszystkim 15 lat, kt\u00f3re sp\u0119dzi\u0142 w skokach. Zar\u00f3wno tam, jak i tu pomagaj\u0105 mu predyspozycje genetyczne \u2014 od zako\u0144czenia kariery skoczka przyty\u0142 mo\u017ce 3-4 kg.<\/p>\n<p class=\"Paragraph_desktopParagraph__Fd2e9\">\u2014 W kolarstwie podoba mi si\u0119 ta wymierno\u015b\u0107. Je\u015bli zrobisz dobry trzytygodniowy blok treningowy, a potem odpoczniesz, to mo\u017cesz liczy\u0107, \u017ce b\u0119dziesz mocniejszy. W skokach to nie gwarantowa\u0142o niczego. Albo zdarza\u0142o si\u0119, \u017ce masz \u015bwietn\u0105 form\u0119 i sprz\u0119t, ale wystarczy\u0142o, \u017ce dmuchn\u0119\u0142o z ty\u0142u i ju\u017c ci\u0119 nie ma. W kolarstwie dostajesz to, na co zapracowa\u0142e\u015b i to od razu daje wi\u0119ksze poczucie satysfakcji \u2014 s\u0142yszymy.<\/p>\n<p class=\"Paragraph_desktopParagraph__Fd2e9\">Dzi\u015b na swoim koncie Pod\u017corski ma ju\u017c ok. 60 wy\u015bcig\u00f3w i na palcach jednej r\u0119ki mo\u017ce policzy\u0107 te, kt\u00f3re nie do ko\u0144ca mu si\u0119 podoba\u0142y. \u2014 Tutaj ka\u017cdy wy\u015bcig jest epicki. Taki, kt\u00f3ry zapad\u0142 mi w pami\u0119ci to na pewno Malevil Cup, impreza towarzysz\u0105ca mistrzostwom Europy. To taki wy\u015bcig, \u017ce nawet jak planowa\u0142e\u015b by\u0107 w tr\u00f3jce, a doje\u017cd\u017casz si\u00f3dmy albo \u00f3smy i tak czujesz wielk\u0105 mi\u0142o\u015b\u0107 do tego sportu. Poziom organizacji, samo podej\u015bcie do dyscypliny, liczba kibic\u00f3w\u2026 Po prostu czujesz, \u017ce \u017cyjesz. Nie czujesz si\u0119 zm\u0119czony, nie bol\u0105 nogi, tylko po prostu jeste\u015b szcz\u0119\u015bliwy. Dobrze pami\u0119tam te\u017c wy\u015bcig cross country, kt\u00f3ry odbywa\u0142 si\u0119 na skoczni w Harrachovie. Z kolei taki, kt\u00f3ry zapami\u0119ta\u0142em ze wzgl\u0119du na wysok\u0105 form\u0119, to nasz wi\u015bla\u0144ski z serii Silesia Cup w tym roku. Nie by\u0142o na mnie mocnych \u2014 opowiada.<\/p>\n<p>Serwisuje rowery najlepszych Polak\u00f3w. Tak wygl\u0105da jego praca<\/p>\n<p class=\"Paragraph_desktopParagraph__Fd2e9\">Chyba trudno o lepsz\u0105 reklam\u0119 ni\u017c w\u0142a\u015bnie taki wyst\u0119p dla jego warsztatu, kt\u00f3ry ju\u017c teraz jest dobrze znany w \u015brodowisku. \u2014 Wsp\u00f3\u0142pracuj\u0119 z dwoma najmocniejszymi kolarzami g\u00f3rskimi w Polsce, zreszt\u0105 z ca\u0142ym teamem JBG-2. Poza tym dostaj\u0119 przesy\u0142ki z ca\u0142ego kraju z rowerami do serwisu. Nawet z Gda\u0144ska, wi\u0119c to mi\u0142e, \u017ce ludzi woleli przes\u0142a\u0107 rower do mnie na drugi koniec Polski ni\u017c do lokalnych specjalist\u00f3w \u2014 m\u00f3wi. Na brak pracy Pod\u017corski zatem nie narzeka i to w\u0142a\u015bnie do jej rytmu dopasowuje treningi.<\/p>\n<p class=\"Paragraph_desktopParagraph__Fd2e9\">\u2014 Zacz\u0105\u0142em maj\u0105c 20 lat, wi\u0119c dam rad\u0119 zbudowa\u0107 form\u0119 do pewnego poziomu, raczej nie ma ju\u017c co marzy\u0107 o startach w Pucharze \u015awiata. Stawiam na lokalne zawody, ewentualnie w Czechach. Po g\u0142owie ca\u0142y czas chodz\u0105 mi wy\u015bcigi etapowe typu Swiss Epic albo 4Islands. To ju\u017c bardziej realne marzenie do spe\u0142nienia. Amatorem raczej pozostan\u0119, bo po wsp\u00f3\u0142pracy z zawodowymi kolarzami widz\u0119, ile potrzebowa\u0142bym jeszcze czasu i po\u015bwi\u0119cenia, \u017ceby wej\u015b\u0107 na taki poziom \u2014 dodaje.<\/p>\n<p class=\"Paragraph_desktopParagraph__Fd2e9\">I oczywi\u015bcie nak\u0142ad\u00f3w finansowych. \u2014 To kosmiczne pieni\u0105dze. Kiedy sam, maj\u0105c wspomniane wcze\u015bniej &#8222;know-how&#8221;, przygotowuj\u0119 sobie rower, jest troch\u0119 inaczej, ale wiem, ile kosztuje zawodnik w klubie. To s\u0105 absurdalne kwoty, powiedzia\u0142bym, \u017ce w przeliczeniu na jedn\u0105 osob\u0119 nawet pi\u0119ciokrotnie wy\u017csze ni\u017c w skokach. Pami\u0119tam, jak jeszcze jako mechanik p\u0142aci\u0142em za obiad dziesi\u0119cioosobowego zespo\u0142u. Wiadomo, \u017ce kolarz musi dobrze zje\u015b\u0107, wi\u0119c to naprawd\u0119 du\u017co kosztowa\u0142o\u2026 Nie m\u00f3wi\u0105c ju\u017c o innych kwestiach, jak cho\u0107by przew\u00f3z roweru w ekskluzywnych liniach lotniczych. Na pewno to jeden z kosztowniejszych sport\u00f3w \u2014 przyznaje.<\/p>\n<p>Oto polski Primoz Rogli\u0107. Porzuci\u0142 skoki <\/p>\n<p class=\"Paragraph_desktopParagraph__Fd2e9\">Na zawodach nie raz s\u0142ysza\u0142 nawi\u0105zania do Primoza Roglicia. Fenomenalny s\u0142owe\u0144ski kolarz ma nawet w swoim CV zwyci\u0119stwo w Pucharze Kontynentalnym.<\/p>\n<p class=\"Paragraph_desktopParagraph__Fd2e9\">\u2014 Wiadomo, na szosie to troch\u0119 inny schemat podej\u015bcia do treningu. Oczywi\u015bcie technika te\u017c si\u0119 liczy, ale nie tak mocno jak u nas. Zreszt\u0105 skoki pomog\u0142y mi w budowaniu tej techniki, bo by\u0142em oswojony z pr\u0119dko\u015bci\u0105. Tak samo poczucie cia\u0142a by\u0142o na bardzo wysokim poziomie. Dlatego to przej\u015bcie ze skok\u00f3w do kolarstwa g\u00f3rskiego przysz\u0142o bardzo automatyczne i by\u0142o do\u015b\u0107 przyjemne \u2014 podsumowuje.<\/p>\n","protected":false},"excerpt":{"rendered":"\u2014 Odk\u0105d sko\u0144czy\u0142em ze skokami, \u015bni\u0142y mi si\u0119 tylko raz. W Innsbrucku polecia\u0142em srogo za punkt HS. Oczywi\u015bcie&hellip;\n","protected":false},"author":2,"featured_media":166218,"comment_status":"","ping_status":"","sticky":false,"template":"","format":"standard","meta":{"footnotes":""},"categories":[24],"tags":[29844,67,11744,42,38,40,39,41,136,128,47,1874,127,135,126],"class_list":{"0":"post-166217","1":"post","2":"type-post","3":"status-publish","4":"format-standard","5":"has-post-thumbnail","7":"category-sport","8":"tag-evg","9":"tag-intextvideo_splayer","10":"tag-ogor","11":"tag-pl","12":"tag-poland","13":"tag-polish","14":"tag-polska","15":"tag-polski","16":"tag-ps_detal_new","17":"tag-psv2","18":"tag-screening_general","19":"tag-skoki_narciarskie","20":"tag-sport","21":"tag-sport_sport","22":"tag-sports"},"share_on_mastodon":{"url":"https:\/\/pubeurope.com\/@pl\/115767151619718570","error":""},"_links":{"self":[{"href":"https:\/\/www.europesays.com\/pl\/wp-json\/wp\/v2\/posts\/166217","targetHints":{"allow":["GET"]}}],"collection":[{"href":"https:\/\/www.europesays.com\/pl\/wp-json\/wp\/v2\/posts"}],"about":[{"href":"https:\/\/www.europesays.com\/pl\/wp-json\/wp\/v2\/types\/post"}],"author":[{"embeddable":true,"href":"https:\/\/www.europesays.com\/pl\/wp-json\/wp\/v2\/users\/2"}],"replies":[{"embeddable":true,"href":"https:\/\/www.europesays.com\/pl\/wp-json\/wp\/v2\/comments?post=166217"}],"version-history":[{"count":0,"href":"https:\/\/www.europesays.com\/pl\/wp-json\/wp\/v2\/posts\/166217\/revisions"}],"wp:featuredmedia":[{"embeddable":true,"href":"https:\/\/www.europesays.com\/pl\/wp-json\/wp\/v2\/media\/166218"}],"wp:attachment":[{"href":"https:\/\/www.europesays.com\/pl\/wp-json\/wp\/v2\/media?parent=166217"}],"wp:term":[{"taxonomy":"category","embeddable":true,"href":"https:\/\/www.europesays.com\/pl\/wp-json\/wp\/v2\/categories?post=166217"},{"taxonomy":"post_tag","embeddable":true,"href":"https:\/\/www.europesays.com\/pl\/wp-json\/wp\/v2\/tags?post=166217"}],"curies":[{"name":"wp","href":"https:\/\/api.w.org\/{rel}","templated":true}]}}