{"id":166219,"date":"2025-12-23T05:14:08","date_gmt":"2025-12-23T05:14:08","guid":{"rendered":"https:\/\/www.europesays.com\/pl\/166219\/"},"modified":"2025-12-23T05:14:08","modified_gmt":"2025-12-23T05:14:08","slug":"topowa-oferta-ten-klub-daje-fortune-za-roberta-lewandowskiego-przeglad-sportowy-onet","status":"publish","type":"post","link":"https:\/\/www.europesays.com\/pl\/166219\/","title":{"rendered":"Topowa oferta! Ten klub daje fortun\u0119 za Roberta Lewandowskiego &#8211; Przegl\u0105d Sportowy Onet"},"content":{"rendered":"<ol>\n<li><a href=\"https:\/\/news.google.com\/rss\/articles\/CBMivgFBVV95cUxNUWpZLVNTSDlPY2hFcEg4VGlSbzZzc09TYjMzUlZoTkY4a010U29mYTZXSmE2ODJQZUhndk4yQ2MyNlV4U1loSTB4MnF2ak9jYmtXLVlTWnBQeEVNd2x0aEpHZW5pZk5SN0JoZTMwTzZnVXRJNFYydVlrcndaV2Y0TWtWaXgtaDRza2xWNFVjaVBBaUQ4cWhHb05Ed1hvZ0F6WTktMDJjRjZhMGhhaVhHV21lcURDLURuSDZmbXZB?oc=5\" target=\"_blank\" rel=\"nofollow noopener\">Topowa oferta! Ten klub daje fortun\u0119 za Roberta Lewandowskiego<\/a>&nbsp;&nbsp;Przegl\u0105d Sportowy Onet<\/li>\n<li><a href=\"https:\/\/news.google.com\/rss\/articles\/CBMioAFBVV95cUxNaHc4VlZRTTdhbGRDVTB5cEhRRWRfN1liYUxuOWRORWppT3pQeWV3ZEhFMnpGcExobF9RQWhvMnpWV0xkRnhoTk04d2UtRGloQjctY2R0UWRRV0tuaFB2ckFRZzYwUjhtRWVYeTgza3ZibUFCRTg3QTEtbHNSREdiQy1vNmx4Wkd6bmdjOEhPRENOOVhNLWt4czB4UERPLTZp?oc=5\" target=\"_blank\" rel=\"nofollow noopener\">Media: pad\u0142a deklaracja. To tam chce gra\u0107 Lewandowski<\/a>&nbsp;&nbsp;SportoweFakty<\/li>\n<li><a href=\"https:\/\/news.google.com\/rss\/articles\/CBMimwFBVV95cUxQUkY3ckNGMDZXb0hSaDRtUmg2TVhPbG82Mkp5VDRydjBhT3IxdThLRmczWUtleS16NWI2QlI2WlkwZVpPcjZyTnF1U3RSRWtqYV9oNnVYbVNjZ3NoZnpnaWRVdTVIMjFKeDdBMXVUS1Zvc0VHNjQ2UGpTRG1HSWhvVWR3V0prSlRkenI3clpQWlloS3BZSVJ0U2VLbw?oc=5\" target=\"_blank\" rel=\"nofollow noopener\">Kolejny klub chce Lewandowskiego. Borek ujawnia<\/a>&nbsp;&nbsp;Sport.pl<\/li>\n<li><a href=\"https:\/\/news.google.com\/rss\/articles\/CBMiqgFBVV95cUxPVzFWOTV6ZmNvMHhDMU9jSWkzdlR0dHIzWmNnWUFFS2MyZi1wdnc4c2dHUXktTUZ3d3AtZXRtcGcwa0ZsZk9FcDZPNVpseEhqV1BTdTU2c2dnbWxnQ0RZSGsyRXpWd29kc29XekJIUEU4c2dqLWFRQTByaW5TblIwc25PVjVEQ2JudE5yTTk4LU4xdUZ6Qm9VNC1kMGZrem4xclJscDRFRWZudw?oc=5\" target=\"_blank\" rel=\"nofollow noopener\">Kolejny klub zainteresowany Lewandowskim. Borek poda\u0142 nazw\u0119<\/a>&nbsp;&nbsp;Meczyki.pl<\/li>\n<li><a href=\"https:\/\/news.google.com\/rss\/articles\/CBMivwFBVV95cUxNMm9fSi1BOTQwTlZqWkRBNlFlQklSS2o0TnpPUXBMZjhFQWJaS1BVLXFUS0w1aHBZWWhFUjAzQnFlT0tmNXp2SnF4UzFrQ3lMQUxkR0ZKY2s1eEFnY1BTNnlxUGVBejREUXVoRGppWUtFaVFDQi1NeUM1eVYteXNBN2Z3YjlBbzdqZHFQbGZ0Q1FkMU9LOGdNMWJtei1RMFNzM2p0QVdBZ3Q5TmJBckg1RFZJajNTeWV6Y2kwRmYzWQ?oc=5\" target=\"_blank\" rel=\"nofollow noopener\">Lewandowski opu\u015bci\u0142 Barcelon\u0119 i gruchn\u0119\u0142y wie\u015bci. Nag\u0142y zwrot ws. Polaka. Og\u0142osili kierunek<\/a>&nbsp;&nbsp;Sport w INTERIA.PL<\/li>\n<\/ol>\n","protected":false},"excerpt":{"rendered":"Topowa oferta! Ten klub daje fortun\u0119 za Roberta Lewandowskiego&nbsp;&nbsp;Przegl\u0105d Sportowy Onet Media: pad\u0142a deklaracja. To tam chce gra\u0107&hellip;\n","protected":false},"author":2,"featured_media":166220,"comment_status":"","ping_status":"","sticky":false,"template":"","format":"standard","meta":{"footnotes":""},"categories":[24],"tags":[303,67,2960,2051,16673,32849,929,42,38,40,39,41,136,128,300,47,127,135,126,2817,130],"class_list":{"0":"post-166219","1":"post","2":"type-post","3":"status-publish","4":"format-standard","5":"has-post-thumbnail","7":"category-sport","8":"tag-fc_barcelona","9":"tag-intextvideo_splayer","10":"tag-la_liga","11":"tag-laliga","12":"tag-mls","13":"tag-orlando_city","14":"tag-pawb","15":"tag-pl","16":"tag-poland","17":"tag-polish","18":"tag-polska","19":"tag-polski","20":"tag-ps_detal_new","21":"tag-psv2","22":"tag-robert_lewandowski","23":"tag-screening_general","24":"tag-sport","25":"tag-sport_sport","26":"tag-sports","27":"tag-transfery","28":"tag-wiadomosci_sportowe"},"share_on_mastodon":{"url":"https:\/\/pubeurope.com\/@pl\/115767178801879597","error":""},"_links":{"self":[{"href":"https:\/\/www.europesays.com\/pl\/wp-json\/wp\/v2\/posts\/166219","targetHints":{"allow":["GET"]}}],"collection":[{"href":"https:\/\/www.europesays.com\/pl\/wp-json\/wp\/v2\/posts"}],"about":[{"href":"https:\/\/www.europesays.com\/pl\/wp-json\/wp\/v2\/types\/post"}],"author":[{"embeddable":true,"href":"https:\/\/www.europesays.com\/pl\/wp-json\/wp\/v2\/users\/2"}],"replies":[{"embeddable":true,"href":"https:\/\/www.europesays.com\/pl\/wp-json\/wp\/v2\/comments?post=166219"}],"version-history":[{"count":0,"href":"https:\/\/www.europesays.com\/pl\/wp-json\/wp\/v2\/posts\/166219\/revisions"}],"wp:featuredmedia":[{"embeddable":true,"href":"https:\/\/www.europesays.com\/pl\/wp-json\/wp\/v2\/media\/166220"}],"wp:attachment":[{"href":"https:\/\/www.europesays.com\/pl\/wp-json\/wp\/v2\/media?parent=166219"}],"wp:term":[{"taxonomy":"category","embeddable":true,"href":"https:\/\/www.europesays.com\/pl\/wp-json\/wp\/v2\/categories?post=166219"},{"taxonomy":"post_tag","embeddable":true,"href":"https:\/\/www.europesays.com\/pl\/wp-json\/wp\/v2\/tags?post=166219"}],"curies":[{"name":"wp","href":"https:\/\/api.w.org\/{rel}","templated":true}]}}