{"id":166564,"date":"2025-12-23T09:47:13","date_gmt":"2025-12-23T09:47:13","guid":{"rendered":"https:\/\/www.europesays.com\/pl\/166564\/"},"modified":"2025-12-23T09:47:13","modified_gmt":"2025-12-23T09:47:13","slug":"prezydent-usa-oglosil-budowe-okretow-typu-trump","status":"publish","type":"post","link":"https:\/\/www.europesays.com\/pl\/166564\/","title":{"rendered":"Prezydent USA og\u0142osi\u0142 budow\u0119 okr\u0119t\u00f3w \u201etypu Trump\u201d"},"content":{"rendered":"<p>   <a href=\"https:\/\/defence24.pl\/strona-autora\/bartlomiej-wypartowicz\" target=\"_self\" class=\"article-author__wrap\" rel=\"nofollow noopener\"><img loading=\"lazy\" decoding=\"async\" src=\"https:\/\/www.europesays.com\/pl\/wp-content\/uploads\/2025\/09\/rIBQNQozPowsyYi8kQ0c76oQGUCIZ8gJOOKiIiJN.bscf.png\" alt=\"\"  width=\"100\" height=\"100\" author=\"defence24\" caption=\"\" fullscreen=\"https:\/\/cdn.defence24.pl\/2023\/04\/20\/1920xpx\/rIBQNQozPowsyYi8kQ0c76oQGUCIZ8gJOOKiIiJN.a9ox.png\" class=\"img article-author__avatar img-avatar\"\/><br \/>\n          Bart\u0142omiej Wypartowicz<br \/>\n        <\/a>  <\/p>\n<p>Prezydent USA Donald Trump og\u0142osi\u0142 w poniedzia\u0142ek, \u017ce zatwierdzi\u0142 plan zbudowania przez Marynark\u0119 Wojenn\u0105 USA dw\u00f3ch okr\u0119t\u00f3w wojennych \u201etypu Trump\u201d. Przyw\u00f3dca powiedzia\u0142 dziennikarzom, \u017ce budowa rozpocznie si\u0119 \u201eprawie natychmiast\u201d i spodziewa si\u0119, \u017ce potrwa 2,5 roku.<\/p>\n<p>  <img decoding=\"async\" src=\"https:\/\/www.europesays.com\/pl\/wp-content\/uploads\/2025\/12\/gCECxNLLOGH6rBY9gvxGSyioehKyd0FvCbjiI9Xg.iwfw.jpg\" alt=\"Z\u0142ota Kopu\u0142a, Golden Dome, Donald Trump, USA, Stany Zjednoczone, wojsko, kosmos, technologie\"  width=\"800\" height=\"450\" author=\"The White House\" fetchpriority=\"high\" class=\"img image-with-caption__image\"\/><br \/>\n        Autor. The White House<\/p>\n<p class=\"paragraph-module\">Trump zapowiedzia\u0142 podczas briefingu na Florydzie, \u017ce chcia\u0142by, aby w przysz\u0142o\u015bci liczba nowych okr\u0119t\u00f3w, kt\u00f3re okre\u015bli\u0142 jako pancerniki, si\u0119gn\u0119\u0142a 25. Prezydentowi towarzyszyli szef Pentagonu Pete Hegseth, minister ds. floty John Phelan i szef dyplomacji Marco Rubio.<\/p>\n<p class=\"paragraph-module\">Jak zapewnia\u0142 Trump, nowe jednostki maj\u0105 by\u0107 \u201ewi\u0119ksze, szybsze i sto razy silniejsze od najwi\u0119kszych zbudowanych dotychczas przez USA okr\u0119t\u00f3w wojennych\u201d.<\/p>\n<p class=\"paragraph-module\">Przekaza\u0142 te\u017c, \u017ce nowe okr\u0119ty maj\u0105 by\u0107 wyposa\u017cone \u201ena najwy\u017cszym poziomie\u201d pod k\u0105tem artylerii okr\u0119towej i pocisk\u00f3w. &#8211; B\u0119d\u0105 te\u017c mia\u0142y du\u017co broni hipersonicznej, najnowocze\u015bniejsze dzia\u0142a elektryczne, a nawet du\u017cej mocy lasery &#8211; wymienia\u0142 Trump. Maj\u0105 mie\u0107 te\u017c na wyposa\u017ceniu nuklearne pociski manewruj\u0105ce, kt\u00f3re obecnie s\u0105 w fazie rozwoju.<\/p>\n<p class=\"paragraph-module\">Jak doda\u0142, okr\u0119ty maj\u0105 pom\u00f3c w \u201eutrzymaniu ameryka\u0144skiej dominacji militarnej\u201d oraz maj\u0105 o\u017cywi\u0107 ameryka\u0144ski przemys\u0142 okr\u0119towy i \u201ewzbudza\u0107 strach u ameryka\u0144skich wrog\u00f3w na ca\u0142ym \u015bwiecie\u201d. &#8211; Chcemy szacunku. I b\u0119dziemy go mie\u0107 &#8211; oznajmi\u0142.<\/p>\n<p class=\"paragraph-module\">Prezydent zapowiedzia\u0142 te\u017c, \u017ce spotka si\u0119 w tym tygodniu z wykonawcami z sektora zbrojeniowego, by rozmawia\u0107 o przyspieszeniu ich procesu produkcji.<\/p>\n<p class=\"paragraph-module\">Koncepcja budowy bardzo du\u017cych, silnie uzbrojonych okr\u0119t\u00f3w nawodnych mo\u017ce by\u0107 sprzeczna z obecnymi trendami w nowoczesnych konfliktach morskich, gdzie coraz wi\u0119ksz\u0105 rol\u0119 odgrywaj\u0105 bezza\u0142ogowce, systemy rakietowe dalekiego zasi\u0119gu oraz cyberwojna.  Du\u017ce jednostki mog\u0105 sta\u0107 si\u0119 \u0142atwym celem dla zaawansowanych system\u00f3w przeciwokr\u0119towych, kt\u00f3rymi dysponuj\u0105 m.in. Chiny i Rosja.<\/p>\n<p class=\"paragraph-module\">W tle zapowiedzi Trumpa pojawia si\u0119 r\u00f3wnie\u017c kwestia finansowania projektu. Budowa nowej klasy okr\u0119t\u00f3w tej skali mo\u017ce kosztowa\u0107 dziesi\u0105tki, a nawet setki miliard\u00f3w dolar\u00f3w, co oznacza konieczno\u015b\u0107 uzyskania zgody Kongresu. W przesz\u0142o\u015bci podobne ambitne programy modernizacji floty by\u0142y op\u00f3\u017aniane lub ograniczane w\u0142a\u015bnie ze wzgl\u0119du na koszty i problemy techniczne. Niewykluczone wi\u0119c, \u017ce projekt \u201eokr\u0119t\u00f3w typu Trump\u201d stanie si\u0119 jednym z kluczowych temat\u00f3w debaty politycznej w USA w nadchodz\u0105cych miesi\u0105cach.<\/p>\n","protected":false},"excerpt":{"rendered":"Bart\u0142omiej Wypartowicz Prezydent USA Donald Trump og\u0142osi\u0142 w poniedzia\u0142ek, \u017ce zatwierdzi\u0142 plan zbudowania przez Marynark\u0119 Wojenn\u0105 USA dw\u00f3ch&hellip;\n","protected":false},"author":2,"featured_media":134867,"comment_status":"","ping_status":"","sticky":false,"template":"","format":"standard","meta":{"footnotes":""},"categories":[14],"tags":[32,33,1835,27,34,35,32881,28,31,25,32741,40,41,80,29,30,597,26,161,82,83,84],"class_list":{"0":"post-166564","1":"post","2":"type-post","3":"status-publish","4":"format-standard","5":"has-post-thumbnail","7":"category-swiat","8":"tag-breaking-news","9":"tag-breakingnews","10":"tag-donald-trump","11":"tag-headlines","12":"tag-latest-news","13":"tag-latestnews","14":"tag-marynarka-wojenna-usa","15":"tag-naglowki","16":"tag-najwazniejsze-artykuly","17":"tag-news","18":"tag-okrety","19":"tag-polish","20":"tag-polski","21":"tag-swiat","22":"tag-top-stories","23":"tag-topstories","24":"tag-trump","25":"tag-wiadomosci","26":"tag-wojsko","27":"tag-world","28":"tag-world-news","29":"tag-worldnews"},"share_on_mastodon":{"url":"https:\/\/pubeurope.com\/@pl\/115768252824083752","error":""},"_links":{"self":[{"href":"https:\/\/www.europesays.com\/pl\/wp-json\/wp\/v2\/posts\/166564","targetHints":{"allow":["GET"]}}],"collection":[{"href":"https:\/\/www.europesays.com\/pl\/wp-json\/wp\/v2\/posts"}],"about":[{"href":"https:\/\/www.europesays.com\/pl\/wp-json\/wp\/v2\/types\/post"}],"author":[{"embeddable":true,"href":"https:\/\/www.europesays.com\/pl\/wp-json\/wp\/v2\/users\/2"}],"replies":[{"embeddable":true,"href":"https:\/\/www.europesays.com\/pl\/wp-json\/wp\/v2\/comments?post=166564"}],"version-history":[{"count":0,"href":"https:\/\/www.europesays.com\/pl\/wp-json\/wp\/v2\/posts\/166564\/revisions"}],"wp:featuredmedia":[{"embeddable":true,"href":"https:\/\/www.europesays.com\/pl\/wp-json\/wp\/v2\/media\/134867"}],"wp:attachment":[{"href":"https:\/\/www.europesays.com\/pl\/wp-json\/wp\/v2\/media?parent=166564"}],"wp:term":[{"taxonomy":"category","embeddable":true,"href":"https:\/\/www.europesays.com\/pl\/wp-json\/wp\/v2\/categories?post=166564"},{"taxonomy":"post_tag","embeddable":true,"href":"https:\/\/www.europesays.com\/pl\/wp-json\/wp\/v2\/tags?post=166564"}],"curies":[{"name":"wp","href":"https:\/\/api.w.org\/{rel}","templated":true}]}}