{"id":166781,"date":"2025-12-23T11:43:09","date_gmt":"2025-12-23T11:43:09","guid":{"rendered":"https:\/\/www.europesays.com\/pl\/166781\/"},"modified":"2025-12-23T11:43:09","modified_gmt":"2025-12-23T11:43:09","slug":"glosno-po-tym-co-zrobil-w-internecie-od-razu-pisza-o-transferze-do-barcelony","status":"publish","type":"post","link":"https:\/\/www.europesays.com\/pl\/166781\/","title":{"rendered":"G\u0142o\u015bno po tym, co zrobi\u0142 w internecie. Od razu pisz\u0105 o transferze do Barcelony"},"content":{"rendered":"\n<p class=\"contentpart contentpart--default contentpart--text\" data-position=\"0\">W\u0142oskie i hiszpa\u0144skie media \u0142\u0105cz\u0105 <a href=\"https:\/\/sportowefakty.wp.pl\/pilka-nozna\/alessandro-bastoni\" rel=\"nofollow noopener\" target=\"_blank\">Alessandro Bastoniego<\/a>\u00a0z <a href=\"https:\/\/sportowefakty.wp.pl\/pilka-nozna\/fc-barcelona\" rel=\"nofollow noopener\" target=\"_blank\">FC Barcelon\u0105<\/a>\u00a0od kilku dni. Wed\u0142ug doniesie\u0144 klub z\u00a0Camp Nou rozwa\u017ca wzmocnienie \u015brodka obrony po kontuzji <a href=\"https:\/\/sportowefakty.wp.pl\/pilka-nozna\/andreas-christensen\" rel=\"nofollow noopener\" target=\"_blank\">Andreasa Christensena<\/a>\u00a0i mentalnych problemach <a href=\"https:\/\/sportowefakty.wp.pl\/pilka-nozna\/ronald-araujo\" rel=\"nofollow noopener\" target=\"_blank\">Ronalda Araujo<\/a>.<\/p>\n<p class=\"contentpart contentpart--default contentpart--text\" data-position=\"1\">Kluczowym elementem uk\u0142adanki jest kontrakt pi\u0142karza. Umowa Bastoniego obowi\u0105zuje do 2028 r., a wi\u0119c ju\u017c w\u00a02026 r. Inter mo\u017ce stan\u0105\u0107 przed wyborem: przed\u0142u\u017cenie wsp\u00f3\u0142pracy albo sprzeda\u017c, je\u015bli zawodnik nie zdecyduje si\u0119 na nowy kontrakt.<\/p>\n<p> <img role=\"presentation\" src=\"https:\/\/std.wpcdn.pl\/images\/adv\/placeholder_wp.svg\" loading=\"lazy\" alt=\"\" decoding=\"async\"\/>  <\/p>\n<p class=\"contentpart contentpart--default contentpart--text\" data-position=\"2\">ZOBACZ WIDEO: #dziejesiewsporcie: Co to by\u0142 za rzut! Skrad\u0142 show przed meczem<\/p>\n<p class=\"contentpart contentpart--default contentpart--text\" data-position=\"4\">Nowy impuls do spekulacji da\u0142a aktywno\u015b\u0107 pi\u0142karza w\u00a0mediach spo\u0142eczno\u015bciowych. Wed\u0142ug &#8222;Mundo Deportivo&#8221; Bastoni mia\u0142 polubi\u0107 komentarz pod wpisem na Instagramie, w\u00a0kt\u00f3rym kibic zach\u0119ca\u0142 go do transferu do Barcelony.<\/p>\n<p class=\"contentpart contentpart--default contentpart--text\" data-position=\"5\">To nie by\u0142 jednorazowy gest. Jak relacjonuje \u017ar\u00f3d\u0142o, inne wpisy w\u00a0podobnym tonie r\u00f3wnie\u017c otrzyma\u0142y &#8222;serduszko&#8221;\u00a0od w\u0142oskiego obro\u0144cy.<\/p>\n<p class=\"contentpart contentpart--default contentpart--text\" data-position=\"6\">Taka reakcja w\u00a0sieci nie przes\u0105dza o\u00a0kierunku kariery, ale bywa odczytywana jako sygna\u0142. &#8222;Puszcza oko do FC Barcelony&#8221; &#8211; podkre\u015bla katalo\u0144ski dziennik sportowy. Bastoni jest aktualnie wyceniany na 80 mln euro.<\/p>\n","protected":false},"excerpt":{"rendered":"W\u0142oskie i hiszpa\u0144skie media \u0142\u0105cz\u0105 Alessandro Bastoniego\u00a0z FC Barcelon\u0105\u00a0od kilku dni. Wed\u0142ug doniesie\u0144 klub z\u00a0Camp Nou rozwa\u017ca wzmocnienie&hellip;\n","protected":false},"author":2,"featured_media":166782,"comment_status":"","ping_status":"","sticky":false,"template":"","format":"standard","meta":{"footnotes":""},"categories":[24],"tags":[32518,24743,272,267,6585,538,269,540,2821,278,42,38,40,39,41,10336,3539,127,126,898],"class_list":{"0":"post-166781","1":"post","2":"type-post","3":"status-publish","4":"format-standard","5":"has-post-thumbnail","7":"category-sport","8":"tag-alessandro-bastoni","9":"tag-andreas-christensen","10":"tag-fc-barcelona","11":"tag-hiszpania","12":"tag-inter-mediolan","13":"tag-la-liga","14":"tag-pilka-nozna","15":"tag-pilka-nozna-w-hiszpanii","16":"tag-pilka-nozna-we-wloszech","17":"tag-pilka-w-europie","18":"tag-pl","19":"tag-poland","20":"tag-polish","21":"tag-polska","22":"tag-polski","23":"tag-ronald-araujo","24":"tag-serie-a","25":"tag-sport","26":"tag-sports","27":"tag-wlochy"},"share_on_mastodon":{"url":"https:\/\/pubeurope.com\/@pl\/115768709247982069","error":""},"_links":{"self":[{"href":"https:\/\/www.europesays.com\/pl\/wp-json\/wp\/v2\/posts\/166781","targetHints":{"allow":["GET"]}}],"collection":[{"href":"https:\/\/www.europesays.com\/pl\/wp-json\/wp\/v2\/posts"}],"about":[{"href":"https:\/\/www.europesays.com\/pl\/wp-json\/wp\/v2\/types\/post"}],"author":[{"embeddable":true,"href":"https:\/\/www.europesays.com\/pl\/wp-json\/wp\/v2\/users\/2"}],"replies":[{"embeddable":true,"href":"https:\/\/www.europesays.com\/pl\/wp-json\/wp\/v2\/comments?post=166781"}],"version-history":[{"count":0,"href":"https:\/\/www.europesays.com\/pl\/wp-json\/wp\/v2\/posts\/166781\/revisions"}],"wp:featuredmedia":[{"embeddable":true,"href":"https:\/\/www.europesays.com\/pl\/wp-json\/wp\/v2\/media\/166782"}],"wp:attachment":[{"href":"https:\/\/www.europesays.com\/pl\/wp-json\/wp\/v2\/media?parent=166781"}],"wp:term":[{"taxonomy":"category","embeddable":true,"href":"https:\/\/www.europesays.com\/pl\/wp-json\/wp\/v2\/categories?post=166781"},{"taxonomy":"post_tag","embeddable":true,"href":"https:\/\/www.europesays.com\/pl\/wp-json\/wp\/v2\/tags?post=166781"}],"curies":[{"name":"wp","href":"https:\/\/api.w.org\/{rel}","templated":true}]}}