{"id":166854,"date":"2025-12-23T12:30:23","date_gmt":"2025-12-23T12:30:23","guid":{"rendered":"https:\/\/www.europesays.com\/pl\/166854\/"},"modified":"2025-12-23T12:30:23","modified_gmt":"2025-12-23T12:30:23","slug":"niemowle-w-szpitalu-rodzice-z-zarzutami-znecania-sie-i-narazenia-zycia","status":"publish","type":"post","link":"https:\/\/www.europesays.com\/pl\/166854\/","title":{"rendered":"Niemowl\u0119 w szpitalu, rodzice z zarzutami zn\u0119cania si\u0119 i nara\u017cenia \u017cycia"},"content":{"rendered":"<p class=\"article-p\" data-section=\"detail-body\">To m\u0142odzi, dwudziestoparoletni rodzice zadzwonili na pogotowie, zaniepokojeni stanem swojego czteromiesi\u0119cznego synka. <a href=\"https:\/\/wiadomosci.onet.pl\/slask\/niebezpieczne-zdarzenie-na-slasku-dziecko-wpadlo-do-zbiornika-wodnego\/70g1tyx\" id=\"1e38238f-fa87-403b-800e-89119a04efde\" rel=\"nofollow noopener\" target=\"_blank\">Dziecko w ci\u0119\u017ckim stanie <\/a>trafi\u0142o do szpitala. Lekarze zacz\u0119li mie\u0107 powa\u017cne w\u0105tpliwo\u015bci co do przyczyn obra\u017ce\u0144 ch\u0142opczyka i poinformowali o swoich podejrzeniach s\u0142u\u017cby socjalne i policj\u0119. Wszcz\u0119to \u015bledztwo. Cho\u0107 dramat rozegra\u0142 si\u0119 kilka dni wcze\u015bniej, dopiero 22 grudnia sprawa ujrza\u0142a \u015bwiat\u0142o dzienne, po materiale wyemitowanym przez TVP3 Gorz\u00f3w Wielkopolski.<\/p>\n<p>        Rodzice aresztowani. Prokuratura bada spraw\u0119<\/p>\n<p class=\"article-p\" data-section=\"detail-body\">Prokuratura Okr\u0119gowa w Gorzowie gromadzi dowody. Jak przekazali \u015bledczy, rodzice us\u0142yszeli zarzuty zn\u0119cania si\u0119 nad dzieckiem ze szczeg\u00f3lnym okrucie\u0144stwem, nara\u017cenia go na utrat\u0119 zdrowia i \u017cycia oraz <a href=\"https:\/\/www.medonet.pl\/biznes-system-i-zdrowie\/trendy-w-ochronie-zdrowia,zus--zasilek-chorobowy-nie-dla-wszystkich--sprawdz--co-musisz-zrobic,artykul,71296357.html\" id=\"0f90e07e-b789-4190-aa61-a34a7a6438c3\" rel=\"nofollow noopener\" target=\"_blank\">nieudzielenia pomocy.<\/a> Grozi im do 10 lat wi\u0119zienia. Trwa wyja\u015bnianie okoliczno\u015bci sprawy, ale ju\u017c teraz oboje trafili do aresztu.<\/p>\n<p>        Starszy brat zabrany z domu<\/p>\n<p class=\"article-p\" data-section=\"detail-body\">Po interwencji pracownik\u00f3w socjalnych odebrano z domu tak\u017ce starsze dziecko, czteroletniego brata niemowl\u0119cia. Trafi\u0142 pod opiek\u0119 <a href=\"https:\/\/www.fakt.pl\/wydarzenia\/polska\/trojmiasto\/obiad-dla-przedszkolaka-i-ucznia-zloz-wniosek-o-wsparcie\/x0hncle\" id=\"b48b891b-995a-4e84-927a-e75480bb1b85\" rel=\"nofollow noopener\" target=\"_blank\">pieczy zast\u0119pczej. <\/a>Na szcz\u0119\u015bcie by\u0142 ca\u0142y i zdrowy.<\/p>\n<p class=\"article-p\" data-section=\"detail-body\">Pracownicy O\u015brodka Pomocy Spo\u0142ecznej w Witnicy potwierdzili, \u017ce rodzina by\u0142a ju\u017c wcze\u015bniej znana s\u0142u\u017cbom spo\u0142ecznym.<\/p>\n<p class=\"article-p\" data-section=\"detail-body\">\u2014 Z rodzin\u0105 prowadzona by\u0142a szeroka praca: pomoc materialna, poradnictwo, wsparcie asystenta rodziny. Z naszej inicjatywy s\u0105d rodzinny wszcz\u0105\u0142 r\u00f3wnie\u017c procedur\u0119 wgl\u0105du w sytuacj\u0119 \u2014 m\u00f3wi w rozmowie z &#8222;Informacjami Lubuskimi&#8221; Tomasz To\u0142pa, kierownik OPS w Witnicy. \u2014 Rodzina nie wsp\u00f3\u0142pracowa\u0142a z nami. Zw\u0142aszcza ojciec dzieci. Matka, powiedzmy, troch\u0119 bardziej.<\/p>\n<p class=\"article-p\" data-section=\"detail-body\">Rodzina zajmowa\u0142a dwa oddzielne mieszkania w jednym budynku, ze wsp\u00f3ln\u0105 kuchni\u0105. W drugim lokalu mieszka\u0142 dziadek dzieci, ojciec ich matki.<\/p>\n<p>        Co dalej z niemowl\u0119ciem?<\/p>\n<p class=\"article-p\" data-section=\"detail-body\">Dziecko, kt\u00f3re trafi\u0142o do szpitala w ci\u0119\u017ckim stanie, obecnie przebywa na oddziale neurologii dzieci\u0119cej w Nowej Soli. Jak informuje Dawid Moczulski z tamtejszej lecznicy, ch\u0142opczyk jest w stanie stabilnym, spokojny, ma apetyt. Przebywa na oddziale neurologii dzieci\u0119cej i b\u0119dzie dalej obserwowany. Taka obserwacja potrafi trwa\u0107 nawet dwa miesi\u0105ce.<\/p>\n<p class=\"article-p\" data-section=\"detail-body\">Na razie lekarze nie przes\u0105dzaj\u0105, jakie b\u0119d\u0105 dalsze rokowania.<\/p>\n<p class=\"article-p\" data-section=\"detail-body\">(\u0179r\u00f3d\u0142o: TVP3 Gorz\u00f3w Wielkopolski, Informacje Lubuskie \/ oprac. Fakt)<\/p>\n<p>        \/1<\/p>\n<p>                    <img decoding=\"async\" class=\"article-image-img\" loading=\"lazy\" alt=\"\" src=\"https:\/\/www.europesays.com\/pl\/wp-content\/uploads\/2025\/12\/zQfk9kuTURBXy9hOTI2YmZkZC02NDgzLTRkN2MtYWVhMC0wZWM3OGVlODE4YTEuanBlZ5GTAs0DSM0B2N4AAqEwAaExAQ.jpeg\" width=\"840\" height=\"472\"\/><\/p>\n<p>                  123RF, Grzegorz Niewiadomski \/ newspix.pl<\/p>\n<p class=\"article-gallery-p\">\n        Czteromiesi\u0119czne niemowl\u0119 trafi\u0142o w ci\u0119\u017ckim stanie do szpitala. Rodzice zostali zatrzymani i tymczasowo aresztowani. \u015aledczy badaj\u0105, co dzia\u0142o si\u0119 w domu dziecka. Zdj\u0119cie ilustracyjne.\n    <\/p>\n","protected":false},"excerpt":{"rendered":"To m\u0142odzi, dwudziestoparoletni rodzice zadzwonili na pogotowie, zaniepokojeni stanem swojego czteromiesi\u0119cznego synka. Dziecko w ci\u0119\u017ckim stanie trafi\u0142o do&hellip;\n","protected":false},"author":2,"featured_media":166855,"comment_status":"","ping_status":"","sticky":false,"template":"","format":"standard","meta":{"footnotes":""},"categories":[12],"tags":[32,33,36,37,27,34,35,28,31,25,42,38,40,39,41,29,30,26],"class_list":{"0":"post-166854","1":"post","2":"type-post","3":"status-publish","4":"format-standard","5":"has-post-thumbnail","7":"category-polska","8":"tag-breaking-news","9":"tag-breakingnews","10":"tag-featured-news","11":"tag-featurednews","12":"tag-headlines","13":"tag-latest-news","14":"tag-latestnews","15":"tag-naglowki","16":"tag-najwazniejsze-artykuly","17":"tag-news","18":"tag-pl","19":"tag-poland","20":"tag-polish","21":"tag-polska","22":"tag-polski","23":"tag-top-stories","24":"tag-topstories","25":"tag-wiadomosci"},"share_on_mastodon":{"url":"https:\/\/pubeurope.com\/@pl\/115768893756425986","error":""},"_links":{"self":[{"href":"https:\/\/www.europesays.com\/pl\/wp-json\/wp\/v2\/posts\/166854","targetHints":{"allow":["GET"]}}],"collection":[{"href":"https:\/\/www.europesays.com\/pl\/wp-json\/wp\/v2\/posts"}],"about":[{"href":"https:\/\/www.europesays.com\/pl\/wp-json\/wp\/v2\/types\/post"}],"author":[{"embeddable":true,"href":"https:\/\/www.europesays.com\/pl\/wp-json\/wp\/v2\/users\/2"}],"replies":[{"embeddable":true,"href":"https:\/\/www.europesays.com\/pl\/wp-json\/wp\/v2\/comments?post=166854"}],"version-history":[{"count":0,"href":"https:\/\/www.europesays.com\/pl\/wp-json\/wp\/v2\/posts\/166854\/revisions"}],"wp:featuredmedia":[{"embeddable":true,"href":"https:\/\/www.europesays.com\/pl\/wp-json\/wp\/v2\/media\/166855"}],"wp:attachment":[{"href":"https:\/\/www.europesays.com\/pl\/wp-json\/wp\/v2\/media?parent=166854"}],"wp:term":[{"taxonomy":"category","embeddable":true,"href":"https:\/\/www.europesays.com\/pl\/wp-json\/wp\/v2\/categories?post=166854"},{"taxonomy":"post_tag","embeddable":true,"href":"https:\/\/www.europesays.com\/pl\/wp-json\/wp\/v2\/tags?post=166854"}],"curies":[{"name":"wp","href":"https:\/\/api.w.org\/{rel}","templated":true}]}}