{"id":166968,"date":"2025-12-23T13:40:16","date_gmt":"2025-12-23T13:40:16","guid":{"rendered":"https:\/\/www.europesays.com\/pl\/166968\/"},"modified":"2025-12-23T13:40:16","modified_gmt":"2025-12-23T13:40:16","slug":"awaria-w-szwedzkiej-elektrowni-atomowej-wylaczono-reaktor","status":"publish","type":"post","link":"https:\/\/www.europesays.com\/pl\/166968\/","title":{"rendered":"Awaria w szwedzkiej elektrowni atomowej. Wy\u0142\u0105czono reaktor"},"content":{"rendered":"<p>W Elektrowni J\u0105drowej Forsmark w Szwecji dosz\u0142o do awarii reaktora Forsmark 1, w zwi\u0105zku z tym podj\u0119to decyzj\u0119 o jego czasowym wy\u0142\u0105czeniu &#8211; przekaza\u0142y w nocy z poniedzia\u0142ku na wtorek szwedzkie media, powo\u0142uj\u0105c si\u0119 na operatora elektrowni, firm\u0119 Vattenfall. Trwaj\u0105 prace nad usuni\u0119ciem awarii.<\/p>\n<p class=\"font-bold text-sm [&amp;&gt;a]:hover:underline text-[#757575] font-['Roboto']\">Autor: <a href=\"https:\/\/niezalezna.pl\/autor\/mateusz-mol\" rel=\"nofollow noopener\" target=\"_blank\">Mateusz Mol<\/a><\/p>\n<p>         copied = false, 2000);<br \/>\n        &#8222;&gt;<\/p>\n<p>                    <img decoding=\"async\" src=\"https:\/\/www.europesays.com\/pl\/wp-content\/uploads\/2025\/12\/n_e18a0b521c8abfe664928b075e3576609d426dbc9ab10f7a2f5ac4e5c04971b6_c.jpg\" alt=\"Elektrownia j\u0105drowa Forsmark\" class=\"w-full h-auto\"\/><\/p>\n<p>        By robin-root &#8211; https:\/\/www.flickr.com\/photos\/robin-root\/222328805\/, &#8211; CC BY-SA 2.0, https:\/\/commons.wikimedia.org\/w\/index.php?curid=1195045<\/p>\n<p>        Elektrownia j\u0105drowa Forsmark<\/p>\n<p>\\Firma Vattenfall podaje na swej stronie internetowej, \u017ce w ubieg\u0142ym tygodniu zako\u0144czy\u0142y si\u0119 prace konserwacyjne tego reaktora.<\/p>\n<p>W Szwecji dzia\u0142aj\u0105 obecnie trzy elektrownie j\u0105drowe, w sumie sze\u015b\u0107 reaktor\u00f3w: trzy w elektrowni Forsmark, dwa w Oskarshamn i jeden w elektrowni Ringhals. Razem odpowiadaj\u0105 one za oko\u0142o 30 procent szwedzkiej produkcji energii elektrycznej. Reaktor Forsmark 1, po\u0142o\u017cony oko\u0142o 130 kilometr\u00f3w na p\u00f3\u0142noc od stolicy kraju, Sztokholmu, zosta\u0142 oddany do u\u017cytku w 1980 roku.<\/p>\n<p>Agencja dpa pisze, \u017ce szwedzki rz\u0105d uwa\u017ca energetyk\u0119 j\u0105drow\u0105 za kluczowy element na drodze do bardziej przyjaznej dla klimatu przysz\u0142o\u015bci.<\/p>\n","protected":false},"excerpt":{"rendered":"W Elektrowni J\u0105drowej Forsmark w Szwecji dosz\u0142o do awarii reaktora Forsmark 1, w zwi\u0105zku z tym podj\u0119to decyzj\u0119&hellip;\n","protected":false},"author":2,"featured_media":166969,"comment_status":"","ping_status":"","sticky":false,"template":"","format":"standard","meta":{"footnotes":""},"categories":[14],"tags":[32,33,27,34,35,28,31,25,40,41,80,29,30,26,82,83,84],"class_list":{"0":"post-166968","1":"post","2":"type-post","3":"status-publish","4":"format-standard","5":"has-post-thumbnail","7":"category-swiat","8":"tag-breaking-news","9":"tag-breakingnews","10":"tag-headlines","11":"tag-latest-news","12":"tag-latestnews","13":"tag-naglowki","14":"tag-najwazniejsze-artykuly","15":"tag-news","16":"tag-polish","17":"tag-polski","18":"tag-swiat","19":"tag-top-stories","20":"tag-topstories","21":"tag-wiadomosci","22":"tag-world","23":"tag-world-news","24":"tag-worldnews"},"share_on_mastodon":{"url":"https:\/\/pubeurope.com\/@pl\/115769168952835250","error":""},"_links":{"self":[{"href":"https:\/\/www.europesays.com\/pl\/wp-json\/wp\/v2\/posts\/166968","targetHints":{"allow":["GET"]}}],"collection":[{"href":"https:\/\/www.europesays.com\/pl\/wp-json\/wp\/v2\/posts"}],"about":[{"href":"https:\/\/www.europesays.com\/pl\/wp-json\/wp\/v2\/types\/post"}],"author":[{"embeddable":true,"href":"https:\/\/www.europesays.com\/pl\/wp-json\/wp\/v2\/users\/2"}],"replies":[{"embeddable":true,"href":"https:\/\/www.europesays.com\/pl\/wp-json\/wp\/v2\/comments?post=166968"}],"version-history":[{"count":0,"href":"https:\/\/www.europesays.com\/pl\/wp-json\/wp\/v2\/posts\/166968\/revisions"}],"wp:featuredmedia":[{"embeddable":true,"href":"https:\/\/www.europesays.com\/pl\/wp-json\/wp\/v2\/media\/166969"}],"wp:attachment":[{"href":"https:\/\/www.europesays.com\/pl\/wp-json\/wp\/v2\/media?parent=166968"}],"wp:term":[{"taxonomy":"category","embeddable":true,"href":"https:\/\/www.europesays.com\/pl\/wp-json\/wp\/v2\/categories?post=166968"},{"taxonomy":"post_tag","embeddable":true,"href":"https:\/\/www.europesays.com\/pl\/wp-json\/wp\/v2\/tags?post=166968"}],"curies":[{"name":"wp","href":"https:\/\/api.w.org\/{rel}","templated":true}]}}