{"id":167139,"date":"2025-12-23T15:20:09","date_gmt":"2025-12-23T15:20:09","guid":{"rendered":"https:\/\/www.europesays.com\/pl\/167139\/"},"modified":"2025-12-23T15:20:09","modified_gmt":"2025-12-23T15:20:09","slug":"usa-europa-i-masowa-migracja-ostrzezenie-to-ultimatum","status":"publish","type":"post","link":"https:\/\/www.europesays.com\/pl\/167139\/","title":{"rendered":"USA, Europa i masowa migracja. &#8222;Ostrze\u017cenie to ultimatum&#8221;"},"content":{"rendered":"\n<p>&#13;<br \/>\nW <a href=\"https:\/\/dorzeczy.pl\/swiat\/824009\/rubio-raz-jeszcze-przypomina-czym-jest-masowa-migracja.html\" rel=\"nofollow noopener\" target=\"_blank\">najnowszym wywiadzie<\/a> ameryka\u0144ski sekretarz stanu Rubio ponownie m\u00f3wi\u0142 konieczno\u015bci zastopowania masowej migracji, podkre\u015blaj\u0105c, \u017ce\u00a0jest to\u00a0przedsi\u0119wzi\u0119cie destrukcyjne dla\u00a0ka\u017cdego kraju, kt\u00f3ry si\u0119 go\u00a0podejmuje. Jednak, jak zauwa\u017cy\u0142, podczas gdy administracja waszyngto\u0144ska po\u00a0zmianie w\u0142adzy prowadzi szeroko zakrojone dzia\u0142ania, aby\u00a0rozwi\u0105za\u0107 ten problem u\u00a0siebie, przyw\u00f3dcy zachodnioeuropejscy nie\u00a0tylko nie\u00a0rezygnuj\u0105 z\u00a0masowej migracji, ale\u00a0dalej w\u00a0ni\u0105 brn\u0105. &#13;\n<\/p>\n<p>&#13;<br \/>\nPrezes Warsaw Enterprise Institute Tomasz Wr\u00f3blewski, nale\u017c\u0105cy do\u00a0grona publicyst\u00f3w, kt\u00f3rzy od\u00a0dawna podnosz\u0105 t\u0119\u00a0kwesti\u0119, zwr\u00f3ci\u0142 uwag\u0119, \u017ce\u00a0politycy europejscy powinni wreszcie zrozumie\u0107, co\u00a0dok\u0142adnie pr\u00f3buj\u0105 przekaza\u0107 i\u00a0u\u015bwiadomi\u0107 im\u00a0Amerykanie w\u00a0kontek\u015bcie bezpiecze\u0144stwa pa\u0144stw Starego Kontynentu. &#13;\n<\/p>\n<p>Masowa migracja. Wr\u00f3blewski: Europa zaj\u0119ta fantazjowaniem <\/p>\n<p>&#13;<br \/>\n &#8222;Czy kto\u015b tu w\u00a0Europie s\u0142ucha tego co\u00a0m\u00f3wi Waszyngton, czy\u00a0dalej zaj\u0119ci jeste\u015bmy fantazjowaniem o\u00a0wspania\u0142omy\u015blnej planecie dla\u00a0wszystkich potrzebuj\u0105cych. Sekretarz Stanu Marco Rubio powt\u00f3rzy\u0142 to\u00a0co znalaz\u0142o si\u0119 w\u00a0<a href=\"https:\/\/dorzeczy.pl\/opinie\/817952\/wos-dosc-histerii-w-strategii-usa-nie-ma-nic-strasznego.html\" rel=\"nofollow noopener\" target=\"_blank\">Narodowej Strategii US<\/a>, \u017ce\u00a0Europa stoi w\u00a0obliczu &#8222;cywilizacyjnej erozji&#8221; z\u00a0powodu masowej migracji, kt\u00f3ra, jak twierdzi\u0142, podwa\u017ca wsp\u00f3ln\u0105 histori\u0119, kultur\u0119 i\u00a0warto\u015bci, kt\u00f3re le\u017c\u0105 u\u00a0podstaw sojuszu NATO&#8221; \u2013\u00a0napisa\u0142 Wr\u00f3blewski na\u00a0ameryka\u0144skiej platformie X, kt\u00f3ra nawiasem m\u00f3wi\u0105c dosta\u0142a niedawno wysok\u0105 kar\u0119 finansow\u0105 w\u00a0istocie rzeczy za\u00a0nieodpowiednie cenzurowanie tre\u015bci. &#13;\n<\/p>\n<p>Po co\u00a0wojska ameryka\u0144skie maj\u0105 chroni\u0107 kontynent zmierzaj\u0105cy do\u00a0autodestrukcji? <\/p>\n<p>&#13;<br \/>\nWr\u00f3blewski t\u0142umaczy dalej, \u017ce\u00a0Rubio &#8222;ostrzeg\u0142, \u017ce\u00a0je\u015bli Europa straci swoj\u0105 odr\u0119bn\u0105 to\u017csamo\u015b\u0107 kulturow\u0105, NATO przestanie by\u0107 sojuszem wsp\u00f3lnych zasad. Ostrze\u017cenie Rubio to\u00a0ultimatum. Je\u015bli NATO polega\u0107 ma\u00a0na\u00a0tym, \u017ce\u00a0wojska ameryka\u0144skie chroni\u0105 terytorium Europy, podczas gdy Europa importuje ludzi, kt\u00f3rzy gardz\u0105 wszystkim, czego rzekomo broni NATO, to\u00a0po co\u00a0ameryka\u0144scy \u017co\u0142nierze maj\u0105 tam stacjonowa\u0107?&#8221;. &#13;\n<\/p>\n<p>USA zmieni\u0142y strategi\u0119 bezpiecze\u0144stwa. Obawiaj\u0105 si\u0119 o\u00a0przysz\u0142o\u015b\u0107 Europy <\/p>\n<p>&#13;<br \/>\nW nowej Strategii Bezpiecze\u0144stwa Narodowego <a href=\"https:\/\/dorzeczy.pl\/swiat\/815840\/migracja-cenzura-suwerennosc-strategia-usa-wzywa-europe.html\" rel=\"nofollow noopener\" target=\"_blank\">USA po\u00a0raz kolejny ostrzegaj\u0105 Europ\u0119<\/a> przed masow\u0105 migracj\u0105, cenzur\u0105, niszczeniem w\u0142asnych gospodarek tzw. polityk\u0105 klimatyczn\u0105 i\u00a0odbieraniem pa\u0144stwom cz\u0142onkowskim suwerenno\u015bci przez Komisj\u0119 Europejsk\u0105. &#13;\n<\/p>\n<p>&#13;<br \/>\nW dokumencie rozdzia\u0142 trzeci Amerykanie po\u015bwi\u0119cili Europie. Zwracaj\u0105 w\u00a0nim uwag\u0119, \u017ce\u00a0Europa stan\u0119\u0142a w\u00a0obliczu &#8222;wymazania cywilizacyjnego&#8221;. Szans na\u00a0przetrwanie kontynentu Amerykanie upatruj\u0105 w\u00a0pa\u0144stwach Europy \u015arodkowo-Wschodniej, kt\u00f3re pr\u00f3buj\u0105 opiera\u0107 si\u0119 masowej migracji i\u00a0tzw. zielonej polityce Brukseli. &#13;\n<\/p>\n<p>&#13;<br \/>\nCzytaj te\u017c:<br \/><a href=\"https:\/\/dorzeczy.pl\/swiat\/815927\/masowa-migracja-do-europy-wladze-stolicy-nie-zaluja-kasy.html\" rel=\"follow nofollow noopener\" data-schema=\"DORZECZY\" data-image=\"https:\/\/img.dorzeczy.pl\/_thumb\/9c\/78\/6671b1ac3b8335b6655702810b4b.jpeg\" target=\"_blank\">W\u0142adze stolicy nie\u00a0\u017ca\u0142uj\u0105 pieni\u0119dzy na\u00a0masow\u0105 migracj\u0119. &#8222;Wielkie do\u015bwiadczenie dla\u00a0rodziny&#8221;<\/a>&#13;<\/p>\n","protected":false},"excerpt":{"rendered":"&#13; W najnowszym wywiadzie ameryka\u0144ski sekretarz stanu Rubio ponownie m\u00f3wi\u0142 konieczno\u015bci zastopowania masowej migracji, podkre\u015blaj\u0105c, \u017ce\u00a0jest to\u00a0przedsi\u0119wzi\u0119cie destrukcyjne&hellip;\n","protected":false},"author":2,"featured_media":167140,"comment_status":"","ping_status":"","sticky":false,"template":"","format":"standard","meta":{"footnotes":""},"categories":[14],"tags":[32,33,98,189,111,27,49,34,35,32964,28,31,160,25,102,40,41,80,32965,29,30,104,71,26,82,83,84],"class_list":{"0":"post-167139","1":"post","2":"type-post","3":"status-publish","4":"format-standard","5":"has-post-thumbnail","7":"category-swiat","8":"tag-breaking-news","9":"tag-breakingnews","10":"tag-dorzeczy","11":"tag-europa","12":"tag-grzegorz-grzymowicz","13":"tag-headlines","14":"tag-kraj","15":"tag-latest-news","16":"tag-latestnews","17":"tag-masowa-migracja","18":"tag-naglowki","19":"tag-najwazniejsze-artykuly","20":"tag-nato","21":"tag-news","22":"tag-opinie","23":"tag-polish","24":"tag-polski","25":"tag-swiat","26":"tag-tomasz-wroblewski","27":"tag-top-stories","28":"tag-topstories","29":"tag-unia-europejska","30":"tag-usa","31":"tag-wiadomosci","32":"tag-world","33":"tag-world-news","34":"tag-worldnews"},"share_on_mastodon":{"url":"https:\/\/pubeurope.com\/@pl\/115769561924094596","error":""},"_links":{"self":[{"href":"https:\/\/www.europesays.com\/pl\/wp-json\/wp\/v2\/posts\/167139","targetHints":{"allow":["GET"]}}],"collection":[{"href":"https:\/\/www.europesays.com\/pl\/wp-json\/wp\/v2\/posts"}],"about":[{"href":"https:\/\/www.europesays.com\/pl\/wp-json\/wp\/v2\/types\/post"}],"author":[{"embeddable":true,"href":"https:\/\/www.europesays.com\/pl\/wp-json\/wp\/v2\/users\/2"}],"replies":[{"embeddable":true,"href":"https:\/\/www.europesays.com\/pl\/wp-json\/wp\/v2\/comments?post=167139"}],"version-history":[{"count":0,"href":"https:\/\/www.europesays.com\/pl\/wp-json\/wp\/v2\/posts\/167139\/revisions"}],"wp:featuredmedia":[{"embeddable":true,"href":"https:\/\/www.europesays.com\/pl\/wp-json\/wp\/v2\/media\/167140"}],"wp:attachment":[{"href":"https:\/\/www.europesays.com\/pl\/wp-json\/wp\/v2\/media?parent=167139"}],"wp:term":[{"taxonomy":"category","embeddable":true,"href":"https:\/\/www.europesays.com\/pl\/wp-json\/wp\/v2\/categories?post=167139"},{"taxonomy":"post_tag","embeddable":true,"href":"https:\/\/www.europesays.com\/pl\/wp-json\/wp\/v2\/tags?post=167139"}],"curies":[{"name":"wp","href":"https:\/\/api.w.org\/{rel}","templated":true}]}}