{"id":167385,"date":"2025-12-23T17:36:11","date_gmt":"2025-12-23T17:36:11","guid":{"rendered":"https:\/\/www.europesays.com\/pl\/167385\/"},"modified":"2025-12-23T17:36:11","modified_gmt":"2025-12-23T17:36:11","slug":"tusk-chwali-sie-cenami-na-stacji-paliw-jest-reakcja-koncernu-bp","status":"publish","type":"post","link":"https:\/\/www.europesays.com\/pl\/167385\/","title":{"rendered":"Tusk chwali si\u0119 cenami na stacji paliw. Jest reakcja koncernu BP"},"content":{"rendered":"\n<p>&#13;<br \/>\nTusk zamie\u015bci\u0142 na\u00a0swoim koncie na\u00a0platformie X zdj\u0119cie, kt\u00f3re pokazuje ceny paliw z\u00a02022 roku oraz\u00a0z\u00a0grudnia 2025. Na\u00a0pierwszym wida\u0107 ceny si\u0119gaj\u0105ce 6,78 z\u0142 za\u00a0litr paliwa PB 95. Na\u00a0drugim, tegorocznym, ceny spad\u0142y do\u00a05,18 z\u0142 za\u00a0litr. &#13;\n<\/p>\n<p>&#13;<br \/>\n&#8222;Paliwo po\u00a05.18. Mog\u0119 by\u0107 winny grosika?&#8221; \u2013\u00a0napisa\u0142 szef rz\u0105du w\u00a0mediach spo\u0142eczno\u015bciowych w\u00a0komentarzu do\u00a0zdj\u0119cia, nawi\u0105zuj\u0105c tym samym do\u00a0swojej deklaracji z\u00a0czerwca 2022 roku. Przypomnijmy, \u017ce\u00a0Tusk deklarowa\u0142 wtedy, \u017ce\u00a0gdyby by\u0142 premierem &#8222;benzyna by\u0142aby po\u00a05,19 z\u0142&#8221;. &#13;\n<\/p>\n<p>Koncern rozwiewa w\u0105tpliwo\u015bci<\/p>\n<p>&#13;<br \/>\nPost szefa rz\u0105du wywo\u0142a\u0142 w\u00a0mediach spo\u0142eczno\u015bciowych burz\u0119. Cz\u0119\u015b\u0107 komentuj\u0105cych zarzuci\u0142a Tuskowi, \u017ce\u00a0pokazuje jedynie cen\u0119 na\u00a0okre\u015blonej stacji, a\u00a0nie w\u00a0skali kraju. Inni wr\u0119cz pisali o\u00a0manipulacji czy\u00a0ingerencji sztucznej inteligencji. Spekulacje przeci\u0105\u0142 koncern BP, kt\u00f3ry w\u00a0odpowiedzi na\u00a0pytania dziennikarzy wskaza\u0142, jaka cena benzyny rzeczywi\u015bcie obowi\u0105zywa\u0142a tego dnia. &#13;\n<\/p>\n<p>&#13;<br \/>\nBiuro prasowe BP wskaza\u0142o, \u017ce\u00a022 grudnia na\u00a0stacjach koncernu mi\u0119dzy innymi w\u00a0miejscowo\u015bci Lubieszyn &#8222;cena benzyny Pb95 wynosi\u0142a 5,14 z\u0142 za\u00a0litr&#8221;. &#8222;Dzie\u0144 wcze\u015bniej to\u00a0samo paliwo by\u0142o o\u00a04 grosze dro\u017csze i\u00a0kosztowa\u0142o 5,18 z\u0142 za\u00a0litr&#8221; \u2013\u00a0dodano. &#13;\n<\/p>\n<p>&#13;<br \/>\nSerwis money.pl przypomina, \u017ce\u00a0tak niskie ceny to\u00a0wyj\u0105tek, a\u00a0nie regu\u0142a. \u015arednia cena benzyny 95 wynosi 5,79 z\u0142 za\u00a0litr, a\u00a0oleju nap\u0119dowego \u2013\u00a06,17 z\u0142 za\u00a0litr. Autogaz podro\u017ca\u0142 o\u00a02 grosze i\u00a0kosztuje \u015brednio 2,64 z\u0142 za\u00a0litr. &#13;\n<\/p>\n<p>Akcja PiS<\/p>\n<p>&#13;<br \/>\nPost Tuska z\u00a0cen\u0105 benzyny pojawi\u0142 si\u0119 w\u00a0momencie, kiedy <a href=\"https:\/\/dorzeczy.pl\/opinie\/823172\/drogie-swieta-nowa-akcja-pis.html\" rel=\"nofollow noopener\" target=\"_blank\">Prawo i\u00a0Sprawiedliwo\u015b\u0107 rozpocz\u0119\u0142o akcj\u0119 #DrogieSwieta<\/a>. Na\u00a0profilach polityk\u00f3w partii pojawi\u0142y si\u0119 wpis atakuj\u0105ce rz\u0105d za\u00a0obecn\u0105 sytuacj\u0119 gospodarcz\u0105 w\u00a0kraju. &#13;\n<\/p>\n<p>&#13;<br \/>\n&#8222;Dro\u017cyzna! Prawie 70 procent Polak\u00f3w w\u00a0tym roku ograniczy swoje wydatki \u015bwi\u0105teczne z\u00a0uwagi na\u00a0wzrastaj\u0105ce koszty \u017cycia. Polacy m\u00f3wi\u0105: sta\u0107 nas na\u00a0mniej. Zbli\u017caj\u0105 si\u0119 #Drogie\u015awi\u0119ta My\u015blicie, \u017ce\u00a0Tusk i\u00a0jego ludzie zastanawiaj\u0105 si\u0119 nad tym?&#8221; \u2013\u00a0napisa\u0142 prezes ugrupowania Jaros\u0142aw Kaczy\u0144ski. &#13;\n<\/p>\n<p>&#13;<br \/>\nCzytaj te\u017c:<br \/><a href=\"https:\/\/dorzeczy.pl\/opinie\/823568\/obietnica-cen-paliwa-tusk-zamiescil-tryumfalny-wpis.html\" rel=\"follow nofollow noopener\" data-schema=\"DORZECZY\" data-image=\"https:\/\/img.dorzeczy.pl\/_thumb\/94\/c1\/c9e8377fe3cdbab4d001132bc9f9.jpeg\" target=\"_blank\">Tusk dowi\u00f3z\u0142 obietnic\u0119 dot. paliwa? Pod jego wpisem wybuch\u0142a burza<\/a>Czytaj te\u017c:<br \/><a href=\"https:\/\/dorzeczy.pl\/ekonomia\/822425\/tansze-paliwo-w-polsce-nowa-prognoza-ceny-benzyny-przed-swietami-w-dol.html\" rel=\"follow nofollow noopener\" data-schema=\"DORZECZY\" data-image=\"https:\/\/img.dorzeczy.pl\/_thumb\/8e\/f0\/853e709a09d7513c741bce78c52d.jpeg\" target=\"_blank\">Ta\u0144sza benzyna przed \u015bwi\u0119tami. Tyle mo\u017cemy zap\u0142aci\u0107<\/a>&#13;<\/p>\n","protected":false},"excerpt":{"rendered":"&#13; Tusk zamie\u015bci\u0142 na\u00a0swoim koncie na\u00a0platformie X zdj\u0119cie, kt\u00f3re pokazuje ceny paliw z\u00a02022 roku oraz\u00a0z\u00a0grudnia 2025. Na\u00a0pierwszym wida\u0107&hellip;\n","protected":false},"author":2,"featured_media":167386,"comment_status":"","ping_status":"","sticky":false,"template":"","format":"standard","meta":{"footnotes":"","_share_on_mastodon":"0"},"categories":[5],"tags":[33018,32,33,2834,98,36,37,27,11021,49,34,35,601,28,31,25,102,17797,42,38,40,39,41,29,30,99,26],"class_list":["post-167385","post","type-post","status-publish","format-standard","has-post-thumbnail","category-naglowki","tag-bp","tag-breaking-news","tag-breakingnews","tag-ceny","tag-dorzeczy","tag-featured-news","tag-featurednews","tag-headlines","tag-koncern","tag-kraj","tag-latest-news","tag-latestnews","tag-marcin-bugaj","tag-naglowki","tag-najwazniejsze-artykuly","tag-news","tag-opinie","tag-paliwa","tag-pl","tag-poland","tag-polish","tag-polska","tag-polski","tag-top-stories","tag-topstories","tag-tusk","tag-wiadomosci"],"share_on_mastodon":{"url":"https:\/\/pubeurope.com\/@pl\/115770096783427442","error":""},"_links":{"self":[{"href":"https:\/\/www.europesays.com\/pl\/wp-json\/wp\/v2\/posts\/167385","targetHints":{"allow":["GET"]}}],"collection":[{"href":"https:\/\/www.europesays.com\/pl\/wp-json\/wp\/v2\/posts"}],"about":[{"href":"https:\/\/www.europesays.com\/pl\/wp-json\/wp\/v2\/types\/post"}],"author":[{"embeddable":true,"href":"https:\/\/www.europesays.com\/pl\/wp-json\/wp\/v2\/users\/2"}],"replies":[{"embeddable":true,"href":"https:\/\/www.europesays.com\/pl\/wp-json\/wp\/v2\/comments?post=167385"}],"version-history":[{"count":0,"href":"https:\/\/www.europesays.com\/pl\/wp-json\/wp\/v2\/posts\/167385\/revisions"}],"wp:featuredmedia":[{"embeddable":true,"href":"https:\/\/www.europesays.com\/pl\/wp-json\/wp\/v2\/media\/167386"}],"wp:attachment":[{"href":"https:\/\/www.europesays.com\/pl\/wp-json\/wp\/v2\/media?parent=167385"}],"wp:term":[{"taxonomy":"category","embeddable":true,"href":"https:\/\/www.europesays.com\/pl\/wp-json\/wp\/v2\/categories?post=167385"},{"taxonomy":"post_tag","embeddable":true,"href":"https:\/\/www.europesays.com\/pl\/wp-json\/wp\/v2\/tags?post=167385"}],"curies":[{"name":"wp","href":"https:\/\/api.w.org\/{rel}","templated":true}]}}