{"id":167421,"date":"2025-12-23T17:57:10","date_gmt":"2025-12-23T17:57:10","guid":{"rendered":"https:\/\/www.europesays.com\/pl\/167421\/"},"modified":"2025-12-23T17:57:10","modified_gmt":"2025-12-23T17:57:10","slug":"uprowadzil-syna-bylej-partnerki-uslyszal-zarzut-usilowania-zabojstwa","status":"publish","type":"post","link":"https:\/\/www.europesays.com\/pl\/167421\/","title":{"rendered":"Uprowadzi\u0142 syna by\u0142ej partnerki. Us\u0142ysza\u0142 zarzut usi\u0142owania zab\u00f3jstwa"},"content":{"rendered":"<p>W niedziel\u0119, po k\u0142\u00f3tni z\u00a0by\u0142\u0105 partnerk\u0105 36-letni obywatel Ukrainy uprowadzi\u0142 jej 9-letniego syna. Przez kilka godzin przetrzymywa\u0142 dziecko na terenach zielonych przy ul. Obrazkowej w\u00a0Warszawie. Policjanci prowadzili z\u00a0nim negocjacje, ostatecznie odebrali ch\u0142opca m\u0119\u017cczy\u017anie. Ten jednak w\u00a0ostatniej chwili mia\u0142 zaatakowa\u0107 9-latka. Ch\u0142opiec w\u00a0stanie ci\u0119\u017ckim trafi\u0142 do szpitala.<\/p>\n<p>Karolina Gilon wspomina OSTR\u0104 wymian\u0119 zda\u0144 z\u00a0Edwardem Miszczakiem: &#8222;Ja go\u00a0lubi\u0142am. (&#8230;) \u017bA\u0141UJ\u0118 tej naszej przepychanki&#8221; (WIDEO) <\/p>\n<p>Z zarzut\u00f3w przedstawionych przez prokuratur\u0119 wynika, \u017ce m\u0119\u017cczyzna ma odpowiada\u0107 za usi\u0142owanie zab\u00f3jstwa 9-latka, a\u00a0tak\u017ce za wzi\u0119cie zak\u0142adnika i\u00a0przetrzymywanie go ze szczeg\u00f3lnym udr\u0119czeniem &#8211;\u00a0informuje rmf24.pl<\/p>\n<p>Ukrainiec jest te\u017c podejrzany o\u00a0gro\u017aby karalne i\u00a0spowodowanie uszkodze\u0144 cia\u0142a innej osoby, a\u00a0tak\u017ce o\u00a0zniszczenie mienia. <\/p>\n<p>Podczas przes\u0142uchania m\u0119\u017cczyzna odm\u00f3wi\u0142 odniesienia si\u0119 do przedstawionych mu zarzut\u00f3w. Odm\u00f3wi\u0142 te\u017c sk\u0142adania wyja\u015bnie\u0144.<\/p>\n<p>Grozi mu do\u017cywocie. Prokuratura z\u0142o\u017cy\u0142a ju\u017c wniosek o\u00a0tymczasowy areszt.<\/p>\n","protected":false},"excerpt":{"rendered":"W niedziel\u0119, po k\u0142\u00f3tni z\u00a0by\u0142\u0105 partnerk\u0105 36-letni obywatel Ukrainy uprowadzi\u0142 jej 9-letniego syna. Przez kilka godzin przetrzymywa\u0142 dziecko&hellip;\n","protected":false},"author":2,"featured_media":167422,"comment_status":"","ping_status":"","sticky":false,"template":"","format":"standard","meta":{"footnotes":""},"categories":[5],"tags":[32,33,36,37,27,34,35,28,31,25,42,38,40,39,41,29,30,26],"class_list":{"0":"post-167421","1":"post","2":"type-post","3":"status-publish","4":"format-standard","5":"has-post-thumbnail","7":"category-naglowki","8":"tag-breaking-news","9":"tag-breakingnews","10":"tag-featured-news","11":"tag-featurednews","12":"tag-headlines","13":"tag-latest-news","14":"tag-latestnews","15":"tag-naglowki","16":"tag-najwazniejsze-artykuly","17":"tag-news","18":"tag-pl","19":"tag-poland","20":"tag-polish","21":"tag-polska","22":"tag-polski","23":"tag-top-stories","24":"tag-topstories","25":"tag-wiadomosci"},"share_on_mastodon":{"url":"https:\/\/pubeurope.com\/@pl\/115770179313138018","error":""},"_links":{"self":[{"href":"https:\/\/www.europesays.com\/pl\/wp-json\/wp\/v2\/posts\/167421","targetHints":{"allow":["GET"]}}],"collection":[{"href":"https:\/\/www.europesays.com\/pl\/wp-json\/wp\/v2\/posts"}],"about":[{"href":"https:\/\/www.europesays.com\/pl\/wp-json\/wp\/v2\/types\/post"}],"author":[{"embeddable":true,"href":"https:\/\/www.europesays.com\/pl\/wp-json\/wp\/v2\/users\/2"}],"replies":[{"embeddable":true,"href":"https:\/\/www.europesays.com\/pl\/wp-json\/wp\/v2\/comments?post=167421"}],"version-history":[{"count":0,"href":"https:\/\/www.europesays.com\/pl\/wp-json\/wp\/v2\/posts\/167421\/revisions"}],"wp:featuredmedia":[{"embeddable":true,"href":"https:\/\/www.europesays.com\/pl\/wp-json\/wp\/v2\/media\/167422"}],"wp:attachment":[{"href":"https:\/\/www.europesays.com\/pl\/wp-json\/wp\/v2\/media?parent=167421"}],"wp:term":[{"taxonomy":"category","embeddable":true,"href":"https:\/\/www.europesays.com\/pl\/wp-json\/wp\/v2\/categories?post=167421"},{"taxonomy":"post_tag","embeddable":true,"href":"https:\/\/www.europesays.com\/pl\/wp-json\/wp\/v2\/tags?post=167421"}],"curies":[{"name":"wp","href":"https:\/\/api.w.org\/{rel}","templated":true}]}}